{"id":113031,"date":"2024-04-05T19:31:36","date_gmt":"2024-04-05T22:31:36","guid":{"rendered":"https:\/\/cdnoticias.com\/?p=113031"},"modified":"2024-04-05T19:31:38","modified_gmt":"2024-04-05T22:31:38","slug":"actividades-y-propuestas-en-la-biblioteca-popular-armando-collinet","status":"publish","type":"post","link":"https:\/\/cdnoticias.com\/index.php\/2024\/04\/05\/actividades-y-propuestas-en-la-biblioteca-popular-armando-collinet\/","title":{"rendered":"Actividades y propuestas en la Biblioteca Popular Armando Collinet"},"content":{"rendered":"\n<p>El espacio se encuentra abierto de lunes a viernes de 14 a 18 horas.<\/p>\n\n\n\n<hr class=\"wp-block-separator aligncenter has-alpha-channel-opacity\"\/>\n\n\n\n<p>La <strong>Biblioteca Popular Armando Collinet<\/strong>, con sede en calle <strong>Alsina 2659<\/strong>, brinda diversas propuestas y actividades a vecinos y vecinas de Olavarr\u00eda y las localidades.<\/p>\n\n\n\n<p><\/p>\n\n\n\n<p>El horario de atenci\u00f3n es de <strong>14 a 18 horas <\/strong>y desde el espacio, se ofrece <strong>material de estudio y varios g\u00e9neros literarios<\/strong> para disfrutar de momentos de lectura.<\/p>\n\n\n\n<p><\/p>\n\n\n\n<p>Asimismo, <a href=\"https:\/\/cdnoticias.com\/index.php\/2024\/03\/30\/la-biblioteca-popular-armando-collinet-ofrecera-talleres-y-seminarios\/\" target=\"_blank\" rel=\"noreferrer noopener\">ofrece diferentes talleres y seminarios<\/a> destinados al p\u00fablico en general. Cabe mencionar que en este caso, los <strong>cupos son limitados,<\/strong> por lo que se requiere inscripci\u00f3n previa.<\/p>\n\n\n\n<p><\/p>\n\n\n\n<p>Por otro lado, cuenta con instalaciones para estudiar y la posibilidad para que instituciones educativas de Olavarr\u00eda y las localidades, puedan llevar adelante<strong> visitas guiadas.<\/strong><\/p>\n\n\n\n<p><\/p>\n\n\n\n<p>En este sentido, se requiere de previa organizaci\u00f3n y coordinaci\u00f3n. A la par, tambi\u00e9n ofrece servicio de fotocopiado, anillado y plastificado.<\/p>\n\n\n\n<p><\/p>\n\n\n\n<p>Para m\u00e1s informaci\u00f3n comunicarse a trav\u00e9s de los siguientes medios:<\/p>\n\n\n\n<p>WhatsApp: 2284 545589<\/p>\n\n\n\n<p>Tel\u00e9fono: 2284 &#8211; 418654<\/p>\n\n\n\n<p>Facebook: Biblioteca Popular Armando Collinet<\/p>\n\n\n\n<p>Instagram: biblio_armando_collinet<\/p>\n\n\n\n<p>Correo electr\u00f3nico: biblioarmandocollinet@hotmail.com.<\/p>\n","protected":false},"excerpt":{"rendered":"<p>El espacio se encuentra abierto de lunes a viernes de 14 a 18 horas. La Biblioteca Popular Armando Collinet, con<\/p>\n","protected":false},"author":6,"featured_media":113032,"comment_status":"closed","ping_status":"closed","sticky":false,"template":"","format":"standard","meta":{"_jetpack_memberships_contains_paid_content":false,"footnotes":""},"categories":[9,1],"tags":[],"class_list":["post-113031","post","type-post","status-publish","format-standard","has-post-thumbnail","hentry","category-cultura","category-portada"],"jetpack_featured_media_url":"https:\/\/i0.wp.com\/cdnoticias.com\/wp-content\/uploads\/2024\/04\/biblio-armando-collinet.jpg?fit=900%2C506&ssl=1","jetpack_sharing_enabled":true,"_links":{"self":[{"href":"https:\/\/cdnoticias.com\/index.php\/wp-json\/wp\/v2\/posts\/113031","targetHints":{"allow":["GET"]}}],"collection":[{"href":"https:\/\/cdnoticias.com\/index.php\/wp-json\/wp\/v2\/posts"}],"about":[{"href":"https:\/\/cdnoticias.com\/index.php\/wp-json\/wp\/v2\/types\/post"}],"author":[{"embeddable":true,"href":"https:\/\/cdnoticias.com\/index.php\/wp-json\/wp\/v2\/users\/6"}],"replies":[{"embeddable":true,"href":"https:\/\/cdnoticias.com\/index.php\/wp-json\/wp\/v2\/comments?post=113031"}],"version-history":[{"count":0,"href":"https:\/\/cdnoticias.com\/index.php\/wp-json\/wp\/v2\/posts\/113031\/revisions"}],"wp:featuredmedia":[{"embeddable":true,"href":"https:\/\/cdnoticias.com\/index.php\/wp-json\/wp\/v2\/media\/113032"}],"wp:attachment":[{"href":"https:\/\/cdnoticias.com\/index.php\/wp-json\/wp\/v2\/media?parent=113031"}],"wp:term":[{"taxonomy":"category","embeddable":true,"href":"https:\/\/cdnoticias.com\/index.php\/wp-json\/wp\/v2\/categories?post=113031"},{"taxonomy":"post_tag","embeddable":true,"href":"https:\/\/cdnoticias.com\/index.php\/wp-json\/wp\/v2\/tags?post=113031"}],"curies":[{"name":"wp","href":"https:\/\/api.w.org\/{rel}","templated":true}]}}