{"id":11303,"date":"2021-01-13T09:26:50","date_gmt":"2021-01-13T12:26:50","guid":{"rendered":"http:\/\/www.centraldenoticias.com.ar\/?p=11303"},"modified":"2021-01-13T09:26:50","modified_gmt":"2021-01-13T12:26:50","slug":"un-camion-arranco-un-cableado-en-sierras-bayas","status":"publish","type":"post","link":"https:\/\/cdnoticias.com\/index.php\/2021\/01\/13\/un-camion-arranco-un-cableado-en-sierras-bayas\/","title":{"rendered":"Un cami\u00f3n arranc\u00f3 un cableado en Sierras Bayas"},"content":{"rendered":"<p>Fue en la tarde del martes a metros del acceso. El tendido, de fibra \u00f3ptica, ya presentaba da\u00f1os en los postes por una tormenta y estaba en reparaci\u00f3n.<!--more--><\/p>\n<hr \/>\n<p><strong>Un cami\u00f3n que transitaba por el acceso a la localidad de Sierras Bayas arranc\u00f3 un cableado que estaba en reparaci\u00f3n.<\/strong><\/p>\n<p>Seg\u00fan se pudo saber, fue en la tarde del martes y el da\u00f1o alcanz\u00f3 al <strong>tendido de fibra \u00f3ptica que estaba en arregl<\/strong>o desde hace pocos d\u00edas en la entrada a la localidad, a metros de la rotonda a la que se accede desde la ruta 226.<\/p>\n<p><img data-recalc-dims=\"1\" loading=\"lazy\" decoding=\"async\" class=\"aligncenter wp-image-11302 size-full\" src=\"https:\/\/i0.wp.com\/cdnoticias.com\/wp-content\/uploads\/2021\/01\/sierras-bayas-cable-caido800.jpg?resize=800%2C894&#038;ssl=1\" alt=\"\" width=\"800\" height=\"894\" srcset=\"https:\/\/i0.wp.com\/cdnoticias.com\/wp-content\/uploads\/2021\/01\/sierras-bayas-cable-caido800.jpg?w=800&amp;ssl=1 800w, https:\/\/i0.wp.com\/cdnoticias.com\/wp-content\/uploads\/2021\/01\/sierras-bayas-cable-caido800.jpg?resize=268%2C300&amp;ssl=1 268w, https:\/\/i0.wp.com\/cdnoticias.com\/wp-content\/uploads\/2021\/01\/sierras-bayas-cable-caido800.jpg?resize=768%2C858&amp;ssl=1 768w\" sizes=\"auto, (max-width: 800px) 100vw, 800px\" \/><\/p>\n<p>Es que en la \u00faltima tormenta de viento, <strong>los postes del tendido se hab\u00edan torcido<\/strong> y dejaron el cableado a una altura menor a la habitual. Las reparaciones buscaban devolver el sistema a su lugar.<\/p>\n<p>No obstante, uno de los camiones que pas\u00f3 el martes por el lugar enganch\u00f3 los cables y termin\u00f3 por arrancarlos del tendido.<\/p>\n","protected":false},"excerpt":{"rendered":"<p>Fue en la tarde del martes a metros del acceso. El tendido, de fibra \u00f3ptica, ya presentaba da\u00f1os en los<\/p>\n","protected":false},"author":4,"featured_media":11301,"comment_status":"closed","ping_status":"closed","sticky":false,"template":"","format":"standard","meta":{"_jetpack_memberships_contains_paid_content":false,"footnotes":""},"categories":[5,1],"tags":[],"class_list":["post-11303","post","type-post","status-publish","format-standard","has-post-thumbnail","hentry","category-informacion-general","category-portada"],"jetpack_featured_media_url":"https:\/\/i0.wp.com\/cdnoticias.com\/wp-content\/uploads\/2021\/01\/sierras-bayas-800x445.jpg?fit=1137%2C633&ssl=1","jetpack_sharing_enabled":true,"_links":{"self":[{"href":"https:\/\/cdnoticias.com\/index.php\/wp-json\/wp\/v2\/posts\/11303","targetHints":{"allow":["GET"]}}],"collection":[{"href":"https:\/\/cdnoticias.com\/index.php\/wp-json\/wp\/v2\/posts"}],"about":[{"href":"https:\/\/cdnoticias.com\/index.php\/wp-json\/wp\/v2\/types\/post"}],"author":[{"embeddable":true,"href":"https:\/\/cdnoticias.com\/index.php\/wp-json\/wp\/v2\/users\/4"}],"replies":[{"embeddable":true,"href":"https:\/\/cdnoticias.com\/index.php\/wp-json\/wp\/v2\/comments?post=11303"}],"version-history":[{"count":0,"href":"https:\/\/cdnoticias.com\/index.php\/wp-json\/wp\/v2\/posts\/11303\/revisions"}],"wp:featuredmedia":[{"embeddable":true,"href":"https:\/\/cdnoticias.com\/index.php\/wp-json\/wp\/v2\/media\/11301"}],"wp:attachment":[{"href":"https:\/\/cdnoticias.com\/index.php\/wp-json\/wp\/v2\/media?parent=11303"}],"wp:term":[{"taxonomy":"category","embeddable":true,"href":"https:\/\/cdnoticias.com\/index.php\/wp-json\/wp\/v2\/categories?post=11303"},{"taxonomy":"post_tag","embeddable":true,"href":"https:\/\/cdnoticias.com\/index.php\/wp-json\/wp\/v2\/tags?post=11303"}],"curies":[{"name":"wp","href":"https:\/\/api.w.org\/{rel}","templated":true}]}}