{"id":112999,"date":"2024-04-06T09:33:19","date_gmt":"2024-04-06T12:33:19","guid":{"rendered":"https:\/\/cdnoticias.com\/?p=112999"},"modified":"2024-04-06T17:26:02","modified_gmt":"2024-04-06T20:26:02","slug":"es-un-espacio-con-mucho-sentido-para-las-familias-y-las-infancias-en-olavarria","status":"publish","type":"post","link":"https:\/\/cdnoticias.com\/index.php\/2024\/04\/06\/es-un-espacio-con-mucho-sentido-para-las-familias-y-las-infancias-en-olavarria\/","title":{"rendered":"\u201cEs un espacio con mucho sentido para las familias y las infancias en Olavarr\u00eda\u201d"},"content":{"rendered":"<p>La Biblioteca &#8220;Del otro lado del \u00e1rbol&#8221; celebrar\u00e1 sus 12 a\u00f1os este s\u00e1bado en su sede del parque Helios Eseverri con espect\u00e1culos para toda la familia. Un espacio para la lectura y los encuentros colectivos.<\/p>\n<p><!--more--><\/p>\n<hr \/>\n<p>La <strong>Biblioteca Popular \u201cDel otro lado del \u00e1rbol\u201d<\/strong> celebrar\u00e1 sus <strong>12 a\u00f1os<\/strong> con un festejo en su sede del<strong> parque Helios Eseverri.<\/strong><\/p>\n<p>Ser\u00e1 este <strong>s\u00e1bado 6 de abril<\/strong> a las<strong> 14.30<\/strong> con propuestas culturales para toda la familia.<\/p>\n<p><strong>Muruya y Nacho Rey<\/strong> llegar\u00e1n desde Mar del Plata con dos <strong>espect\u00e1culos<\/strong> imperdibles: <strong>&#8220;Mam\u00e1 Pulpo&#8221; y &#8220;El Naides&#8221;.<\/strong><\/p>\n<p>Adem\u00e1s, habr\u00e1 servido de buffet para colaborar con el proyecto. Los asistentes podr\u00e1n llevar mate, reposeras y lonas para disfrutar del festejo de cumplea\u00f1os.<\/p>\n<p><img data-recalc-dims=\"1\" loading=\"lazy\" decoding=\"async\" class=\"size-full wp-image-62539 aligncenter\" src=\"https:\/\/i0.wp.com\/cdnoticias.com\/wp-content\/uploads\/2022\/08\/biblio-del-otro-lado-del-arbol.jpg?resize=800%2C530&#038;ssl=1\" alt=\"\" width=\"800\" height=\"530\" srcset=\"https:\/\/i0.wp.com\/cdnoticias.com\/wp-content\/uploads\/2022\/08\/biblio-del-otro-lado-del-arbol.jpg?w=2048&amp;ssl=1 2048w, https:\/\/i0.wp.com\/cdnoticias.com\/wp-content\/uploads\/2022\/08\/biblio-del-otro-lado-del-arbol.jpg?resize=300%2C199&amp;ssl=1 300w, https:\/\/i0.wp.com\/cdnoticias.com\/wp-content\/uploads\/2022\/08\/biblio-del-otro-lado-del-arbol.jpg?resize=1024%2C678&amp;ssl=1 1024w, https:\/\/i0.wp.com\/cdnoticias.com\/wp-content\/uploads\/2022\/08\/biblio-del-otro-lado-del-arbol.jpg?resize=768%2C509&amp;ssl=1 768w, https:\/\/i0.wp.com\/cdnoticias.com\/wp-content\/uploads\/2022\/08\/biblio-del-otro-lado-del-arbol.jpg?resize=1536%2C1017&amp;ssl=1 1536w, https:\/\/i0.wp.com\/cdnoticias.com\/wp-content\/uploads\/2022\/08\/biblio-del-otro-lado-del-arbol.jpg?w=1600&amp;ssl=1 1600w\" sizes=\"auto, (max-width: 800px) 100vw, 800px\" \/><\/p>\n<p><em>Central de Noticias<\/em> dialog\u00f3 con <strong>Andrea Fern\u00e1ndez,<\/strong> integrante de la sede local, quien cont\u00f3 detalles de la previa al cumplea\u00f1os: &#8220;Estamos celebrando el a\u00f1o n\u00famero 12 de trabajo colectivo en Olavarr\u00eda. Estamos muy contentos de haber podido sostener este proyecto a lo largo de 12 a\u00f1os que sigue creciendo. Tambi\u00e9n ha sido dif\u00edcil, sobre todo despu\u00e9s de los temporales del verano que casi no hemos tenido descanso&#8221;.<\/p>\n<p>Sobre el temporal indic\u00f3 que <strong>\u201cnuestro sector fue uno de los m\u00e1s afectados por las tormentas en el verano.<\/strong> Fue devastador ver c\u00f3mo hab\u00eda quedado todo el entorno, cayeron \u00e1rboles sobre la biblioteca que ya los pudimos reparar. Por suerte en el interior de la biblioteca no hubo da\u00f1os mayores pero si el entorno de sector de juegos y de parques\u201d.<\/p>\n<p>Adem\u00e1s, Fern\u00e1ndez <strong>agradeci\u00f3 al Municipio<\/strong> quienes \u201c<em><strong>nos acompa\u00f1aron con las tareas de limpieza y mantenimiento del parque que hizo posible que pudi\u00e9ramos volver a trabajar\u201d.<\/strong><\/em><\/p>\n<blockquote><p>&#8220;Siempre el balance es muy positivo porque elegimos quedarnos con lo cotidiano, lo simple. Eso nos muestra que este es el camino, que estos espacios son necesarios, que construyen, que suman, que las ni\u00f1as y ni\u00f1os nos elijen, que las familias nos elijen y eso nos da m\u00e1s ganas de seguir&#8221; resalt\u00f3.<\/p><\/blockquote>\n<p><img data-recalc-dims=\"1\" loading=\"lazy\" decoding=\"async\" class=\"size-full wp-image-111592 aligncenter\" src=\"https:\/\/i0.wp.com\/cdnoticias.com\/wp-content\/uploads\/2024\/03\/wesner-biblio2.jpg?resize=800%2C533&#038;ssl=1\" alt=\"\" width=\"800\" height=\"533\" srcset=\"https:\/\/i0.wp.com\/cdnoticias.com\/wp-content\/uploads\/2024\/03\/wesner-biblio2.jpg?w=1000&amp;ssl=1 1000w, https:\/\/i0.wp.com\/cdnoticias.com\/wp-content\/uploads\/2024\/03\/wesner-biblio2.jpg?resize=300%2C200&amp;ssl=1 300w, https:\/\/i0.wp.com\/cdnoticias.com\/wp-content\/uploads\/2024\/03\/wesner-biblio2.jpg?resize=768%2C511&amp;ssl=1 768w, https:\/\/i0.wp.com\/cdnoticias.com\/wp-content\/uploads\/2024\/03\/wesner-biblio2.jpg?resize=272%2C182&amp;ssl=1 272w\" sizes=\"auto, (max-width: 800px) 100vw, 800px\" \/><\/p>\n<p>Sobre las propuestas en este nuevo cumplea\u00f1os, Andrea cont\u00f3 que &#8220;vienen dos propuestas culturales de Mar del Plata que han venido en otras oportunidades. Son una ONG y nuclean artistas de circo&#8221;.<\/p>\n<p>&#8220;Estamos muy contentos de poder <strong>ofrecer estas propuestas en el parque p\u00fablico de Olavarr\u00eda<\/strong> porque muchas familias no tienen la posibilidad de viajar a Mar del Plata. Es una oportunidad hermosa para que las puedan ver y ofrecer la posibilidad de <strong>acceder a la cultura<\/strong> desde un espacio como el nuestro&#8221; agreg\u00f3.<\/p>\n<p>Andrea sostuvo que &#8220;l<strong>a biblioteca sigue creciendo. Llegan familias nuevas todo el tiempo. <\/strong>Hay mucha gente que todav\u00eda no conoce la existencia de la biblioteca pero van llegando. <strong>Hay una demanda y un inter\u00e9s,<\/strong> no solo por lo que son los espacios de lectura, si no tambi\u00e9n que <strong>vuelven a tomar sentido estos espacios de encuentro colectivo<\/strong>, mas all\u00e1 de la posibilidad de asociarse y llevarse libros&#8221;.<\/p>\n<p><img data-recalc-dims=\"1\" loading=\"lazy\" decoding=\"async\" class=\"size-full wp-image-113136 aligncenter\" src=\"https:\/\/i0.wp.com\/cdnoticias.com\/wp-content\/uploads\/2024\/04\/biblio-del-otro-lado-cumpleanos.webp?resize=768%2C576&#038;ssl=1\" alt=\"\" width=\"768\" height=\"576\" srcset=\"https:\/\/i0.wp.com\/cdnoticias.com\/wp-content\/uploads\/2024\/04\/biblio-del-otro-lado-cumpleanos.webp?w=768&amp;ssl=1 768w, https:\/\/i0.wp.com\/cdnoticias.com\/wp-content\/uploads\/2024\/04\/biblio-del-otro-lado-cumpleanos.webp?resize=300%2C225&amp;ssl=1 300w\" sizes=\"auto, (max-width: 768px) 100vw, 768px\" \/><\/p>\n<blockquote><p>Por \u00faltimo, Fern\u00e1ndez reflexion\u00f3 sobre un nuevo aniversario y remarc\u00f3 que &#8220;crece mucho la b\u00fasqueda de lugares que se resignifican, lugares donde nos podemos contener, acompa\u00f1ar con otros y hacer mas ameno y m\u00e1s llevadero las situaciones que nos tocan transitar. Es un espacio que crece en lo cultural porque, es un espacio con mucho sentido para las familias y las infancias en Olavarr\u00eda&#8221;.<\/p><\/blockquote>\n<p><em>&#8220;Sentimos que estamos muy reconocidos por la comunidad y estamos muy agradecidos por eso&#8221;<\/em> cerr\u00f3 Fern\u00e1ndez.<\/p>\n","protected":false},"excerpt":{"rendered":"<p>La Biblioteca &#8220;Del otro lado del \u00e1rbol&#8221; celebrar\u00e1 sus 12 a\u00f1os este s\u00e1bado en su sede del parque Helios Eseverri<\/p>\n","protected":false},"author":4,"featured_media":113000,"comment_status":"closed","ping_status":"closed","sticky":false,"template":"","format":"standard","meta":{"_jetpack_memberships_contains_paid_content":false,"footnotes":""},"categories":[9,1],"tags":[],"class_list":["post-112999","post","type-post","status-publish","format-standard","has-post-thumbnail","hentry","category-cultura","category-portada"],"jetpack_featured_media_url":"https:\/\/i0.wp.com\/cdnoticias.com\/wp-content\/uploads\/2024\/04\/biblioteca-del-otro-lado-del-arbol-aniversario-12.jpg?fit=800%2C445&ssl=1","jetpack_sharing_enabled":true,"_links":{"self":[{"href":"https:\/\/cdnoticias.com\/index.php\/wp-json\/wp\/v2\/posts\/112999","targetHints":{"allow":["GET"]}}],"collection":[{"href":"https:\/\/cdnoticias.com\/index.php\/wp-json\/wp\/v2\/posts"}],"about":[{"href":"https:\/\/cdnoticias.com\/index.php\/wp-json\/wp\/v2\/types\/post"}],"author":[{"embeddable":true,"href":"https:\/\/cdnoticias.com\/index.php\/wp-json\/wp\/v2\/users\/4"}],"replies":[{"embeddable":true,"href":"https:\/\/cdnoticias.com\/index.php\/wp-json\/wp\/v2\/comments?post=112999"}],"version-history":[{"count":0,"href":"https:\/\/cdnoticias.com\/index.php\/wp-json\/wp\/v2\/posts\/112999\/revisions"}],"wp:featuredmedia":[{"embeddable":true,"href":"https:\/\/cdnoticias.com\/index.php\/wp-json\/wp\/v2\/media\/113000"}],"wp:attachment":[{"href":"https:\/\/cdnoticias.com\/index.php\/wp-json\/wp\/v2\/media?parent=112999"}],"wp:term":[{"taxonomy":"category","embeddable":true,"href":"https:\/\/cdnoticias.com\/index.php\/wp-json\/wp\/v2\/categories?post=112999"},{"taxonomy":"post_tag","embeddable":true,"href":"https:\/\/cdnoticias.com\/index.php\/wp-json\/wp\/v2\/tags?post=112999"}],"curies":[{"name":"wp","href":"https:\/\/api.w.org\/{rel}","templated":true}]}}