{"id":112981,"date":"2024-04-03T20:35:25","date_gmt":"2024-04-03T23:35:25","guid":{"rendered":"https:\/\/cdnoticias.com\/?p=112981"},"modified":"2024-04-03T20:35:28","modified_gmt":"2024-04-03T23:35:28","slug":"el-subsecretario-de-educacion-bonaerense-pablo-urquiza-estuvo-en-olavarria","status":"publish","type":"post","link":"https:\/\/cdnoticias.com\/index.php\/2024\/04\/03\/el-subsecretario-de-educacion-bonaerense-pablo-urquiza-estuvo-en-olavarria\/","title":{"rendered":"El Subsecretario de Educaci\u00f3n bonaerense Pablo Urquiza estuvo en Olavarr\u00eda"},"content":{"rendered":"\n<p>Fue recibido por el intendente Wesner. Recorrieron varias instituciones afectadas por los temporales de diciembre, entre ellas la Secundaria N\u00b06, ex Nacional. El detalle de las obras.<\/p>\n\n\n\n<hr class=\"wp-block-separator aligncenter has-alpha-channel-opacity\"\/>\n\n\n\n<p>El intendente <strong>Maximiliano Wesner recibi\u00f3 este mi\u00e9rcoles al subsecretario de Educaci\u00f3n de la provincia de Buenos Aires Pablo Urquiza, en el marco de encuentros de trabajo y recorrida por obras en establecimientos educativos que fueron afectados en los temporales de diciembre.<\/strong><\/p>\n\n\n\n<p>Primeramente<strong>, mantuvieron una reuni\u00f3n de trabajo en la Sala de Reuniones del Palacio San Mart\u00edn<\/strong>, de la cual tambi\u00e9n particip\u00f3 la jefa de Gabinete del Municipio Mercedes Land\u00edvar, donde abordaron la situaci\u00f3n de nuestro distrito en materia de infraestructura educativa.<\/p>\n\n\n\n<figure class=\"wp-block-image size-large\"><img data-recalc-dims=\"1\" loading=\"lazy\" decoding=\"async\" width=\"800\" height=\"532\" src=\"https:\/\/i0.wp.com\/cdnoticias.com\/wp-content\/uploads\/2024\/04\/Visita-Pablo-Urquiza-1.jpg?resize=800%2C532&#038;ssl=1\" alt=\"\" class=\"wp-image-112971\" srcset=\"https:\/\/i0.wp.com\/cdnoticias.com\/wp-content\/uploads\/2024\/04\/Visita-Pablo-Urquiza-1.jpg?resize=1024%2C681&amp;ssl=1 1024w, https:\/\/i0.wp.com\/cdnoticias.com\/wp-content\/uploads\/2024\/04\/Visita-Pablo-Urquiza-1.jpg?resize=300%2C200&amp;ssl=1 300w, https:\/\/i0.wp.com\/cdnoticias.com\/wp-content\/uploads\/2024\/04\/Visita-Pablo-Urquiza-1.jpg?resize=768%2C511&amp;ssl=1 768w, https:\/\/i0.wp.com\/cdnoticias.com\/wp-content\/uploads\/2024\/04\/Visita-Pablo-Urquiza-1.jpg?resize=272%2C182&amp;ssl=1 272w, https:\/\/i0.wp.com\/cdnoticias.com\/wp-content\/uploads\/2024\/04\/Visita-Pablo-Urquiza-1.jpg?w=1400&amp;ssl=1 1400w\" sizes=\"auto, (max-width: 800px) 100vw, 800px\" \/><\/figure>\n\n\n\n<p>Como parte de la agenda de trabajo<strong> se present\u00f3 el estado de avance de obras que se encuentran en marcha en cuatro establecimientos educativos del Partido de Olavarr\u00eda, que fueron severamente da\u00f1ados tras los temporales ocurridos en diciembre.<\/strong><\/p>\n\n\n\n<p>Se trata de la Escuela de<strong> Educaci\u00f3n Secundaria N\u00b0 6 (Ex Nacional) y la Escuela de Educaci\u00f3n Secundaria N\u00ba 8 (Ex Comercial), la Escuela Primaria N\u00ba 46 (Estaci\u00f3n Mi\u00f1ana), Escuela Primaria N\u00ba 22 y Escuela Primaria N\u00ba 80.<\/strong><\/p>\n\n\n\n<figure class=\"wp-block-image size-large\"><img data-recalc-dims=\"1\" loading=\"lazy\" decoding=\"async\" width=\"800\" height=\"532\" src=\"https:\/\/i0.wp.com\/cdnoticias.com\/wp-content\/uploads\/2024\/04\/Visita-Pablo-Urquiza-10.jpeg?resize=800%2C532&#038;ssl=1\" alt=\"\" class=\"wp-image-112980\" srcset=\"https:\/\/i0.wp.com\/cdnoticias.com\/wp-content\/uploads\/2024\/04\/Visita-Pablo-Urquiza-10.jpeg?resize=1024%2C681&amp;ssl=1 1024w, https:\/\/i0.wp.com\/cdnoticias.com\/wp-content\/uploads\/2024\/04\/Visita-Pablo-Urquiza-10.jpeg?resize=300%2C200&amp;ssl=1 300w, https:\/\/i0.wp.com\/cdnoticias.com\/wp-content\/uploads\/2024\/04\/Visita-Pablo-Urquiza-10.jpeg?resize=768%2C511&amp;ssl=1 768w, https:\/\/i0.wp.com\/cdnoticias.com\/wp-content\/uploads\/2024\/04\/Visita-Pablo-Urquiza-10.jpeg?resize=272%2C182&amp;ssl=1 272w, https:\/\/i0.wp.com\/cdnoticias.com\/wp-content\/uploads\/2024\/04\/Visita-Pablo-Urquiza-10.jpeg?w=1400&amp;ssl=1 1400w\" sizes=\"auto, (max-width: 800px) 100vw, 800px\" \/><\/figure>\n\n\n\n<p>Tras la reuni\u00f3n en el Municipio, Wesner y Urquiza \u2013acompa\u00f1ados por el presidente del Consejo Escolar Ariel Rodr\u00edguez y consejeros escolares- recorrieron establecimientos educativos en obra, <strong>donde pudieron dialogar con directivos, docentes y alumnos, sobre la realidad de cada escuela y adem\u00e1s supervisaron el avance de los trabajos.<\/strong><\/p>\n\n\n\n<p>Al respecto Urquiza se\u00f1al\u00f3 que<em> \u201cestamos recorriendo algunas de las escuelas que fueron afectadas por el temporal, que est\u00e1n en plena etapa de refacci\u00f3n, conversando con los directivos y docentes de la escuela, viendo c\u00f3mo avanzan las obras de refacci\u00f3n de techos\u201d.<\/em><\/p>\n\n\n\n<figure class=\"wp-block-image size-large\"><img data-recalc-dims=\"1\" loading=\"lazy\" decoding=\"async\" width=\"800\" height=\"532\" src=\"https:\/\/i0.wp.com\/cdnoticias.com\/wp-content\/uploads\/2024\/04\/Visita-Pablo-Urquiza-7.jpeg?resize=800%2C532&#038;ssl=1\" alt=\"\" class=\"wp-image-112977\" srcset=\"https:\/\/i0.wp.com\/cdnoticias.com\/wp-content\/uploads\/2024\/04\/Visita-Pablo-Urquiza-7.jpeg?resize=1024%2C681&amp;ssl=1 1024w, https:\/\/i0.wp.com\/cdnoticias.com\/wp-content\/uploads\/2024\/04\/Visita-Pablo-Urquiza-7.jpeg?resize=300%2C200&amp;ssl=1 300w, https:\/\/i0.wp.com\/cdnoticias.com\/wp-content\/uploads\/2024\/04\/Visita-Pablo-Urquiza-7.jpeg?resize=768%2C511&amp;ssl=1 768w, https:\/\/i0.wp.com\/cdnoticias.com\/wp-content\/uploads\/2024\/04\/Visita-Pablo-Urquiza-7.jpeg?resize=272%2C182&amp;ssl=1 272w, https:\/\/i0.wp.com\/cdnoticias.com\/wp-content\/uploads\/2024\/04\/Visita-Pablo-Urquiza-7.jpeg?w=1400&amp;ssl=1 1400w\" sizes=\"auto, (max-width: 800px) 100vw, 800px\" \/><\/figure>\n\n\n\n<blockquote class=\"wp-block-quote is-layout-flow wp-block-quote-is-layout-flow\">\n<p>\u201cEstamos trabajando en una agenda educativa para este a\u00f1o y reafirmando el compromiso del Gobierno Provincial de seguir invirtiendo en la infraestructura para la educaci\u00f3n p\u00fablica, para que chicos, docentes tengan mejores condiciones, junto a un gobierno municipal que ha priorizado tambi\u00e9n la inversi\u00f3n en educaci\u00f3n y poniendo todo nuestro trabajo, todo nuestro esfuerzo para que la educaci\u00f3n sea una prioridad tambi\u00e9n en Olavarr\u00eda como lo es en toda la provincia de Buenos Aires\u201d, asegur\u00f3.<\/p>\n<\/blockquote>\n\n\n\n<figure class=\"wp-block-image size-large\"><img data-recalc-dims=\"1\" loading=\"lazy\" decoding=\"async\" width=\"800\" height=\"532\" src=\"https:\/\/i0.wp.com\/cdnoticias.com\/wp-content\/uploads\/2024\/04\/Visita-Pablo-Urquiza-5.jpeg?resize=800%2C532&#038;ssl=1\" alt=\"\" class=\"wp-image-112975\" srcset=\"https:\/\/i0.wp.com\/cdnoticias.com\/wp-content\/uploads\/2024\/04\/Visita-Pablo-Urquiza-5.jpeg?resize=1024%2C681&amp;ssl=1 1024w, https:\/\/i0.wp.com\/cdnoticias.com\/wp-content\/uploads\/2024\/04\/Visita-Pablo-Urquiza-5.jpeg?resize=300%2C200&amp;ssl=1 300w, https:\/\/i0.wp.com\/cdnoticias.com\/wp-content\/uploads\/2024\/04\/Visita-Pablo-Urquiza-5.jpeg?resize=768%2C511&amp;ssl=1 768w, https:\/\/i0.wp.com\/cdnoticias.com\/wp-content\/uploads\/2024\/04\/Visita-Pablo-Urquiza-5.jpeg?resize=272%2C182&amp;ssl=1 272w, https:\/\/i0.wp.com\/cdnoticias.com\/wp-content\/uploads\/2024\/04\/Visita-Pablo-Urquiza-5.jpeg?w=1400&amp;ssl=1 1400w\" sizes=\"auto, (max-width: 800px) 100vw, 800px\" \/><\/figure>\n\n\n\n<p>Por su parte, en el marco de la recorrida junto al funcionario provincial, el intendente Wesner manifest\u00f3 que<em> \u201cla educaci\u00f3n es una prioridad, por eso estamos trabajando en conjunto con la provincia para seguir dando respuestas, cada obra es un ejemplo de eso\u201d.<\/em><\/p>\n\n\n\n<p class=\"has-large-font-size\">Detalle de las obras<\/p>\n\n\n\n<figure class=\"wp-block-image size-large\"><img data-recalc-dims=\"1\" loading=\"lazy\" decoding=\"async\" width=\"800\" height=\"532\" src=\"https:\/\/i0.wp.com\/cdnoticias.com\/wp-content\/uploads\/2024\/04\/Visita-Pablo-Urquiza-4.jpeg?resize=800%2C532&#038;ssl=1\" alt=\"\" class=\"wp-image-112974\" srcset=\"https:\/\/i0.wp.com\/cdnoticias.com\/wp-content\/uploads\/2024\/04\/Visita-Pablo-Urquiza-4.jpeg?resize=1024%2C681&amp;ssl=1 1024w, https:\/\/i0.wp.com\/cdnoticias.com\/wp-content\/uploads\/2024\/04\/Visita-Pablo-Urquiza-4.jpeg?resize=300%2C200&amp;ssl=1 300w, https:\/\/i0.wp.com\/cdnoticias.com\/wp-content\/uploads\/2024\/04\/Visita-Pablo-Urquiza-4.jpeg?resize=768%2C511&amp;ssl=1 768w, https:\/\/i0.wp.com\/cdnoticias.com\/wp-content\/uploads\/2024\/04\/Visita-Pablo-Urquiza-4.jpeg?resize=272%2C182&amp;ssl=1 272w, https:\/\/i0.wp.com\/cdnoticias.com\/wp-content\/uploads\/2024\/04\/Visita-Pablo-Urquiza-4.jpeg?w=1400&amp;ssl=1 1400w\" sizes=\"auto, (max-width: 800px) 100vw, 800px\" \/><\/figure>\n\n\n\n<p>En la sede de <strong>Ex Nacional y Ex Comercial se lleva adelante la obra de reparaci\u00f3n de techos con un porcentaje de ejecuci\u00f3n que supera el 60%.<\/strong><\/p>\n\n\n\n<p>Seg\u00fan se inform\u00f3 se est\u00e1 avanzando en la <strong>\u00faltima etapa de techos sobre calle Hip\u00f3lito Yrigoyen<\/strong>, mientras que la reparaci\u00f3n iniciada por calle Brown ya se encuentra finalizada. Actualmente restan trabajos en aleros, colocaci\u00f3n de vidrios y policarbonatos y las tareas finales de zinguer\u00eda.<\/p>\n\n\n\n<p>En la<strong> Escuela N\u00ba 22 \u201cLanceros General Paz\u201d\u2013ubicada en calle 9 de Julio entre Calle 100 y Juan XXIII- <\/strong>se termin\u00f3 la primera etapa y se avanza con la segunda etapa del techo, que comprende trabajos de impermeabilizaci\u00f3n en cocina, ba\u00f1os, galer\u00edas, direcci\u00f3n y secretar\u00eda, y luego se continuar\u00e1 por sanitarios.<\/p>\n\n\n\n<figure class=\"wp-block-image size-large\"><img data-recalc-dims=\"1\" loading=\"lazy\" decoding=\"async\" width=\"800\" height=\"532\" src=\"https:\/\/i0.wp.com\/cdnoticias.com\/wp-content\/uploads\/2024\/04\/Visita-Pablo-Urquiza-3.jpeg?resize=800%2C532&#038;ssl=1\" alt=\"\" class=\"wp-image-112973\" srcset=\"https:\/\/i0.wp.com\/cdnoticias.com\/wp-content\/uploads\/2024\/04\/Visita-Pablo-Urquiza-3.jpeg?resize=1024%2C681&amp;ssl=1 1024w, https:\/\/i0.wp.com\/cdnoticias.com\/wp-content\/uploads\/2024\/04\/Visita-Pablo-Urquiza-3.jpeg?resize=300%2C200&amp;ssl=1 300w, https:\/\/i0.wp.com\/cdnoticias.com\/wp-content\/uploads\/2024\/04\/Visita-Pablo-Urquiza-3.jpeg?resize=768%2C511&amp;ssl=1 768w, https:\/\/i0.wp.com\/cdnoticias.com\/wp-content\/uploads\/2024\/04\/Visita-Pablo-Urquiza-3.jpeg?resize=272%2C182&amp;ssl=1 272w, https:\/\/i0.wp.com\/cdnoticias.com\/wp-content\/uploads\/2024\/04\/Visita-Pablo-Urquiza-3.jpeg?w=1400&amp;ssl=1 1400w\" sizes=\"auto, (max-width: 800px) 100vw, 800px\" \/><\/figure>\n\n\n\n<p>Mientras que en la<strong> Escuela Primaria N\u00ba 80 \u201cCrucero General Belgrano\u201d del barrio CECO se ejecutan trabajos de impermeabilizaci\u00f3n, que consisten en el retiro y reemplazo de membranas y nuevas ca\u00eddas pluviales.<\/strong><\/p>\n\n\n\n<p>Por \u00faltimo, en la <strong>Escuela Primaria N\u00ba 46 \u201cTeniente Coronel Mi\u00f1ana\u201d se realizar\u00e1 la reparaci\u00f3n total de techos y la compara y colocaci\u00f3n de sanitarios.<\/strong><\/p>\n\n\n\n<p>Cabe destacar que la concreci\u00f3n de estas obras forma parte de un <strong>acuerdo entre el Municipio y Provincia, para mejorar la situaci\u00f3n edilicia de aquellos establecimientos educativos afectados por los temporales.<\/strong><\/p>\n","protected":false},"excerpt":{"rendered":"<p>Fue recibido por el intendente Wesner. Recorrieron varias instituciones afectadas por los temporales de diciembre, entre ellas la Secundaria N\u00b06,<\/p>\n","protected":false},"author":2,"featured_media":112978,"comment_status":"closed","ping_status":"closed","sticky":false,"template":"","format":"standard","meta":{"_jetpack_memberships_contains_paid_content":false,"footnotes":""},"categories":[5,1],"tags":[],"class_list":["post-112981","post","type-post","status-publish","format-standard","has-post-thumbnail","hentry","category-informacion-general","category-portada"],"jetpack_featured_media_url":"https:\/\/i0.wp.com\/cdnoticias.com\/wp-content\/uploads\/2024\/04\/Visita-Pablo-Urquiza-8.jpeg?fit=1400%2C931&ssl=1","jetpack_sharing_enabled":true,"_links":{"self":[{"href":"https:\/\/cdnoticias.com\/index.php\/wp-json\/wp\/v2\/posts\/112981","targetHints":{"allow":["GET"]}}],"collection":[{"href":"https:\/\/cdnoticias.com\/index.php\/wp-json\/wp\/v2\/posts"}],"about":[{"href":"https:\/\/cdnoticias.com\/index.php\/wp-json\/wp\/v2\/types\/post"}],"author":[{"embeddable":true,"href":"https:\/\/cdnoticias.com\/index.php\/wp-json\/wp\/v2\/users\/2"}],"replies":[{"embeddable":true,"href":"https:\/\/cdnoticias.com\/index.php\/wp-json\/wp\/v2\/comments?post=112981"}],"version-history":[{"count":0,"href":"https:\/\/cdnoticias.com\/index.php\/wp-json\/wp\/v2\/posts\/112981\/revisions"}],"wp:featuredmedia":[{"embeddable":true,"href":"https:\/\/cdnoticias.com\/index.php\/wp-json\/wp\/v2\/media\/112978"}],"wp:attachment":[{"href":"https:\/\/cdnoticias.com\/index.php\/wp-json\/wp\/v2\/media?parent=112981"}],"wp:term":[{"taxonomy":"category","embeddable":true,"href":"https:\/\/cdnoticias.com\/index.php\/wp-json\/wp\/v2\/categories?post=112981"},{"taxonomy":"post_tag","embeddable":true,"href":"https:\/\/cdnoticias.com\/index.php\/wp-json\/wp\/v2\/tags?post=112981"}],"curies":[{"name":"wp","href":"https:\/\/api.w.org\/{rel}","templated":true}]}}