{"id":112929,"date":"2024-04-03T15:14:02","date_gmt":"2024-04-03T18:14:02","guid":{"rendered":"https:\/\/cdnoticias.com\/?p=112929"},"modified":"2024-04-03T15:14:04","modified_gmt":"2024-04-03T18:14:04","slug":"este-viernes-olavarria-a-traves-de-las-colectividades-inmigrantes","status":"publish","type":"post","link":"https:\/\/cdnoticias.com\/index.php\/2024\/04\/03\/este-viernes-olavarria-a-traves-de-las-colectividades-inmigrantes\/","title":{"rendered":"Este viernes, \u201cOlavarr\u00eda a trav\u00e9s de las colectividades inmigrantes\u201d"},"content":{"rendered":"<p>En el Sal\u00f3n de la Sociedad Italiana se presentar\u00e1n libros y trabajos de escritores olavarrienses sobre inmigraci\u00f3n y cultura. Organiza la Uni\u00f3n de Colectividades de Olavarr\u00eda.<\/p>\n<p><!--more--><\/p>\n<hr \/>\n<p>La <strong>Uni\u00f3n de Colectividades de Olavarr\u00eda<\/strong> organiz\u00f3 una <strong>presentaci\u00f3n de libros y trabajos de escritores olavarrienses<\/strong> sobre inmigraci\u00f3n y cultura.<\/p>\n<p><strong>&#8220;Un viaje hacia la cultura: Olavarr\u00eda a trav\u00e9s de las colectividades inmigrantes&#8221;<\/strong> es el t\u00edtulo de la jornada a llevarse a cabo<strong> este viernes desde las 19<\/strong> en el <strong>Sal\u00f3n de la Sociedad Italiana<\/strong>, Dorrego 2851.<\/p>\n<p>La propuesta es abierta para todos los interesados.<\/p>\n","protected":false},"excerpt":{"rendered":"<p>En el Sal\u00f3n de la Sociedad Italiana se presentar\u00e1n libros y trabajos de escritores olavarrienses sobre inmigraci\u00f3n y cultura. Organiza<\/p>\n","protected":false},"author":4,"featured_media":63839,"comment_status":"closed","ping_status":"closed","sticky":false,"template":"","format":"standard","meta":{"_jetpack_memberships_contains_paid_content":false,"footnotes":""},"categories":[9,1],"tags":[],"class_list":["post-112929","post","type-post","status-publish","format-standard","has-post-thumbnail","hentry","category-cultura","category-portada"],"jetpack_featured_media_url":"https:\/\/i0.wp.com\/cdnoticias.com\/wp-content\/uploads\/2022\/09\/union-de-colectividades0.jpg?fit=1088%2C605&ssl=1","jetpack_sharing_enabled":true,"_links":{"self":[{"href":"https:\/\/cdnoticias.com\/index.php\/wp-json\/wp\/v2\/posts\/112929","targetHints":{"allow":["GET"]}}],"collection":[{"href":"https:\/\/cdnoticias.com\/index.php\/wp-json\/wp\/v2\/posts"}],"about":[{"href":"https:\/\/cdnoticias.com\/index.php\/wp-json\/wp\/v2\/types\/post"}],"author":[{"embeddable":true,"href":"https:\/\/cdnoticias.com\/index.php\/wp-json\/wp\/v2\/users\/4"}],"replies":[{"embeddable":true,"href":"https:\/\/cdnoticias.com\/index.php\/wp-json\/wp\/v2\/comments?post=112929"}],"version-history":[{"count":0,"href":"https:\/\/cdnoticias.com\/index.php\/wp-json\/wp\/v2\/posts\/112929\/revisions"}],"wp:featuredmedia":[{"embeddable":true,"href":"https:\/\/cdnoticias.com\/index.php\/wp-json\/wp\/v2\/media\/63839"}],"wp:attachment":[{"href":"https:\/\/cdnoticias.com\/index.php\/wp-json\/wp\/v2\/media?parent=112929"}],"wp:term":[{"taxonomy":"category","embeddable":true,"href":"https:\/\/cdnoticias.com\/index.php\/wp-json\/wp\/v2\/categories?post=112929"},{"taxonomy":"post_tag","embeddable":true,"href":"https:\/\/cdnoticias.com\/index.php\/wp-json\/wp\/v2\/tags?post=112929"}],"curies":[{"name":"wp","href":"https:\/\/api.w.org\/{rel}","templated":true}]}}