{"id":112924,"date":"2024-04-03T14:25:05","date_gmt":"2024-04-03T17:25:05","guid":{"rendered":"https:\/\/cdnoticias.com\/?p=112924"},"modified":"2024-04-03T14:25:07","modified_gmt":"2024-04-03T17:25:07","slug":"robos-en-campos-de-olavarria-advierten-por-una-problematica-en-ascenso","status":"publish","type":"post","link":"https:\/\/cdnoticias.com\/index.php\/2024\/04\/03\/robos-en-campos-de-olavarria-advierten-por-una-problematica-en-ascenso\/","title":{"rendered":"Robos en campos de Olavarr\u00eda: advierten por una problem\u00e1tica en ascenso"},"content":{"rendered":"<p>Uno de los hechos se dio en la zona de Colonia San Miguel y el otro en Rocha. Desde Productores Autoconvocados exponen la necesidad de sumar patrullaje para mejorar la prevenci\u00f3n.<!--more--><\/p>\n<hr \/>\n<p>Los <strong>robos en campos<\/strong> exponen la necesidad de <strong>sumar patrullaje para mejorar la prevenci\u00f3n<\/strong> en sectores rurales de Olavarr\u00eda.<\/p>\n<p>Puntualmente,<strong> se informaron dos hechos de los \u00faltimos d\u00edas.<\/strong> Las v\u00edctimas los dieron a conocer a fin de recuperar los elementos sustra\u00eddos. En ese marco, los <strong>Productores Autoconvocados apuntaron a la importancia de ajustar las acciones preventivas en vistas de que \u201cen el invierno se va potenciar\u201d la inseguridad<\/strong>.<\/p>\n<figure id=\"attachment_112925\" aria-describedby=\"caption-attachment-112925\" style=\"width: 450px\" class=\"wp-caption aligncenter\"><img data-recalc-dims=\"1\" loading=\"lazy\" decoding=\"async\" class=\"wp-image-112925 size-full\" src=\"https:\/\/i0.wp.com\/cdnoticias.com\/wp-content\/uploads\/2024\/04\/robo-colonia-san-miguel.jpg?resize=450%2C615&#038;ssl=1\" alt=\"\" width=\"450\" height=\"615\" srcset=\"https:\/\/i0.wp.com\/cdnoticias.com\/wp-content\/uploads\/2024\/04\/robo-colonia-san-miguel.jpg?w=450&amp;ssl=1 450w, https:\/\/i0.wp.com\/cdnoticias.com\/wp-content\/uploads\/2024\/04\/robo-colonia-san-miguel.jpg?resize=220%2C300&amp;ssl=1 220w\" sizes=\"auto, (max-width: 450px) 100vw, 450px\" \/><figcaption id=\"caption-attachment-112925\" class=\"wp-caption-text\">Algunos de los art\u00edculos robados del campo Do\u00f1a Ana..<\/figcaption><\/figure>\n<p>En la noche del martes fueron robados varios art\u00edculos del <strong>campo Do\u00f1a Ana ubicado en inmediaciones de Colonia San Miguel<\/strong>, sobre el camino La Nutria. <strong>Dos motosierras, una desmalezadora marca Sensei y un juego de tubos y llaves<\/strong> faltaron del establecimiento.<\/p>\n<p>En tanto, entre el viernes y el lunes a la ma\u00f1ana fue<strong> sustra\u00eddo un carro del campo El \u00d1and\u00fa en Rocha<\/strong>, en inmediaciones del camino de Los Chilenos y Cuatro Caminos.<\/p>\n<figure id=\"attachment_112927\" aria-describedby=\"caption-attachment-112927\" style=\"width: 800px\" class=\"wp-caption aligncenter\"><img data-recalc-dims=\"1\" loading=\"lazy\" decoding=\"async\" class=\"wp-image-112927\" src=\"https:\/\/i0.wp.com\/cdnoticias.com\/wp-content\/uploads\/2024\/04\/robo-campo-el-nandu.jpg?resize=800%2C445&#038;ssl=1\" alt=\"\" width=\"800\" height=\"445\" srcset=\"https:\/\/i0.wp.com\/cdnoticias.com\/wp-content\/uploads\/2024\/04\/robo-campo-el-nandu.jpg?w=1000&amp;ssl=1 1000w, https:\/\/i0.wp.com\/cdnoticias.com\/wp-content\/uploads\/2024\/04\/robo-campo-el-nandu.jpg?resize=300%2C167&amp;ssl=1 300w, https:\/\/i0.wp.com\/cdnoticias.com\/wp-content\/uploads\/2024\/04\/robo-campo-el-nandu.jpg?resize=768%2C427&amp;ssl=1 768w, https:\/\/i0.wp.com\/cdnoticias.com\/wp-content\/uploads\/2024\/04\/robo-campo-el-nandu.jpg?resize=800%2C445&amp;ssl=1 800w\" sizes=\"auto, (max-width: 800px) 100vw, 800px\" \/><figcaption id=\"caption-attachment-112927\" class=\"wp-caption-text\">Carro robado del establecimiento &#8220;El \u00d1and\u00fa&#8221; en Rocha.<\/figcaption><\/figure>\n<p>A ra\u00edz de estos hechos, desde Productores Autoconvocados de Olavarr\u00eda se advirti\u00f3 que la problem\u00e1tica de inseguridad ha sumado nuevos aspectos que la complejizan. Se tuvo en cuenta que <strong>muchas de las demandas son \u201chist\u00f3ricas\u201d, desde hace dos d\u00e9cadas que se sostienen, para plantear que hasta el momento el Ejecutivo local no ha aplicado nuevas medidas.<\/strong><\/p>\n<p>En ese sentido, cabe se\u00f1alar que hace aproximadamente un mes, el intendente Maximiliano Wesner mantuvo sendas reuniones con la <a href=\"https:\/\/cdnoticias.com\/index.php\/2024\/02\/24\/wesner-recibio-al-presidente-de-la-sociedad-rural-de-olavarria\/\" target=\"_blank\" rel=\"noopener\">Sociedad Rural<\/a>, con <a href=\"https:\/\/cdnoticias.com\/index.php\/2024\/03\/10\/los-productores-rurales-autoconvocados-se-reunieron-con-el-intendente-wesner\/\" target=\"_blank\" rel=\"noopener\">Productores Autoconvocados<\/a> y con la Mesa Agropecuaria. <strong>Desde el inicio de la actual gesti\u00f3n, no se ha reunido el Consejo de Seguridad Municipal.<\/strong><\/p>\n<blockquote><p>\u201cTodos los delitos calculo que se van a potenciar en el invierno por el a\u00f1o complejo que vivimos, no solo en robos a establecimientos sino abigeatos. La caza de liebre no s\u00e9 c\u00f3mo la van a trabajar sin gente ni m\u00f3viles. Le pedimos al Intendente que tome nota porque es un tema de urgencia\u201d expresaron los Autoconvocados.<\/p><\/blockquote>\n","protected":false},"excerpt":{"rendered":"<p>Uno de los hechos se dio en la zona de Colonia San Miguel y el otro en Rocha. Desde Productores<\/p>\n","protected":false},"author":4,"featured_media":112926,"comment_status":"closed","ping_status":"closed","sticky":false,"template":"","format":"standard","meta":{"_jetpack_memberships_contains_paid_content":false,"footnotes":""},"categories":[14,1],"tags":[],"class_list":["post-112924","post","type-post","status-publish","format-standard","has-post-thumbnail","hentry","category-policiales","category-portada"],"jetpack_featured_media_url":"https:\/\/i0.wp.com\/cdnoticias.com\/wp-content\/uploads\/2024\/04\/robo-zona-rural.jpg?fit=1000%2C556&ssl=1","jetpack_sharing_enabled":true,"_links":{"self":[{"href":"https:\/\/cdnoticias.com\/index.php\/wp-json\/wp\/v2\/posts\/112924","targetHints":{"allow":["GET"]}}],"collection":[{"href":"https:\/\/cdnoticias.com\/index.php\/wp-json\/wp\/v2\/posts"}],"about":[{"href":"https:\/\/cdnoticias.com\/index.php\/wp-json\/wp\/v2\/types\/post"}],"author":[{"embeddable":true,"href":"https:\/\/cdnoticias.com\/index.php\/wp-json\/wp\/v2\/users\/4"}],"replies":[{"embeddable":true,"href":"https:\/\/cdnoticias.com\/index.php\/wp-json\/wp\/v2\/comments?post=112924"}],"version-history":[{"count":0,"href":"https:\/\/cdnoticias.com\/index.php\/wp-json\/wp\/v2\/posts\/112924\/revisions"}],"wp:featuredmedia":[{"embeddable":true,"href":"https:\/\/cdnoticias.com\/index.php\/wp-json\/wp\/v2\/media\/112926"}],"wp:attachment":[{"href":"https:\/\/cdnoticias.com\/index.php\/wp-json\/wp\/v2\/media?parent=112924"}],"wp:term":[{"taxonomy":"category","embeddable":true,"href":"https:\/\/cdnoticias.com\/index.php\/wp-json\/wp\/v2\/categories?post=112924"},{"taxonomy":"post_tag","embeddable":true,"href":"https:\/\/cdnoticias.com\/index.php\/wp-json\/wp\/v2\/tags?post=112924"}],"curies":[{"name":"wp","href":"https:\/\/api.w.org\/{rel}","templated":true}]}}