{"id":112905,"date":"2024-04-03T11:40:26","date_gmt":"2024-04-03T14:40:26","guid":{"rendered":"https:\/\/cdnoticias.com\/?p=112905"},"modified":"2024-04-03T11:40:59","modified_gmt":"2024-04-03T14:40:59","slug":"despidos-en-organismos-nacionales-estamos-peleando-por-las-indemnizaciones","status":"publish","type":"post","link":"https:\/\/cdnoticias.com\/index.php\/2024\/04\/03\/despidos-en-organismos-nacionales-estamos-peleando-por-las-indemnizaciones\/","title":{"rendered":"Despidos en organismos nacionales: \u201cestamos peleando por las indemnizaciones\u201d"},"content":{"rendered":"<p>As\u00ed lo confirm\u00f3 la referente local de ATE, Mar\u00eda Luisa Quintana. La situaci\u00f3n ante la baja de contratos y la espera de m\u00e1s cesant\u00edas.<!--more--><\/p>\n<hr \/>\n<p><a href=\"https:\/\/cdnoticias.com\/index.php\/2024\/04\/03\/corte-de-contratos-en-desarrollo-social-de-la-nacion-no-hubo-ningun-criterio-fue-al-azar\/\" target=\"_blank\" rel=\"noopener\">Trabajadores despedidos de la Agencia Nacional de Discapacidad, del Centro de Referencia del ex Ministerio de Desarrollo Social, del SENNAF (Secretar\u00eda Nacional de Ni\u00f1ez, Adolescencia y Familia) y del CEP (Centro de la Econom\u00eda Popular)<\/a>, llevaron adelante este mi\u00e9rcoles una <strong>asamblea en las oficinas del CDR Olavarr\u00eda.<\/strong><\/p>\n<p>La medida de protesta fue acompa\u00f1ada por referentes de ATE (Asociaci\u00f3n de Trabajadores del Estado) en el marco de un<a href=\"https:\/\/cdnoticias.com\/index.php\/2024\/04\/02\/en-medio-de-la-ola-de-despidos-ate-anuncio-un-nuevo-paro-nacional\/\" target=\"_blank\" rel=\"noopener\"> paro nacional con apoyo provincial.<\/a><\/p>\n<p>La referente local de Ate, Mar\u00eda Luisa Quintana, se\u00f1al\u00f3 en di\u00e1logo con Central de Noticias que \u201cfueron despedidos compa\u00f1eros nacionales que est\u00e1n afiliados a ATE, por eso estamos haciendo esta medida de fuerza y a partir de las 10 de la ma\u00f1ana nos vamos a reunir en el sindicato.<\/p>\n<figure id=\"attachment_112898\" aria-describedby=\"caption-attachment-112898\" style=\"width: 800px\" class=\"wp-caption aligncenter\"><img data-recalc-dims=\"1\" loading=\"lazy\" decoding=\"async\" class=\"size-full wp-image-112898\" src=\"https:\/\/i0.wp.com\/cdnoticias.com\/wp-content\/uploads\/2024\/04\/despidos-desarrollo-nacion-CR-ANDIS-04.jpg?resize=800%2C445&#038;ssl=1\" alt=\"\" width=\"800\" height=\"445\" srcset=\"https:\/\/i0.wp.com\/cdnoticias.com\/wp-content\/uploads\/2024\/04\/despidos-desarrollo-nacion-CR-ANDIS-04.jpg?w=800&amp;ssl=1 800w, https:\/\/i0.wp.com\/cdnoticias.com\/wp-content\/uploads\/2024\/04\/despidos-desarrollo-nacion-CR-ANDIS-04.jpg?resize=300%2C167&amp;ssl=1 300w, https:\/\/i0.wp.com\/cdnoticias.com\/wp-content\/uploads\/2024\/04\/despidos-desarrollo-nacion-CR-ANDIS-04.jpg?resize=768%2C427&amp;ssl=1 768w\" sizes=\"auto, (max-width: 800px) 100vw, 800px\" \/><figcaption id=\"caption-attachment-112898\" class=\"wp-caption-text\">ATE lleva adelante un paro nacional en el marco de la ola de despidos masivos en organismos estatales.<\/figcaption><\/figure>\n<blockquote><p>\u201cFueron despedidas cinco personas y tambi\u00e9n dos en ANSES. Adem\u00e1s, estamos esperando los telegramas de despido de trabajadores del Registro Nacional de Personas\u201d, indic\u00f3 Quintana.<\/p><\/blockquote>\n<p>La referente de ATE explic\u00f3 que las personas despedidas \u201cson contratadas, hay chicas que tienen entre 15 y 18 a\u00f1os de antig\u00fcedad\u201d y asegur\u00f3 que desde el gremio <strong>\u201cestamos peleando por las indemnizaciones\u201d.<\/strong><\/p>\n<p>Por otra parte, Quintana cont\u00f3 que el estado nacional<strong> \u201cdesde diciembre que no paga el alquiler\u201d<\/strong> del edificio ubicado en Lamadrid 3165 donde funcionan las oficinas del CDR Olavarr\u00eda.<\/p>\n<p><img data-recalc-dims=\"1\" loading=\"lazy\" decoding=\"async\" class=\"size-full wp-image-112899 aligncenter\" src=\"https:\/\/i0.wp.com\/cdnoticias.com\/wp-content\/uploads\/2024\/04\/despidos-desarrollo-nacion-CR-ANDIS-05.jpg?resize=800%2C445&#038;ssl=1\" alt=\"\" width=\"800\" height=\"445\" srcset=\"https:\/\/i0.wp.com\/cdnoticias.com\/wp-content\/uploads\/2024\/04\/despidos-desarrollo-nacion-CR-ANDIS-05.jpg?w=800&amp;ssl=1 800w, https:\/\/i0.wp.com\/cdnoticias.com\/wp-content\/uploads\/2024\/04\/despidos-desarrollo-nacion-CR-ANDIS-05.jpg?resize=300%2C167&amp;ssl=1 300w, https:\/\/i0.wp.com\/cdnoticias.com\/wp-content\/uploads\/2024\/04\/despidos-desarrollo-nacion-CR-ANDIS-05.jpg?resize=768%2C427&amp;ssl=1 768w\" sizes=\"auto, (max-width: 800px) 100vw, 800px\" \/><\/p>\n","protected":false},"excerpt":{"rendered":"<p>As\u00ed lo confirm\u00f3 la referente local de ATE, Mar\u00eda Luisa Quintana. La situaci\u00f3n ante la baja de contratos y la<\/p>\n","protected":false},"author":2,"featured_media":112893,"comment_status":"closed","ping_status":"closed","sticky":false,"template":"","format":"standard","meta":{"_jetpack_memberships_contains_paid_content":false,"footnotes":""},"categories":[5,1],"tags":[],"class_list":["post-112905","post","type-post","status-publish","format-standard","has-post-thumbnail","hentry","category-informacion-general","category-portada"],"jetpack_featured_media_url":"https:\/\/i0.wp.com\/cdnoticias.com\/wp-content\/uploads\/2024\/04\/ate-quintana-reclamo-despidos-nacion-.jpg?fit=800%2C445&ssl=1","jetpack_sharing_enabled":true,"_links":{"self":[{"href":"https:\/\/cdnoticias.com\/index.php\/wp-json\/wp\/v2\/posts\/112905","targetHints":{"allow":["GET"]}}],"collection":[{"href":"https:\/\/cdnoticias.com\/index.php\/wp-json\/wp\/v2\/posts"}],"about":[{"href":"https:\/\/cdnoticias.com\/index.php\/wp-json\/wp\/v2\/types\/post"}],"author":[{"embeddable":true,"href":"https:\/\/cdnoticias.com\/index.php\/wp-json\/wp\/v2\/users\/2"}],"replies":[{"embeddable":true,"href":"https:\/\/cdnoticias.com\/index.php\/wp-json\/wp\/v2\/comments?post=112905"}],"version-history":[{"count":0,"href":"https:\/\/cdnoticias.com\/index.php\/wp-json\/wp\/v2\/posts\/112905\/revisions"}],"wp:featuredmedia":[{"embeddable":true,"href":"https:\/\/cdnoticias.com\/index.php\/wp-json\/wp\/v2\/media\/112893"}],"wp:attachment":[{"href":"https:\/\/cdnoticias.com\/index.php\/wp-json\/wp\/v2\/media?parent=112905"}],"wp:term":[{"taxonomy":"category","embeddable":true,"href":"https:\/\/cdnoticias.com\/index.php\/wp-json\/wp\/v2\/categories?post=112905"},{"taxonomy":"post_tag","embeddable":true,"href":"https:\/\/cdnoticias.com\/index.php\/wp-json\/wp\/v2\/tags?post=112905"}],"curies":[{"name":"wp","href":"https:\/\/api.w.org\/{rel}","templated":true}]}}