{"id":112886,"date":"2024-04-03T08:17:23","date_gmt":"2024-04-03T11:17:23","guid":{"rendered":"https:\/\/cdnoticias.com\/?p=112886"},"modified":"2024-04-03T10:54:20","modified_gmt":"2024-04-03T13:54:20","slug":"los-bancos-cambian-su-horario-de-atencion-dese-este-miercoles","status":"publish","type":"post","link":"https:\/\/cdnoticias.com\/index.php\/2024\/04\/03\/los-bancos-cambian-su-horario-de-atencion-dese-este-miercoles\/","title":{"rendered":"Los bancos cambian su horario de atenci\u00f3n desde este mi\u00e9rcoles"},"content":{"rendered":"<p>Vuelven a abrir de 10 a 15 en la provincia de Buenos Aires.<!--more--><\/p>\n<hr \/>\n<p>Los<strong> bancos p\u00fablicos y privados<\/strong> que operan en la provincia de Buenos Aires <strong>cambiaron el horario de atenci\u00f3n a partir de este mi\u00e9rcoles 3 de abril<\/strong>.<\/p>\n<p>Se retoma la franja <strong>de 10 a 15<\/strong> para la apertura de las sedes, <a href=\"https:\/\/cdnoticias.com\/index.php\/2024\/03\/26\/los-bancos-que-volveran-a-atender-de-10-a-15\/\" target=\"_blank\" rel=\"noopener\">tal como record\u00f3 el gremio La Bancaria<\/a>.<\/p>\n<p>De esta manera, <strong>queda atr\u00e1s el \u201chorario de verano\u201d de 8 a 13<\/strong> para atenci\u00f3n al p\u00fablico que hab\u00eda comenzado el 21 de noviembre.<\/p>\n","protected":false},"excerpt":{"rendered":"<p>Vuelven a abrir de 10 a 15 en la provincia de Buenos Aires.<\/p>\n","protected":false},"author":4,"featured_media":39502,"comment_status":"closed","ping_status":"closed","sticky":false,"template":"","format":"standard","meta":{"_jetpack_memberships_contains_paid_content":false,"footnotes":""},"categories":[5,1],"tags":[],"class_list":["post-112886","post","type-post","status-publish","format-standard","has-post-thumbnail","hentry","category-informacion-general","category-portada"],"jetpack_featured_media_url":"https:\/\/i0.wp.com\/cdnoticias.com\/wp-content\/uploads\/2021\/11\/banco-2.jpg?fit=800%2C445&ssl=1","jetpack_sharing_enabled":true,"_links":{"self":[{"href":"https:\/\/cdnoticias.com\/index.php\/wp-json\/wp\/v2\/posts\/112886","targetHints":{"allow":["GET"]}}],"collection":[{"href":"https:\/\/cdnoticias.com\/index.php\/wp-json\/wp\/v2\/posts"}],"about":[{"href":"https:\/\/cdnoticias.com\/index.php\/wp-json\/wp\/v2\/types\/post"}],"author":[{"embeddable":true,"href":"https:\/\/cdnoticias.com\/index.php\/wp-json\/wp\/v2\/users\/4"}],"replies":[{"embeddable":true,"href":"https:\/\/cdnoticias.com\/index.php\/wp-json\/wp\/v2\/comments?post=112886"}],"version-history":[{"count":0,"href":"https:\/\/cdnoticias.com\/index.php\/wp-json\/wp\/v2\/posts\/112886\/revisions"}],"wp:featuredmedia":[{"embeddable":true,"href":"https:\/\/cdnoticias.com\/index.php\/wp-json\/wp\/v2\/media\/39502"}],"wp:attachment":[{"href":"https:\/\/cdnoticias.com\/index.php\/wp-json\/wp\/v2\/media?parent=112886"}],"wp:term":[{"taxonomy":"category","embeddable":true,"href":"https:\/\/cdnoticias.com\/index.php\/wp-json\/wp\/v2\/categories?post=112886"},{"taxonomy":"post_tag","embeddable":true,"href":"https:\/\/cdnoticias.com\/index.php\/wp-json\/wp\/v2\/tags?post=112886"}],"curies":[{"name":"wp","href":"https:\/\/api.w.org\/{rel}","templated":true}]}}