{"id":112872,"date":"2024-04-03T08:15:10","date_gmt":"2024-04-03T11:15:10","guid":{"rendered":"https:\/\/cdnoticias.com\/?p=112872"},"modified":"2024-04-03T09:59:17","modified_gmt":"2024-04-03T12:59:17","slug":"wesner-malvinas-nos-une-a-mirar-para-adelante-sin-olvidar","status":"publish","type":"post","link":"https:\/\/cdnoticias.com\/index.php\/2024\/04\/03\/wesner-malvinas-nos-une-a-mirar-para-adelante-sin-olvidar\/","title":{"rendered":"Wesner: \u201cMalvinas nos une a mirar para adelante sin olvidar\u201d"},"content":{"rendered":"<p>Lo expres\u00f3 el intendente en el marco del acto conmemorativo por el D\u00eda del Veterano y de los Ca\u00eddos en la Guerra de Malvinas.<!--more--><\/p>\n<hr \/>\n<p>El intendente Maximiliano Wesner encabez\u00f3 el acto conmemorativo por el <strong>D\u00eda del Veterano y de los Ca\u00eddos en la Guerra de Malvinas<\/strong>, que se llev\u00f3 a cabo en la tarde de este martes 2 de abril, en la localidad de Loma Negra, en el Monumento \u201cMalvinas, H\u00e9roes y Veteranos de Guerra\u201d.<\/p>\n<p>Del homenaje particip\u00f3 el presidente del Honorable Concejo Deliberante Guillermo Santell\u00e1n, el jefe del Regimiento de Caballer\u00eda de Tanques 2 \u201cLanceros General Paz\u201d Teniente Coronel Leonardo Aguirre, el jefe del Escuadr\u00f3n de Ingenieros Blindados I Mayor Marcelo Vallejos, la jefa de Gabinete Mercedes Land\u00edvar, el diputado provincial Mart\u00edn Endere, integrantes de la Agrupaci\u00f3n de Veteranos de Guerra \u201c2 de abril\u201d, Uni\u00f3n de Soldados Continentales, Veteranos Naciones Unidas de Olavarr\u00eda, Generaci\u00f3n Malvinas Hijos e Hijas de los Veteranos de Guerra de la ciudad de Olavarr\u00eda, Uni\u00f3n de Colectividades, representantes de instituciones religiosas, de entidades deportivas, autoridades educativas, municipales, empresariales, fuerzas policiales, bomberos, defensa civil, agrupaciones de moteros de Olavarr\u00eda y dem\u00e1s participantes y vecinos de la ciudad. Tambi\u00e9n estuvieron acompa\u00f1ando la familia del Capit\u00e1n de Corbeta Diego Wagner Clar.<\/p>\n<p>El acto se inici\u00f3 con la formaci\u00f3n de tropas, para luego dar lugar a la entonaci\u00f3n de las estrofas del Himno Nacional Argentino, interpretado por la banda Combate de Perdriel del Regimiento H\u00fasares de Pueyrred\u00f3n de la vecina ciudad de Azul, a cargo del Teniente Jos\u00edas Guerrero. Luego el pastor Mart\u00edn Olivieri, veterano de guerra, realiz\u00f3 su plegario, y seguidamente el capell\u00e1n del Ej\u00e9rcito Enrique Germade hizo la invocaci\u00f3n religiosa.<\/p>\n<p><img data-recalc-dims=\"1\" loading=\"lazy\" decoding=\"async\" class=\"alignnone size-full wp-image-112881\" src=\"https:\/\/i0.wp.com\/cdnoticias.com\/wp-content\/uploads\/2024\/04\/malvinas-acto-7.jpg?resize=800%2C445&#038;ssl=1\" alt=\"\" width=\"800\" height=\"445\" srcset=\"https:\/\/i0.wp.com\/cdnoticias.com\/wp-content\/uploads\/2024\/04\/malvinas-acto-7.jpg?w=800&amp;ssl=1 800w, https:\/\/i0.wp.com\/cdnoticias.com\/wp-content\/uploads\/2024\/04\/malvinas-acto-7.jpg?resize=300%2C167&amp;ssl=1 300w, https:\/\/i0.wp.com\/cdnoticias.com\/wp-content\/uploads\/2024\/04\/malvinas-acto-7.jpg?resize=768%2C427&amp;ssl=1 768w\" sizes=\"auto, (max-width: 800px) 100vw, 800px\" \/><\/p>\n<p>Tras el minuto de silencio, se procedi\u00f3 a la <strong>colocaci\u00f3n de palmas y ofrendas florales<\/strong>, al pie del monumento. En representaci\u00f3n de la comunidad de Olavarr\u00eda lo hizo el intendente Wesner, quien estuvo acompa\u00f1ado por el presidente de la Agrupaci\u00f3n de Veteranos \u201c2 de Abril\u201d Jos\u00e9 Trinch\u00edn. Luego se colocaron las ofrendas en nombre del Ej\u00e9rcito, del Honorable Concejo Deliberante, por la Agrupaci\u00f3n 2 de Abril, por la Uni\u00f3n Nacional de Soldados Continentales, Veteranos de Naciones Unidas, la Biblioteca Crucero General Belgrano y la Biblioteca Independencia.<\/p>\n<p>En primer lugar, hizo uso de la palabra,<strong> Jos\u00e9 N\u00e9stor Mayi,<\/strong> en representaci\u00f3n de los veteranos, quien agradeci\u00f3 \u201cpor estar a las autoridades, en los roles que les corresponde, a los veteranos en su d\u00eda, a la familia, madres, esposas, hijos, nietos de veteranos. Madres y esposas, hijos que nos aguantaron, que estuvieron con nosotros en los embates de la guerra y de la posguerra. No fue f\u00e1cil, destacando que sin el amparo de Dios y de ellos muchos no estar\u00edamos aqu\u00ed\u201d.<\/p>\n<p><img data-recalc-dims=\"1\" loading=\"lazy\" decoding=\"async\" class=\"alignnone size-full wp-image-112884\" src=\"https:\/\/i0.wp.com\/cdnoticias.com\/wp-content\/uploads\/2024\/04\/malvinas-acto-10.jpg?resize=800%2C445&#038;ssl=1\" alt=\"\" width=\"800\" height=\"445\" srcset=\"https:\/\/i0.wp.com\/cdnoticias.com\/wp-content\/uploads\/2024\/04\/malvinas-acto-10.jpg?w=800&amp;ssl=1 800w, https:\/\/i0.wp.com\/cdnoticias.com\/wp-content\/uploads\/2024\/04\/malvinas-acto-10.jpg?resize=300%2C167&amp;ssl=1 300w, https:\/\/i0.wp.com\/cdnoticias.com\/wp-content\/uploads\/2024\/04\/malvinas-acto-10.jpg?resize=768%2C427&amp;ssl=1 768w\" sizes=\"auto, (max-width: 800px) 100vw, 800px\" \/><\/p>\n<blockquote><p>\u201cEn este reconocimiento no pueden faltar en la memoria a los que dieron su vida, en el cumplimiento del deber sin pedir nada a cambio, h\u00e9roes de nuestra Argentina que recordaremos siempre, a ellos: honor y gloria\u201d indic\u00f3 Mayi.<\/p><\/blockquote>\n<p>\u201cTambi\u00e9n reconocer a aquellos que nos dejaron en el transcurso de estos 42 a\u00f1os, se fueron, pero siempre tendr\u00e1n un lugar destacado en nuestros corazones, por nombrar algunos:<strong> Javier Ponce, Jos\u00e9 Espinoza, Gustavo Teuly, Abel Cerrudo, Juan Carlos Daluz, Jes\u00fas Flores, Emilio Meyer, Hugo Mc Dlougas,<\/strong> hijos de Olavarr\u00eda que participaron en la guerra tambi\u00e9n\u201d agreg\u00f3.<\/p>\n<p>\u201cArreglar este pa\u00eds siempre fue dif\u00edcil, pero m\u00e1s si dejamos la causa patri\u00f3tica como Malvinas. Hagamos que Malvinas sea la llave de los argentinos para salir adelante, porque sea cual sea la ideolog\u00eda Malvinas nos une, sin rencores, sin odios mirando el bien com\u00fan dejando el pasado atr\u00e1s es la mejor forma\u201d, indic\u00f3 Mayi.<\/p>\n<p><img data-recalc-dims=\"1\" loading=\"lazy\" decoding=\"async\" class=\"alignnone size-full wp-image-112876\" src=\"https:\/\/i0.wp.com\/cdnoticias.com\/wp-content\/uploads\/2024\/04\/malvinas-acto-2.jpg?resize=800%2C445&#038;ssl=1\" alt=\"\" width=\"800\" height=\"445\" srcset=\"https:\/\/i0.wp.com\/cdnoticias.com\/wp-content\/uploads\/2024\/04\/malvinas-acto-2.jpg?w=800&amp;ssl=1 800w, https:\/\/i0.wp.com\/cdnoticias.com\/wp-content\/uploads\/2024\/04\/malvinas-acto-2.jpg?resize=300%2C167&amp;ssl=1 300w, https:\/\/i0.wp.com\/cdnoticias.com\/wp-content\/uploads\/2024\/04\/malvinas-acto-2.jpg?resize=768%2C427&amp;ssl=1 768w\" sizes=\"auto, (max-width: 800px) 100vw, 800px\" \/><\/p>\n<p>Por su parte, el<strong> jefe del Escuadr\u00f3n de Ingenieros Blindado 1 Mayor Marcelo Vallejos<\/strong> sostuvo que \u201choy 2 de abril es una jornada de recogimiento de reflexi\u00f3n, de fortalecimiento de nuestras convicciones patri\u00f3ticas en la que rendimos homenaje a los veteranos a los ca\u00eddos y a sus familiares, a estas personas que con profundo amor a la patria ofrendaron sus vidas en defensa de la soberan\u00eda argentina sobre las Islas Malvinas\u201d.<\/p>\n<p>\u201cEs sumamente trascendente despu\u00e9s de cuatro d\u00e9cadas poder dimensionar con una perspectiva amplia la importancia de la recuperaci\u00f3n y defensa de las islas del Atl\u00e1ntico Sur, as\u00ed como la profunda entrega que realizaron todos sus combatientes especialmente los 649 argentinos que entregaron sus vidas luchando por una causa tan justa\u201d, destac\u00f3 el Mayor Vallejos.<\/p>\n<p><img data-recalc-dims=\"1\" loading=\"lazy\" decoding=\"async\" class=\"alignnone size-full wp-image-112882\" src=\"https:\/\/i0.wp.com\/cdnoticias.com\/wp-content\/uploads\/2024\/04\/malvinas-acto-8.jpg?resize=800%2C445&#038;ssl=1\" alt=\"\" width=\"800\" height=\"445\" srcset=\"https:\/\/i0.wp.com\/cdnoticias.com\/wp-content\/uploads\/2024\/04\/malvinas-acto-8.jpg?w=800&amp;ssl=1 800w, https:\/\/i0.wp.com\/cdnoticias.com\/wp-content\/uploads\/2024\/04\/malvinas-acto-8.jpg?resize=300%2C167&amp;ssl=1 300w, https:\/\/i0.wp.com\/cdnoticias.com\/wp-content\/uploads\/2024\/04\/malvinas-acto-8.jpg?resize=768%2C427&amp;ssl=1 768w\" sizes=\"auto, (max-width: 800px) 100vw, 800px\" \/><\/p>\n<p>El cierre estuvo a cargo del intendente <strong>Maximiliano Wesner<\/strong>: \u201creci\u00e9n escuch\u00e1bamos mencionar la palabra conmemorar y creo que en estas ofrendas, en estas palmas, se pretende materializar el significado de esta palabra de conmemoraci\u00f3n, del inicio de la Guerra de Malvinas hace 42 a\u00f1os atr\u00e1s.<strong> Es imprescindible interpretar y desprender de ese t\u00e9rmino dos conceptos importantes: no olvidar y recordar.<\/strong> No olvidar digo porque hay que ser claros y siempre desde la verdad relativa de la sangre que corri\u00f3 en nuestro territorio nacional por esos a\u00f1os y la responsabilidad de un gobierno de facto que tiene nombre y apellido y es Leopoldo Fortunato Galtieri\u201d.<\/p>\n<p>\u201cTambi\u00e9n y m\u00e1s que importante es recordar a nuestros ca\u00eddos, a nuestros veteranos, a sus familiares y qu\u00e9 mejor hacerlo de esta forma en esta localidad con todas las instituciones del Partido de Olavarr\u00eda, con esta comunidad organizada. Creo que esta comunidad organizada es la mejor trinchera para recordar a nuestros ca\u00eddos en batalla, pero <strong>tambi\u00e9n recordar a aquellos ca\u00eddos posguerra con la ausencia y corrimiento del Estado Nacional<\/strong>\u201d, afirm\u00f3 el jefe comunal.<\/p>\n<p><img data-recalc-dims=\"1\" loading=\"lazy\" decoding=\"async\" class=\"alignnone size-full wp-image-112883\" src=\"https:\/\/i0.wp.com\/cdnoticias.com\/wp-content\/uploads\/2024\/04\/malvinas-acto-9.jpg?resize=800%2C445&#038;ssl=1\" alt=\"\" width=\"800\" height=\"445\" srcset=\"https:\/\/i0.wp.com\/cdnoticias.com\/wp-content\/uploads\/2024\/04\/malvinas-acto-9.jpg?w=800&amp;ssl=1 800w, https:\/\/i0.wp.com\/cdnoticias.com\/wp-content\/uploads\/2024\/04\/malvinas-acto-9.jpg?resize=300%2C167&amp;ssl=1 300w, https:\/\/i0.wp.com\/cdnoticias.com\/wp-content\/uploads\/2024\/04\/malvinas-acto-9.jpg?resize=768%2C427&amp;ssl=1 768w\" sizes=\"auto, (max-width: 800px) 100vw, 800px\" \/><\/p>\n<p>\u201cCuando mencionamos el 2 de abril de 1982, como dec\u00eda reci\u00e9n, retrocedemos a a\u00f1os sangrientos de la Argentina, pero no tengo dudas que despu\u00e9s de esos a\u00f1os sangrientos de nuestra Patria, fueron ustedes, y me honra alzar la mirada y fijar la vista en estas agrupaciones queridas del Partido de Olavarr\u00eda, fueron ustedes quienes parieron la democracia. Un concepto sobre el cual debemos trabajar y fundamentalmente en t\u00e9rminos de soberan\u00eda, de soberan\u00eda nacional para poder repensar en la Argentina un sistema de defensa, de soberan\u00eda nacional que tenga como \u00fanico objetivo la defensiva, la de proteger nuestros recursos, nuestros recursos que garantizan la alimentaci\u00f3n de nuestro pueblo, pero tambi\u00e9n garantizan la energ\u00eda de nuestra patria\u201d, afirm\u00f3 el Intendente.<\/p>\n<blockquote><p>\u201cEs importante malvinizar en las aulas, por eso es importante malvinizar en cada barrio y en cada rinc\u00f3n de la Argentina, porque en alg\u00fan momento ustedes tampoco estar\u00e1n, pero es necesario que esa continuidad ideol\u00f3gica, esa permanencia conceptual de lo que fue Malvinas permanezca en las generaciones futuras\u201d, consider\u00f3.<\/p><\/blockquote>\n<p>\u201c<strong>Malvinas es una causa nacional, Malvinas nos convoca a todos y a todas.<\/strong> Malvinas nos une a mirar para adelante sin olvidar y por un Estado presente y por la uni\u00f3n de todos los argentinos y argentinas\u201d, cerr\u00f3 su discurso.<\/p>\n<p>Tras las palabras alusivas, el emotivo acto \u2013que cont\u00f3 con el acompa\u00f1amiento de toda la comunidad- culmin\u00f3 con la entonaci\u00f3n de la marcha de Malvinas, como cada 2 de abril, rindiendo homenaje a los h\u00e9roes de la Patria<\/p>\n","protected":false},"excerpt":{"rendered":"<p>Lo expres\u00f3 el intendente en el marco del acto conmemorativo por el D\u00eda del Veterano y de los Ca\u00eddos en<\/p>\n","protected":false},"author":2,"featured_media":112875,"comment_status":"closed","ping_status":"closed","sticky":false,"template":"","format":"standard","meta":{"_jetpack_memberships_contains_paid_content":false,"footnotes":""},"categories":[5,1],"tags":[],"class_list":["post-112872","post","type-post","status-publish","format-standard","has-post-thumbnail","hentry","category-informacion-general","category-portada"],"jetpack_featured_media_url":"https:\/\/i0.wp.com\/cdnoticias.com\/wp-content\/uploads\/2024\/04\/malvinas-acto-1.jpg?fit=800%2C445&ssl=1","jetpack_sharing_enabled":true,"_links":{"self":[{"href":"https:\/\/cdnoticias.com\/index.php\/wp-json\/wp\/v2\/posts\/112872","targetHints":{"allow":["GET"]}}],"collection":[{"href":"https:\/\/cdnoticias.com\/index.php\/wp-json\/wp\/v2\/posts"}],"about":[{"href":"https:\/\/cdnoticias.com\/index.php\/wp-json\/wp\/v2\/types\/post"}],"author":[{"embeddable":true,"href":"https:\/\/cdnoticias.com\/index.php\/wp-json\/wp\/v2\/users\/2"}],"replies":[{"embeddable":true,"href":"https:\/\/cdnoticias.com\/index.php\/wp-json\/wp\/v2\/comments?post=112872"}],"version-history":[{"count":0,"href":"https:\/\/cdnoticias.com\/index.php\/wp-json\/wp\/v2\/posts\/112872\/revisions"}],"wp:featuredmedia":[{"embeddable":true,"href":"https:\/\/cdnoticias.com\/index.php\/wp-json\/wp\/v2\/media\/112875"}],"wp:attachment":[{"href":"https:\/\/cdnoticias.com\/index.php\/wp-json\/wp\/v2\/media?parent=112872"}],"wp:term":[{"taxonomy":"category","embeddable":true,"href":"https:\/\/cdnoticias.com\/index.php\/wp-json\/wp\/v2\/categories?post=112872"},{"taxonomy":"post_tag","embeddable":true,"href":"https:\/\/cdnoticias.com\/index.php\/wp-json\/wp\/v2\/tags?post=112872"}],"curies":[{"name":"wp","href":"https:\/\/api.w.org\/{rel}","templated":true}]}}