{"id":112861,"date":"2024-04-02T18:51:22","date_gmt":"2024-04-02T21:51:22","guid":{"rendered":"https:\/\/cdnoticias.com\/?p=112861"},"modified":"2024-04-02T18:51:24","modified_gmt":"2024-04-02T21:51:24","slug":"kicillof-contra-milei-no-se-puede-homenajear-y-tener-como-idola-a-thatcher","status":"publish","type":"post","link":"https:\/\/cdnoticias.com\/index.php\/2024\/04\/02\/kicillof-contra-milei-no-se-puede-homenajear-y-tener-como-idola-a-thatcher\/","title":{"rendered":"Kicillof contra Milei: \u201cNo se puede homenajear y tener como \u00eddola a Thatcher\u201d"},"content":{"rendered":"\n<p>El Gobernador encabez\u00f3 un acto por Malvinas en el distrito de Pilar. Y record\u00f3 que en el conflicto del Atl\u00e1ntico Sur la primera ministra brit\u00e1nica \u201cque de manera traicionera mand\u00f3 a matar a soldados argentinos\u201d.<\/p>\n\n\n\n<hr class=\"wp-block-separator aligncenter has-alpha-channel-opacity\"\/>\n\n\n\n<p><strong>El gobernador Axel Kicillof encabez\u00f3 este martes un acto por el D\u00eda del Veterano y de los Ca\u00eddos en la Guerra de Malvinas en el distrito de Pilar,<\/strong> en el que apunt\u00f3 contra el presidente Javier Milei al se\u00f1alar que<em><strong> \u201cno se puede homenajear y tener de \u00eddola a Margaret Thatcher\u201d.<\/strong><\/em><\/p>\n\n\n\n<figure class=\"wp-block-image size-large\"><img data-recalc-dims=\"1\" loading=\"lazy\" decoding=\"async\" width=\"800\" height=\"445\" src=\"https:\/\/i0.wp.com\/cdnoticias.com\/wp-content\/uploads\/2024\/04\/2024_04_02-AK-Acto-Malvinas-Pilar-73.jpg?resize=800%2C445&#038;ssl=1\" alt=\"\" class=\"wp-image-112863\" srcset=\"https:\/\/i0.wp.com\/cdnoticias.com\/wp-content\/uploads\/2024\/04\/2024_04_02-AK-Acto-Malvinas-Pilar-73.jpg?resize=1024%2C569&amp;ssl=1 1024w, https:\/\/i0.wp.com\/cdnoticias.com\/wp-content\/uploads\/2024\/04\/2024_04_02-AK-Acto-Malvinas-Pilar-73.jpg?resize=300%2C167&amp;ssl=1 300w, https:\/\/i0.wp.com\/cdnoticias.com\/wp-content\/uploads\/2024\/04\/2024_04_02-AK-Acto-Malvinas-Pilar-73.jpg?resize=768%2C427&amp;ssl=1 768w, https:\/\/i0.wp.com\/cdnoticias.com\/wp-content\/uploads\/2024\/04\/2024_04_02-AK-Acto-Malvinas-Pilar-73.jpg?resize=1536%2C854&amp;ssl=1 1536w, https:\/\/i0.wp.com\/cdnoticias.com\/wp-content\/uploads\/2024\/04\/2024_04_02-AK-Acto-Malvinas-Pilar-73.jpg?resize=800%2C445&amp;ssl=1 800w, https:\/\/i0.wp.com\/cdnoticias.com\/wp-content\/uploads\/2024\/04\/2024_04_02-AK-Acto-Malvinas-Pilar-73.jpg?w=1563&amp;ssl=1 1563w\" sizes=\"auto, (max-width: 800px) 100vw, 800px\" \/><\/figure>\n\n\n\n<blockquote class=\"wp-block-quote is-layout-flow wp-block-quote-is-layout-flow\">\n<p>\u201cNo se puede homenajear y tener como \u00eddola a Margaret Thatcher que de manera traicionera mand\u00f3 a matar a soldados argentinos\u201d, se\u00f1al\u00f3 el mandatario bonaerense hoy, al homenajear a los veteranos y ca\u00eddos en la guerra de Malvinas.<\/p>\n<\/blockquote>\n\n\n\n<p>Thatcher era primera ministra del Reino Unido durante el conflicto del Atl\u00e1ntico Sur y<strong> tom\u00f3 la decisi\u00f3n de atacar por fuera de la zona de exclusi\u00f3n mar\u00edtima al crucero General Belgrano, hecho en el que murieron 323 argentinos. En 2022, Milei dijo que se identifica con ella.<\/strong><\/p>\n\n\n\n<p>Kicillof dijo hoy tambi\u00e9n que <em><strong>\u201cla soberan\u00eda no es solo un discurso y portar los s\u00edmbolos nacionales y cantar el himno\u201d. \u201cLa soberan\u00eda hay que ejercerla y actualizarla todos los d\u00edas\u201d,<\/strong><\/em> se\u00f1al\u00f3.<\/p>\n\n\n\n<figure class=\"wp-block-image size-large\"><img data-recalc-dims=\"1\" loading=\"lazy\" decoding=\"async\" width=\"800\" height=\"445\" src=\"https:\/\/i0.wp.com\/cdnoticias.com\/wp-content\/uploads\/2024\/04\/2024_04_02-AK-Acto-Malvinas-Pilar-26.jpg?resize=800%2C445&#038;ssl=1\" alt=\"\" class=\"wp-image-112864\" srcset=\"https:\/\/i0.wp.com\/cdnoticias.com\/wp-content\/uploads\/2024\/04\/2024_04_02-AK-Acto-Malvinas-Pilar-26.jpg?resize=1024%2C569&amp;ssl=1 1024w, https:\/\/i0.wp.com\/cdnoticias.com\/wp-content\/uploads\/2024\/04\/2024_04_02-AK-Acto-Malvinas-Pilar-26.jpg?resize=300%2C167&amp;ssl=1 300w, https:\/\/i0.wp.com\/cdnoticias.com\/wp-content\/uploads\/2024\/04\/2024_04_02-AK-Acto-Malvinas-Pilar-26.jpg?resize=768%2C427&amp;ssl=1 768w, https:\/\/i0.wp.com\/cdnoticias.com\/wp-content\/uploads\/2024\/04\/2024_04_02-AK-Acto-Malvinas-Pilar-26.jpg?resize=1536%2C854&amp;ssl=1 1536w, https:\/\/i0.wp.com\/cdnoticias.com\/wp-content\/uploads\/2024\/04\/2024_04_02-AK-Acto-Malvinas-Pilar-26.jpg?resize=800%2C445&amp;ssl=1 800w, https:\/\/i0.wp.com\/cdnoticias.com\/wp-content\/uploads\/2024\/04\/2024_04_02-AK-Acto-Malvinas-Pilar-26.jpg?w=1563&amp;ssl=1 1563w\" sizes=\"auto, (max-width: 800px) 100vw, 800px\" \/><\/figure>\n\n\n\n<p>El Gobernador se\u00f1al\u00f3 que hay que practicar la soberan\u00eda <em>\u201crecordando a la gesta de Malvinas, homenajeando a los excombatientes, a los veteranos y reclamando de manera inclaudicable, con valent\u00eda y pagando los costos internacionales que haya que pagar, nuestra soberan\u00eda sobre Malvinas\u201d.<\/em><\/p>\n\n\n\n<p>En tanto, tambi\u00e9n habl\u00f3 de llevar<em> \u201cla cuesti\u00f3n de la soberan\u00eda nacional a luchas y discusiones m\u00e1s actuales\u201d. \u201cNo puede haber injerencia de potencias extranjeras sobre el mar argentino, sobre la Patagonia argentina, sobre los r\u00edos navegables de la Argentina, sobre el Paran\u00e1\u201d,<\/em> se\u00f1al\u00f3. Y sostuvo que va a pelear <em><strong>\u201chasta que se haga ese famoso Canal Magdalena\u201d.<\/strong><\/em><\/p>\n\n\n\n<p>Fuente: DIB<\/p>\n","protected":false},"excerpt":{"rendered":"<p>El Gobernador encabez\u00f3 un acto por Malvinas en el distrito de Pilar. Y record\u00f3 que en el conflicto del Atl\u00e1ntico<\/p>\n","protected":false},"author":2,"featured_media":112862,"comment_status":"closed","ping_status":"closed","sticky":false,"template":"","format":"standard","meta":{"_jetpack_memberships_contains_paid_content":false,"footnotes":""},"categories":[6,1],"tags":[],"class_list":["post-112861","post","type-post","status-publish","format-standard","has-post-thumbnail","hentry","category-nacionales","category-portada"],"jetpack_featured_media_url":"https:\/\/i0.wp.com\/cdnoticias.com\/wp-content\/uploads\/2024\/04\/2024_04_02-AK-Acto-Malvinas-Pilar-51.jpg?fit=1563%2C869&ssl=1","jetpack_sharing_enabled":true,"_links":{"self":[{"href":"https:\/\/cdnoticias.com\/index.php\/wp-json\/wp\/v2\/posts\/112861","targetHints":{"allow":["GET"]}}],"collection":[{"href":"https:\/\/cdnoticias.com\/index.php\/wp-json\/wp\/v2\/posts"}],"about":[{"href":"https:\/\/cdnoticias.com\/index.php\/wp-json\/wp\/v2\/types\/post"}],"author":[{"embeddable":true,"href":"https:\/\/cdnoticias.com\/index.php\/wp-json\/wp\/v2\/users\/2"}],"replies":[{"embeddable":true,"href":"https:\/\/cdnoticias.com\/index.php\/wp-json\/wp\/v2\/comments?post=112861"}],"version-history":[{"count":0,"href":"https:\/\/cdnoticias.com\/index.php\/wp-json\/wp\/v2\/posts\/112861\/revisions"}],"wp:featuredmedia":[{"embeddable":true,"href":"https:\/\/cdnoticias.com\/index.php\/wp-json\/wp\/v2\/media\/112862"}],"wp:attachment":[{"href":"https:\/\/cdnoticias.com\/index.php\/wp-json\/wp\/v2\/media?parent=112861"}],"wp:term":[{"taxonomy":"category","embeddable":true,"href":"https:\/\/cdnoticias.com\/index.php\/wp-json\/wp\/v2\/categories?post=112861"},{"taxonomy":"post_tag","embeddable":true,"href":"https:\/\/cdnoticias.com\/index.php\/wp-json\/wp\/v2\/tags?post=112861"}],"curies":[{"name":"wp","href":"https:\/\/api.w.org\/{rel}","templated":true}]}}