{"id":112858,"date":"2024-04-02T18:21:19","date_gmt":"2024-04-02T21:21:19","guid":{"rendered":"https:\/\/cdnoticias.com\/?p=112858"},"modified":"2024-04-03T08:17:46","modified_gmt":"2024-04-03T11:17:46","slug":"nos-despidieron-a-casi-todos-asamblea-en-olavarria-por-despidos-en-organismos-nacionales","status":"publish","type":"post","link":"https:\/\/cdnoticias.com\/index.php\/2024\/04\/02\/nos-despidieron-a-casi-todos-asamblea-en-olavarria-por-despidos-en-organismos-nacionales\/","title":{"rendered":"\u201cNos despidieron a casi todos\u201d: asamblea en Olavarr\u00eda por despidos en organismos nacionales"},"content":{"rendered":"\n<p>Ser\u00e1 este mi\u00e9rcoles desde las 8:00 en las oficinas de Lamadrid 3165 en \u201cel \u00faltimo d\u00eda antes de su cierre definitivo\u201d. Hubo despidos en la Agencia Nacional de Discapacidad, en el Centro de Referencia del ex Ministerio de Desarrollo Social, y tambi\u00e9n en dos \u00e1reas m\u00e1s.<\/p>\n\n\n\n<hr class=\"wp-block-separator aligncenter has-alpha-channel-opacity\"\/>\n\n\n\n<p>Tras denunciar que<strong> \u201cnos despidieron a casi todos\u201d trabajadores de organismos nacionales realizar\u00e1n una asamblea en las oficinas del CDR Olavarr\u00eda este mi\u00e9rcoles desde las 8:00, en lo que ser\u00e1 \u201csu \u00faltimo d\u00eda antes de su cierre definitivo\u201d.<\/strong><\/p>\n\n\n\n<p>Cabe recordar que<strong> en febrero hubo un despido en la Agencia Nacional de Discapacidad<\/strong> y durante <strong>marzo sumaron despidos de pr\u00e1cticamente la totalidad de trabajadores del CDR Olavarr\u00eda (Centro de Referencia del ex Ministerio de Desarrollo Social), del SENNAF (Secretar\u00eda Nacional de Ni\u00f1ez, Adolescencia y Familia) y del CEP (Centro de la Econom\u00eda Popular).<\/strong> Todos dependen del Estado Nacional, a cargo hoy de Javier Milei.<\/p>\n\n\n\n<p>Pero, adem\u00e1s de los despidos, <strong>cerrar\u00e1n las oficinas que tienen estos organismos en Lamadrid 3165, por lo que la asamblea ser\u00e1, tambi\u00e9n, para visibilizar el cese total de las funciones de los organismos en Olavarr\u00eda.<\/strong><\/p>\n\n\n\n<p>Se invit\u00f3 a toda la comunidad a escuchar y acompa\u00f1ar a los trabajadores despedidos.<\/p>\n","protected":false},"excerpt":{"rendered":"<p>Ser\u00e1 este mi\u00e9rcoles desde las 8:00 en las oficinas de Lamadrid 3165 en \u201cel \u00faltimo d\u00eda antes de su cierre<\/p>\n","protected":false},"author":2,"featured_media":110376,"comment_status":"closed","ping_status":"closed","sticky":false,"template":"","format":"standard","meta":{"_jetpack_memberships_contains_paid_content":false,"footnotes":""},"categories":[5,1],"tags":[],"class_list":["post-112858","post","type-post","status-publish","format-standard","has-post-thumbnail","hentry","category-informacion-general","category-portada"],"jetpack_featured_media_url":"https:\/\/i0.wp.com\/cdnoticias.com\/wp-content\/uploads\/2024\/03\/CDR-cierre.jpg?fit=800%2C445&ssl=1","jetpack_sharing_enabled":true,"_links":{"self":[{"href":"https:\/\/cdnoticias.com\/index.php\/wp-json\/wp\/v2\/posts\/112858","targetHints":{"allow":["GET"]}}],"collection":[{"href":"https:\/\/cdnoticias.com\/index.php\/wp-json\/wp\/v2\/posts"}],"about":[{"href":"https:\/\/cdnoticias.com\/index.php\/wp-json\/wp\/v2\/types\/post"}],"author":[{"embeddable":true,"href":"https:\/\/cdnoticias.com\/index.php\/wp-json\/wp\/v2\/users\/2"}],"replies":[{"embeddable":true,"href":"https:\/\/cdnoticias.com\/index.php\/wp-json\/wp\/v2\/comments?post=112858"}],"version-history":[{"count":0,"href":"https:\/\/cdnoticias.com\/index.php\/wp-json\/wp\/v2\/posts\/112858\/revisions"}],"wp:featuredmedia":[{"embeddable":true,"href":"https:\/\/cdnoticias.com\/index.php\/wp-json\/wp\/v2\/media\/110376"}],"wp:attachment":[{"href":"https:\/\/cdnoticias.com\/index.php\/wp-json\/wp\/v2\/media?parent=112858"}],"wp:term":[{"taxonomy":"category","embeddable":true,"href":"https:\/\/cdnoticias.com\/index.php\/wp-json\/wp\/v2\/categories?post=112858"},{"taxonomy":"post_tag","embeddable":true,"href":"https:\/\/cdnoticias.com\/index.php\/wp-json\/wp\/v2\/tags?post=112858"}],"curies":[{"name":"wp","href":"https:\/\/api.w.org\/{rel}","templated":true}]}}