{"id":112834,"date":"2024-04-02T10:22:42","date_gmt":"2024-04-02T13:22:42","guid":{"rendered":"https:\/\/cdnoticias.com\/?p=112834"},"modified":"2024-04-02T18:21:38","modified_gmt":"2024-04-02T21:21:38","slug":"un-olavarriense-estuvo-profugo-durante-cinco-meses-tras-asaltar-a-una-joven-en-azul","status":"publish","type":"post","link":"https:\/\/cdnoticias.com\/index.php\/2024\/04\/02\/un-olavarriense-estuvo-profugo-durante-cinco-meses-tras-asaltar-a-una-joven-en-azul\/","title":{"rendered":"Un olavarriense estuvo pr\u00f3fugo durante cinco meses tras asaltar a una joven en Azul"},"content":{"rendered":"<p>Lo capturaron en nuestra ciudad luego de detectar que ten\u00eda un pedido de captura activa por m\u00faltiples causas en su contra vinculadas a armas de fuego. Los hechos datan de octubre pasado, cuando hab\u00eda sido ordenada su detenci\u00f3n.<!--more--><\/p>\n<hr \/>\n<p>En octubre de 2023 se produjo un violento robo a una joven en Azul. A ra\u00edz de este hecho se le imputan al olavarriense la portaci\u00f3n sin autorizaci\u00f3n del arma de fuego utilizada y la tenencia de varias m\u00e1s \u2013 tambi\u00e9n de manera il\u00edcita- que la Polic\u00eda secuestr\u00f3 durante un allanamiento concretado en Olavarr\u00eda.<\/p>\n<p>Seg\u00fan detalla<em> diario El Tiempo,<\/em> Franco Emanuel Escaig, es el acusado de la comisi\u00f3n de todos esos il\u00edcitos y registra antecedentes penales computables por los que ya hab\u00eda estado en la c\u00e1rcel y <strong>su detenci\u00f3n fue convertida d\u00edas atr\u00e1s en prisi\u00f3n preventiva.<\/strong><\/p>\n<blockquote><p>Por los hechos m\u00e1s recientes que lo tienen como imputado <strong>pudo ser arrestado en Olavarr\u00eda el 14 de marzo pasado.<\/strong> Tras permanecer pr\u00f3fugo por aquel robo en Azul, su detenci\u00f3n estaba vigente desde hac\u00eda cinco meses.<\/p><\/blockquote>\n<p>Tal como se mencion\u00f3 en <em>Central de Noticias<\/em>, el 14 de marzo, u<a href=\"https:\/\/cdnoticias.com\/index.php\/2024\/03\/14\/iba-en-moto-y-tenia-un-pedido-de-captura-por-causas-con-armas-fue-detenido\/\" target=\"_blank\" rel=\"noopener\">n operativo de interceptaci\u00f3n vehicular que realizaban polic\u00eda de la comisar\u00eda Segunda deriv\u00f3 en la detenci\u00f3n del hombre de 29 a\u00f1os,<\/a> cuya captura hab\u00eda sido ordenada tras el robo a mano armada que cometiera en Azul en octubre pasado. Un hecho enmarcado en un caso de violencia de g\u00e9nero y que tuvo como v\u00edctima a una mujer.<\/p>\n<blockquote class=\"wp-embedded-content\" data-secret=\"HQbfb6pnuu\"><p><a href=\"https:\/\/cdnoticias.com\/index.php\/2024\/03\/14\/iba-en-moto-y-tenia-un-pedido-de-captura-por-causas-con-armas-fue-detenido\/\">Iba en moto y ten\u00eda un pedido de captura por causas con armas: fue detenido<\/a><\/p><\/blockquote>\n<p><iframe loading=\"lazy\" class=\"wp-embedded-content\" sandbox=\"allow-scripts\" security=\"restricted\" style=\"position: absolute; clip: rect(1px, 1px, 1px, 1px);\" title=\"&#8220;Iba en moto y ten\u00eda un pedido de captura por causas con armas: fue detenido&#8221; &#8212; Central de Noticias | Olavarr\u00eda\" src=\"https:\/\/cdnoticias.com\/index.php\/2024\/03\/14\/iba-en-moto-y-tenia-un-pedido-de-captura-por-causas-con-armas-fue-detenido\/embed\/#?secret=rBbjzo5iyl#?secret=HQbfb6pnuu\" data-secret=\"HQbfb6pnuu\" width=\"600\" height=\"338\" frameborder=\"0\" marginwidth=\"0\" marginheight=\"0\" scrolling=\"no\"><\/iframe><\/p>\n<h2>Robo y agresi\u00f3n<\/h2>\n<p>Seg\u00fan lo investigado, la v\u00edctima de aquel hecho no hac\u00eda mucho que conoc\u00eda a Escaig. Y en ese contexto, en horas de la noche del 12 de octubre pasado <strong>el imputado se hizo presente en la casa donde la joven se domicilia en Azul, oportunidad durante la cual le sustrajo una ri\u00f1onera en cuyo interior ten\u00eda documentaci\u00f3n personal y una billetera con 80.000 pesos en efectivo.<\/strong><\/p>\n<p>En las actuaciones penales se se\u00f1ala que el encausado <strong>utiliz\u00f3 un arma de fuego &#8220;tipo rev\u00f3lver&#8221;<\/strong> para concretar el il\u00edcito. Tambi\u00e9n, que la v\u00edctima intent\u00f3 resistirse al robo y que forceje\u00f3 con su agresor, resultando con diferentes lesiones leves debido a que Escaig <strong>la golpe\u00f3 &#8220;en diferentes partes de su cuerpo&#8221;.<\/strong><\/p>\n<p>Una vez que logr\u00f3 apoderarse del dinero y dem\u00e1s pertenencias de la v\u00edctima,<strong> el acusado se dio a la fuga en un autom\u00f3vil.<\/strong> Al parecer, un rem\u00eds que lo estaba esperando en cercan\u00edas al inmueble donde instantes antes cometi\u00f3 aquel episodio delictivo en perjuicio de la joven, a quien hab\u00eda conocido por Facebook y con la que &#8220;manten\u00eda un v\u00ednculo&#8221; que databa &#8220;de pocos d\u00edas&#8221;.<\/p>\n<p>Esa misma noche la Polic\u00eda fue informada sobre lo sucedido. Y contando con la denuncia que formulara la mujer, Escaig fue identificado como el autor del hecho.<\/p>\n<h2>Un allanamiento<\/h2>\n<p>En el marco de la investigaci\u00f3n penal que se iniciara,<strong> el 20 de octubre pasado se allan\u00f3 en Olavarr\u00eda el inmueble donde el imputado -a pesar de que despu\u00e9s lo neg\u00f3 cuando, estando ya detenido, fue indagado- se domiciliaba, situado en Calle 10 y De\u00e1n Funes.<\/strong><\/p>\n<p>En aquella diligencia efectivos policiales incautaron dos rev\u00f3lveres y una escopeta. Tambi\u00e9n, cartuchos y proyectiles compatibles con esas armas de fuego, seis cuchillos y la billetera sustra\u00edda a la v\u00edctima del robo ocurrido en Azul d\u00edas antes.<\/p>\n<p>En ese entonces Escaig<strong> fue notificado de la formaci\u00f3n de esa nueva causa penal por la que era investigado.<\/strong> Y tambi\u00e9n se le iniciaron actuaciones por las tenencias de manera ileg\u00edtima de las armas de fuego halladas por la Polic\u00eda durante el allanamiento en la casa de Olavarr\u00eda donde estaba viviendo.<\/p>\n<p><strong>Siete d\u00edas m\u00e1s tarde -es decir, el 27 de octubre de 2023- fue ordenada su detenci\u00f3n. Pero aquella medida cautelar reci\u00e9n pudo hacerse efectiva semanas atr\u00e1s,<\/strong> luego de que estando pr\u00f3fugo fuera presentado un pedido de eximici\u00f3n de prisi\u00f3n para el joven. Una solicitud que fue rechazada por el Juez de Garant\u00edas que dictara esta prisi\u00f3n preventiva por la que el olavarriense permanece en la Unidad 2, una de las c\u00e1rceles del SPB que est\u00e1 en Sierra Chica a la que hab\u00eda sido trasladado d\u00edas atr\u00e1s desde sede policial.<\/p>\n<blockquote><p>La prisi\u00f3n preventiva para Escaig fue ordenada por ser considerado el probable autor de los delitos de robo calificado por el uso de arma de fuego y portaci\u00f3n ilegal de arma de fuego, los cuales se relacionan con las caracter\u00edsticas que tuvo el hecho que sufriera la joven en Azul el pasado 12 de octubre. Tambi\u00e9n, por el delito de tenencia ilegal de armas de fuego de uso civil y de uso condicional, surgido del allanamiento que en Olavarr\u00eda se realiz\u00f3 el 20 de octubre de 2023.<\/p><\/blockquote>\n<h2>Con antecedentes<\/h2>\n<p>En la resoluci\u00f3n donde la detenci\u00f3n de Franco Emanuel Escaig fue convertida en<strong> prisi\u00f3n preventiva<\/strong> se indica que ya hab\u00eda estado preso con anterioridad, cumpliendo una pena \u00fanica consistente en &#8220;nueve a\u00f1os y ocho meses de prisi\u00f3n efectiva&#8221; por delitos que cometiera en Olavarr\u00eda y definidos como &#8220;robo agravado por el uso de arma de fuego y portaci\u00f3n ilegal de arma de fuego de uso civil&#8221;.<\/p>\n<p>Esa pena \u00fanica por la que ya hab\u00eda estado en la c\u00e1rcel era comprensiva, adem\u00e1s de los il\u00edcitos referidos, de la comisi\u00f3n de otro robo; aunque mediante el empleo de un &#8220;arma impropia&#8221;.<\/p>\n<p>Aquella sanci\u00f3n implic\u00f3 tambi\u00e9n que fuera &#8220;declarado reincidente por primera vez&#8221;. Esa situaci\u00f3n fue valorada por el Juez garante para decidir que <strong>contin\u00fae en un contexto de encierro por los hechos sucedidos en octubre pasado.<\/strong><\/p>\n<p>Tambi\u00e9n, el magistrado Su\u00e1rez valor\u00f3 que la pena que podr\u00eda serle impuesta por esos nuevos delitos ser\u00e1 de prisi\u00f3n efectiva, por lo que no convalidar su preventiva podr\u00eda derivar por parte del encausado en un <strong>&#8220;riesgo procesal de fuga o elusi\u00f3n del proceso&#8221;.<\/strong><\/p>\n<p>Esa misma posibilidad el titular de Garant\u00edas 3 la valor\u00f3 para Escaig considerando que, &#8220;desde que fue ordenada la detenci\u00f3n y estando en pleno conocimiento de la misma -teniendo en cuenta ese pedido de eximici\u00f3n de prisi\u00f3n formulado en su favor y que termin\u00f3 siendo rechazado cuando a\u00fan no hab\u00eda sido hallado-, persisti\u00f3 en su profuguez hasta que fue detenido por la captura ordenada por el suscripto&#8221;.<\/p>\n<p>Finalmente, el magistrado que dict\u00f3 esta preventiva tuvo en cuenta que <strong>uno de los hechos m\u00e1s recientes que le atribuyen a Escaig tuvo como v\u00edctima una mujer.<\/strong> Y que cuando le rob\u00f3 a la joven en octubre pasado la vulner\u00f3 &#8220;f\u00edsica, psicol\u00f3gica y patrimonialmente&#8221; con su agresivo accionar, mediante el empleo de un arma de fuego y golpe\u00e1ndola, para luego permanecer &#8220;pr\u00f3fugo por varios meses&#8221; cuando ya registraba una condena anterior.<\/p>\n<p><em>Fuente: Diario El Tiempo de Azul.\u00a0<\/em><\/p>\n","protected":false},"excerpt":{"rendered":"<p>Lo capturaron en nuestra ciudad luego de detectar que ten\u00eda un pedido de captura activa por m\u00faltiples causas en su<\/p>\n","protected":false},"author":2,"featured_media":111527,"comment_status":"closed","ping_status":"closed","sticky":false,"template":"","format":"standard","meta":{"_jetpack_memberships_contains_paid_content":false,"footnotes":""},"categories":[14,1],"tags":[],"class_list":["post-112834","post","type-post","status-publish","format-standard","has-post-thumbnail","hentry","category-policiales","category-portada"],"jetpack_featured_media_url":"https:\/\/i0.wp.com\/cdnoticias.com\/wp-content\/uploads\/2024\/03\/WhatsApp-Image-2024-03-14-at-19.07.55.jpeg?fit=365%2C232&ssl=1","jetpack_sharing_enabled":true,"_links":{"self":[{"href":"https:\/\/cdnoticias.com\/index.php\/wp-json\/wp\/v2\/posts\/112834","targetHints":{"allow":["GET"]}}],"collection":[{"href":"https:\/\/cdnoticias.com\/index.php\/wp-json\/wp\/v2\/posts"}],"about":[{"href":"https:\/\/cdnoticias.com\/index.php\/wp-json\/wp\/v2\/types\/post"}],"author":[{"embeddable":true,"href":"https:\/\/cdnoticias.com\/index.php\/wp-json\/wp\/v2\/users\/2"}],"replies":[{"embeddable":true,"href":"https:\/\/cdnoticias.com\/index.php\/wp-json\/wp\/v2\/comments?post=112834"}],"version-history":[{"count":0,"href":"https:\/\/cdnoticias.com\/index.php\/wp-json\/wp\/v2\/posts\/112834\/revisions"}],"wp:featuredmedia":[{"embeddable":true,"href":"https:\/\/cdnoticias.com\/index.php\/wp-json\/wp\/v2\/media\/111527"}],"wp:attachment":[{"href":"https:\/\/cdnoticias.com\/index.php\/wp-json\/wp\/v2\/media?parent=112834"}],"wp:term":[{"taxonomy":"category","embeddable":true,"href":"https:\/\/cdnoticias.com\/index.php\/wp-json\/wp\/v2\/categories?post=112834"},{"taxonomy":"post_tag","embeddable":true,"href":"https:\/\/cdnoticias.com\/index.php\/wp-json\/wp\/v2\/tags?post=112834"}],"curies":[{"name":"wp","href":"https:\/\/api.w.org\/{rel}","templated":true}]}}