{"id":112774,"date":"2024-04-01T09:30:43","date_gmt":"2024-04-01T12:30:43","guid":{"rendered":"https:\/\/cdnoticias.com\/?p=112774"},"modified":"2024-04-01T11:59:49","modified_gmt":"2024-04-01T14:59:49","slug":"dengue-se-registran-mas-de-180-000-casos-de-los-cuales-el-90-son-de-2024","status":"publish","type":"post","link":"https:\/\/cdnoticias.com\/index.php\/2024\/04\/01\/dengue-se-registran-mas-de-180-000-casos-de-los-cuales-el-90-son-de-2024\/","title":{"rendered":"Dengue: se registran m\u00e1s de 180.000 casos, de los cuales el 90% son de 2024"},"content":{"rendered":"<p>La vigilancia de la circulaci\u00f3n del dengue se realiza de manera estacional, del mes de julio de un a\u00f1o a mismo mes del siguiente. Esta temporada ya lleva 129 muertes, contra 65 de la anterior.<!--more--><\/p>\n<hr \/>\n<p>El Ministerio de Salud de la Naci\u00f3n inform\u00f3 en el \u00faltimo Bolet\u00edn Epidemiol\u00f3gico que en lo que va de la temporada 2023\/2024 que abarca desde la<strong> semana 31 de 2023 -fines de julio y comienzos de agosto- hasta la semana 12 de 2024 -mediados de marzo-<\/strong> se registraron en Argentina <strong>180.529 casos de dengue,<\/strong> de los cuales<strong> 163.419 corresponden a contagios desde la semana 1 a la semana 12 de 2024<\/strong>. De todos estos casos, son <strong>90% aut\u00f3ctonos, 7% est\u00e1n en investigaci\u00f3n y solo un 3% tienen origen \u201cimportado\u201d.<\/strong> Adem\u00e1s, se contabilizan 129 muertos.<\/p>\n<p>Cabe se\u00f1alar que la vigilancia de la circulaci\u00f3n del dengue se realiza de manera estacional, abarcando desde la semana epidemiol\u00f3gica 31 de un a\u00f1o hasta la semana 30 del siguiente, de invierno a invierno, para abarcar completa la estaci\u00f3n calidad de primavera y verano.<\/p>\n<p>En tanto, la medici\u00f3n hasta lo que va de marzo, <strong>ya super\u00f3 ampliamente el n\u00famero de casos r\u00e9cord registrado en la temporada anterior<\/strong> \u2013 de julio de 2022 a julio de 2023 \u2013, que alcanz\u00f3 unos 130.000 y 65 muertos.<\/p>\n<p>El dengue es una<strong> enfermedad viral<\/strong> transmitida por la picadura del mosquito Aedes aegypti. Cuando el mosquito se alimenta con sangre de una persona enferma de dengue, y luego pica a otras personas, puede transmitir esta enfermedad. El contagio no se produce de forma directa de una persona a otra, ni a trav\u00e9s de objetos o de la leche materna.<\/p>\n<blockquote class=\"twitter-tweet\" data-width=\"550\" data-dnt=\"true\">\n<p lang=\"es\" dir=\"ltr\">\ud83e\udd9f | \u00bfSab\u00edas que la infecci\u00f3n del virus del dengue se reconoce en tres fases? Febril, cr\u00edtica y de recuperaci\u00f3n. <\/p>\n<p>En este video te explicamos en qu\u00e9 d\u00edas aparece cada una y cu\u00e1les son los s\u00edntomas que las caracterizan. <a href=\"https:\/\/t.co\/mpQ2Ttz7zv\">pic.twitter.com\/mpQ2Ttz7zv<\/a><\/p>\n<p>&mdash; SaludBAP (@SaludBAP) <a href=\"https:\/\/twitter.com\/SaludBAP\/status\/1772652676515295588?ref_src=twsrc%5Etfw\">March 26, 2024<\/a><\/p><\/blockquote>\n<p><script async src=\"https:\/\/platform.twitter.com\/widgets.js\" charset=\"utf-8\"><\/script><\/p>\n<h2>Fases de la enfermedad y s\u00edntomas<\/h2>\n<p><strong>La infecci\u00f3n de dengue se manifiesta en tres fases: febril, cr\u00edtica y de recuperaci\u00f3n.<\/strong> Para distinguirlas y tener en cuenta la evoluci\u00f3n de la enfermedad, desde el Ministerio de Salud bonaerense compartieron un spot animado donde se aclaran las caracter\u00edsticas de cada una de las fases y los signos cl\u00ednicos que presentan.<\/p>\n<p>La<strong> fase febril<\/strong> puede durar hasta siete d\u00edas, y es la que manifiesta la enfermedad. Se caracteriza por fiebre alta y constante, de entre 38 y 40 grados, malestar general, dolor de cabeza y articular, molestias musculares e irritaci\u00f3n de la piel con enrojecimiento. Se recomienda reposo, no automedicarse y tomar mucho l\u00edquido para eliminar toxinas. En caso de tener mucho dolor corporal o de cabeza, se indica tomar paracetamol.<\/p>\n<p>La <strong>fase cr\u00edtica<\/strong> aparece entre el tercer y s\u00e9ptimo d\u00eda de evoluci\u00f3n de la enfermedad. Si bien se puede experimentar cierta mejor\u00eda porque baja la fiebre alta, se recomienda permanecer en reposo. Pueden manifestarse otros s\u00edntomas en este per\u00edodo, que son los correspondientes a los del dengue grave, como problemas gastrointestinales, inflamaci\u00f3n del h\u00edgado, sangrado de mucosas, irritabilidad y somnolencia. Indican que basta un solo s\u00edntomas para acudir de inmediato al m\u00e9dico, porque el cuadro puede ser severo.<\/p>\n<p>La <strong>fase de recuperaci\u00f3n<\/strong> se da entre el s\u00e9ptimo y d\u00e9cimo d\u00edas de la infecci\u00f3n. Mejora del estado general de la persona y los s\u00edntomas decrecen. En tanto, quienes padezcan enfermedades cr\u00f3nicas de base, deben seguir en contacto con los m\u00e9dicos, para evitar complicaciones.<\/p>\n<p>El an\u00e1lisis para detectar y diagnosticar dengue tarda unas 48 horas. Es recomendable realizarlo para confirmar la presencia del virus, ya que en una segunda infecci\u00f3n la situaci\u00f3n para el paciente puede ser muy grave, hasta mortal.<\/p>\n<p>Una vez que se ha padecido la enfermedad, se recomienda<strong> dejar pasar tres meses y aplicarse la vacuna,<\/strong> para evitar en una segunda infecci\u00f3n un cuadro hemorr\u00e1gico o grave.<\/p>\n<p><em>Fuente: DIB.<\/em><\/p>\n","protected":false},"excerpt":{"rendered":"<p>La vigilancia de la circulaci\u00f3n del dengue se realiza de manera estacional, del mes de julio de un a\u00f1o a<\/p>\n","protected":false},"author":2,"featured_media":107273,"comment_status":"closed","ping_status":"closed","sticky":false,"template":"","format":"standard","meta":{"_jetpack_memberships_contains_paid_content":false,"footnotes":""},"categories":[6,1],"tags":[],"class_list":["post-112774","post","type-post","status-publish","format-standard","has-post-thumbnail","hentry","category-nacionales","category-portada"],"jetpack_featured_media_url":"https:\/\/i0.wp.com\/cdnoticias.com\/wp-content\/uploads\/2024\/01\/dengue-696x391-1.jpg?fit=696%2C391&ssl=1","jetpack_sharing_enabled":true,"_links":{"self":[{"href":"https:\/\/cdnoticias.com\/index.php\/wp-json\/wp\/v2\/posts\/112774","targetHints":{"allow":["GET"]}}],"collection":[{"href":"https:\/\/cdnoticias.com\/index.php\/wp-json\/wp\/v2\/posts"}],"about":[{"href":"https:\/\/cdnoticias.com\/index.php\/wp-json\/wp\/v2\/types\/post"}],"author":[{"embeddable":true,"href":"https:\/\/cdnoticias.com\/index.php\/wp-json\/wp\/v2\/users\/2"}],"replies":[{"embeddable":true,"href":"https:\/\/cdnoticias.com\/index.php\/wp-json\/wp\/v2\/comments?post=112774"}],"version-history":[{"count":0,"href":"https:\/\/cdnoticias.com\/index.php\/wp-json\/wp\/v2\/posts\/112774\/revisions"}],"wp:featuredmedia":[{"embeddable":true,"href":"https:\/\/cdnoticias.com\/index.php\/wp-json\/wp\/v2\/media\/107273"}],"wp:attachment":[{"href":"https:\/\/cdnoticias.com\/index.php\/wp-json\/wp\/v2\/media?parent=112774"}],"wp:term":[{"taxonomy":"category","embeddable":true,"href":"https:\/\/cdnoticias.com\/index.php\/wp-json\/wp\/v2\/categories?post=112774"},{"taxonomy":"post_tag","embeddable":true,"href":"https:\/\/cdnoticias.com\/index.php\/wp-json\/wp\/v2\/tags?post=112774"}],"curies":[{"name":"wp","href":"https:\/\/api.w.org\/{rel}","templated":true}]}}