{"id":112747,"date":"2024-03-31T20:45:36","date_gmt":"2024-03-31T23:45:36","guid":{"rendered":"https:\/\/cdnoticias.com\/?p=112747"},"modified":"2024-04-01T08:45:40","modified_gmt":"2024-04-01T11:45:40","slug":"el-nino-se-enojo-con-nosotros","status":"publish","type":"post","link":"https:\/\/cdnoticias.com\/index.php\/2024\/03\/31\/el-nino-se-enojo-con-nosotros\/","title":{"rendered":"\u00bf\u201d El ni\u00f1o\u201d se enoj\u00f3 con nosotros?"},"content":{"rendered":"\n<p>Informe especial sobre el clima y la preparaci\u00f3n de las ciudades. \u00bfSer\u00e1n estos eventos m\u00e1s frecuentes? Los nuevos paradigmas.<\/p>\n\n\n\n<hr class=\"wp-block-separator aligncenter has-alpha-channel-opacity\"\/>\n\n\n\n<p><em>Por Marcos Pascua | Especial para Central de Noticias<\/em><\/p>\n\n\n\n<p>Olavarr\u00eda, al igual que otras ciudades del pa\u00eds ha sido testigo en el \u00faltimo tiempo de eventos climatol\u00f3gicos a los que no estaba acostumbrada. De repente, <strong>\u201calerta naranja\u201d pas\u00f3 a ser una de las frases m\u00e1s escuchadas y que m\u00e1s preocuparon a la ciudad durante varios d\u00edas de este verano que acaba de terminar<\/strong>. Algunas de las dudas que surgen es si \u00bfeste tipo de eventos ser\u00e1n cada vez m\u00e1s frecuentes?, \u00bfestos eventos tienen relaci\u00f3n el cambio clim\u00e1tico?, nuestras ciudades \u00bfest\u00e1n preparadas para enfrentar la crisis clim\u00e1tica?<\/p>\n\n\n\n<h2 class=\"wp-block-heading\">Hagamos un repaso<\/h2>\n\n\n\n<p>La semana del 12 de diciembre tal vez sea la m\u00e1s recordada. Martes por la tarde, una advertencia de \u201calerta amarilla\u201d por tormentas.<\/p>\n\n\n\n<p>Todo preparado para la asunci\u00f3n del intendente electo Maximiliano Wesner, pero no, esta vez no iba a ser. Sin ir m\u00e1s lejos, el acto que iba a ser en primera instancia en las escalinatas de la Casa del Bicentenario, por la alerta, pas\u00f3 al HCD y del HCD, los y las funcionarios se mudaron al cuartel de bomberos a empezar a trabajar en lo que fueron las consecuencias del temporal. El resto es historia conocida.<\/p>\n\n\n\n<p>Pero todo no termin\u00f3 ah\u00ed, al d\u00eda siguiente a la tarde se emiti\u00f3 un nuevo \u201calerta naranja\u201d por tormentas con extensi\u00f3n hasta el d\u00eda 14 de diciembre.<\/p>\n\n\n\n<p>La misma historia el s\u00e1bado 16 de diciembre, donde toda la provincia de Buenos Aires permaneci\u00f3 durante la tarde y la noche en \u201calerta naranja\u201d por tormentas. <strong>Fue la tormenta que dej\u00f3 consecuencias devastadoras en la ciudad de Bah\u00eda Blanca.<\/strong><\/p>\n\n\n\n<h3 class=\"wp-block-heading has-large-font-size\">Alertas en diciembre<\/h3>\n\n\n\n<p>Por supuesto que los d\u00edas 12, 13, 14 y 16. Pero tambi\u00e9n las advertencias llegaron los d\u00edas 6, 23,24 y 27. <strong>Total: 8<\/strong><\/p>\n\n\n\n<h3 class=\"wp-block-heading has-large-font-size\">Alertas en enero<\/h3>\n\n\n\n<p>Para el <strong>primer mes del a\u00f1o<\/strong> se recibieron avisos el d\u00eda 6 de enero, esta \u00faltima oblig\u00f3 a la reprogramaci\u00f3n de la cl\u00e1sica \u201cFiesta de los Reyes Magos\u201d. Las alertas prosiguieron los d\u00edas 7 de enero, 9 y 13. <strong>Total: 4<\/strong><\/p>\n\n\n\n<h3 class=\"wp-block-heading has-large-font-size\">Alertas en febrero<\/h3>\n\n\n\n<h1 class=\"wp-block-heading has-medium-font-size\">Para el <strong>segundo mes<\/strong> del a\u00f1o las alertas llegaron para los d\u00edas 2, 6, 9, 10, 12, 22 y 28. <strong>Total: 7<\/strong><\/h1>\n\n\n\n<h3 class=\"wp-block-heading has-large-font-size\">Alertas en marzo<\/h3>\n\n\n\n<p>Para cerrar la temporada veraniega llegaron alertas los d\u00edas 1 de marzo, 2, 8, 10, 11, 12, 19 y 20. <strong>Total: 8<\/strong><\/p>\n\n\n\n<p>Y entre alertas y avisos a corto plazo se fue el verano.<\/p>\n\n\n\n<h3 class=\"wp-block-heading has-large-font-size\">Precipitaciones<\/h3>\n\n\n\n<p>Ahora bien, veamos cu\u00e1ntos de estos d\u00edas y cu\u00e1nto fue lo que realmente llovi\u00f3.<\/p>\n\n\n\n<p>Durante el 2023 llovieron, <strong>seg\u00fan datos aportados por el Servicio Meteorol\u00f3gico Nacional (SMN)<\/strong>, un total de <strong>1207,6 mm<\/strong>. Si hacemos una tabla de posiciones donde ponemos las lluvias de todos los a\u00f1os desde 1990 hasta 2023, el a\u00f1o que pas\u00f3 se ubica en la <strong>quinta posici\u00f3n<\/strong>.<\/p>\n\n\n\n<figure class=\"wp-block-image size-large\"><img data-recalc-dims=\"1\" loading=\"lazy\" decoding=\"async\" width=\"800\" height=\"433\" src=\"https:\/\/i0.wp.com\/cdnoticias.com\/wp-content\/uploads\/2024\/03\/IMAGEN-1.png?resize=800%2C433&#038;ssl=1\" alt=\"\" class=\"wp-image-112748\" srcset=\"https:\/\/i0.wp.com\/cdnoticias.com\/wp-content\/uploads\/2024\/03\/IMAGEN-1.png?resize=1024%2C554&amp;ssl=1 1024w, https:\/\/i0.wp.com\/cdnoticias.com\/wp-content\/uploads\/2024\/03\/IMAGEN-1.png?resize=300%2C162&amp;ssl=1 300w, https:\/\/i0.wp.com\/cdnoticias.com\/wp-content\/uploads\/2024\/03\/IMAGEN-1.png?resize=768%2C415&amp;ssl=1 768w, https:\/\/i0.wp.com\/cdnoticias.com\/wp-content\/uploads\/2024\/03\/IMAGEN-1.png?resize=1536%2C831&amp;ssl=1 1536w, https:\/\/i0.wp.com\/cdnoticias.com\/wp-content\/uploads\/2024\/03\/IMAGEN-1.png?w=1951&amp;ssl=1 1951w, https:\/\/i0.wp.com\/cdnoticias.com\/wp-content\/uploads\/2024\/03\/IMAGEN-1.png?w=1600&amp;ssl=1 1600w\" sizes=\"auto, (max-width: 800px) 100vw, 800px\" \/><\/figure>\n\n\n\n<p>El mes m\u00e1s lluvioso, por si hab\u00eda quedado alguna duda fue diciembre. <strong>En el \u00faltimo mes del a\u00f1o llovieron un total 278,1 mm<\/strong>.&nbsp; Un poco m\u00e1s del 50% de esas lluvias se distribuy\u00f3 en tres d\u00edas cercanos, <strong>el 12, el 14 y el 16 de diciembre con mediciones que llegaron a los 40,6 mm, 67,5 mm y 54 mm respectivamente<\/strong>. Mientras que el 22 de diciembre la precipitaci\u00f3n acumulada fue de 41,3 mm, es decir <strong>en 4 d\u00edas llovieron alrededor de 200 mm<\/strong>.<\/p>\n\n\n\n<p>Noviembre tambi\u00e9n fue un mes con mucha lluvia, cayeron 147,1 mm, siendo tambi\u00e9n <strong>uno de los noviembres m\u00e1s lluviosos en el per\u00edodo analizado<\/strong>. La mitad cay\u00f3 el 30 de noviembre, imag\u00ednense si ca\u00eda unos d\u00edas despu\u00e9s, no hac\u00eda falta m\u00e1s agua la verdad.<\/p>\n\n\n\n<p>Completa el podio de los meses m\u00e1s lluviosos <strong>marzo con 139,1 mm<\/strong> donde el 18 de dicho mes llovieron 48 mm. Siempre hablando del a\u00f1o 2023.<\/p>\n\n\n\n<p>De hecho, si observamos el cuadro de precipitaciones, podemos ver que el mes de diciembre de 2023 fue el diciembre con mayor cantidad de precipitaciones acumuladas de los \u00faltimos 34 a\u00f1os. <strong>Lo cual muestra lo abundante que fue la precipitaci\u00f3n en el \u00faltimo mes del a\u00f1o.<\/strong><\/p>\n\n\n\n<p>Continuando con el an\u00e1lisis de las precipitaciones, en la <strong>imagen 2<\/strong> se puede ver que a lo largo de los meses de<strong> marzo, abril, mayo y junio<\/strong> las precipitaciones acumuladas <strong>se ubicaron dentro de los valores normales de los a\u00f1os 1991-2020<\/strong>, mientras que a partir de julio la precipitaci\u00f3n acumulada fue mayor teniendo su pico, como ya hablamos, en el mes de diciembre de 2023.<\/p>\n\n\n\n<figure class=\"wp-block-image size-large\"><img data-recalc-dims=\"1\" loading=\"lazy\" decoding=\"async\" width=\"800\" height=\"506\" src=\"https:\/\/i0.wp.com\/cdnoticias.com\/wp-content\/uploads\/2024\/03\/tabla1.jpg?resize=800%2C506&#038;ssl=1\" alt=\"\" class=\"wp-image-112749\" srcset=\"https:\/\/i0.wp.com\/cdnoticias.com\/wp-content\/uploads\/2024\/03\/tabla1.jpg?resize=1024%2C648&amp;ssl=1 1024w, https:\/\/i0.wp.com\/cdnoticias.com\/wp-content\/uploads\/2024\/03\/tabla1.jpg?resize=300%2C190&amp;ssl=1 300w, https:\/\/i0.wp.com\/cdnoticias.com\/wp-content\/uploads\/2024\/03\/tabla1.jpg?resize=768%2C486&amp;ssl=1 768w, https:\/\/i0.wp.com\/cdnoticias.com\/wp-content\/uploads\/2024\/03\/tabla1.jpg?w=1071&amp;ssl=1 1071w\" sizes=\"auto, (max-width: 800px) 100vw, 800px\" \/><\/figure>\n\n\n\n<figure class=\"wp-block-image size-full\"><img data-recalc-dims=\"1\" loading=\"lazy\" decoding=\"async\" width=\"640\" height=\"480\" src=\"https:\/\/i0.wp.com\/cdnoticias.com\/wp-content\/uploads\/2024\/03\/IMAGEN-2.png?resize=640%2C480&#038;ssl=1\" alt=\"\" class=\"wp-image-112750\" srcset=\"https:\/\/i0.wp.com\/cdnoticias.com\/wp-content\/uploads\/2024\/03\/IMAGEN-2.png?w=640&amp;ssl=1 640w, https:\/\/i0.wp.com\/cdnoticias.com\/wp-content\/uploads\/2024\/03\/IMAGEN-2.png?resize=300%2C225&amp;ssl=1 300w\" sizes=\"auto, (max-width: 640px) 100vw, 640px\" \/><\/figure>\n\n\n\n<p>Para reafirmar esta informaci\u00f3n podemos analizar lo que pasa con la siguiente imagen.<\/p>\n\n\n\n<figure class=\"wp-block-image size-full\"><img data-recalc-dims=\"1\" loading=\"lazy\" decoding=\"async\" width=\"800\" height=\"504\" src=\"https:\/\/i0.wp.com\/cdnoticias.com\/wp-content\/uploads\/2024\/03\/IMAGEN-3.png?resize=800%2C504&#038;ssl=1\" alt=\"\" class=\"wp-image-112751\" srcset=\"https:\/\/i0.wp.com\/cdnoticias.com\/wp-content\/uploads\/2024\/03\/IMAGEN-3.png?w=988&amp;ssl=1 988w, https:\/\/i0.wp.com\/cdnoticias.com\/wp-content\/uploads\/2024\/03\/IMAGEN-3.png?resize=300%2C189&amp;ssl=1 300w, https:\/\/i0.wp.com\/cdnoticias.com\/wp-content\/uploads\/2024\/03\/IMAGEN-3.png?resize=768%2C483&amp;ssl=1 768w\" sizes=\"auto, (max-width: 800px) 100vw, 800px\" \/><\/figure>\n\n\n\n<p><strong>El comienzo del 2024 fue tranquilo<\/strong>, como vemos en el primer mes del a\u00f1o la precipitaci\u00f3n fue pr\u00e1cticamente escasa y vuelve a los valores altos en los siguientes dos meses.<\/p>\n\n\n\n<p><strong>El pico de este gr\u00e1fico se produjo en el mes de marzo cuando llovieron alrededor de 120 mm<\/strong>, a dichos registros le siguen los registros de noviembre, diciembre, esa semana de temporales y alertas y febrero.<\/p>\n\n\n\n<h2 class=\"wp-block-heading has-large-font-size\">Causas<\/h2>\n\n\n\n<h3 class=\"wp-block-heading\">El fen\u00f3meno de \u201cEl Ni\u00f1o\u201d<\/h3>\n\n\n\n<p><strong>Una de las causas de estas lluvias copiosas es el fen\u00f3meno de \u201cEl Ni\u00f1o\u201d<\/strong>, que <strong>entr\u00f3 en vigencia el 1\u00b0 de septiembre de 2023<\/strong> seg\u00fan <a href=\"https:\/\/www.smn.gob.ar\/noticias\/%C2%A1lleg%C3%B3-el-ni%C3%B1o-se-declar%C3%B3-el-comienzo-del-fen%C3%B3meno-en-argentina-%C2%BFqu%C3%A9-impactos-tiene-en-el\">inform\u00f3<\/a> el propio Servicio Meteorol\u00f3gico Nacional (SMN). Esto se debe a que, en las semanas previas al comienzo de la primavera, la temperatura del oc\u00e9ano Pac\u00edfico se mantuvo por encima de la temperatura umbral para estos fen\u00f3menos y la atm\u00f3sfera comenz\u00f3 a responder a ese calentamiento.<\/p>\n\n\n\n<p><strong>Dicho fen\u00f3meno clim\u00e1tico natural tiene una recurrencia de entre 2 y 7 a\u00f1os<\/strong> y sus impactos son de escala global y var\u00edan seg\u00fan la regi\u00f3n del planeta y la \u00e9poca del a\u00f1o en que el fen\u00f3meno se presente.<\/p>\n\n\n\n<p>Este tipo de fen\u00f3menos suelen traer consigo un aumento en la frecuencia y la intensidad de las precipitaciones en gran parte del centro-este y norte argentino. De hecho, <strong>seg\u00fan la proyecci\u00f3n realizada en septiembre del a\u00f1o pasado, el SMN pronosticaba en Olavarr\u00eda se pod\u00eda esperar un aumento de entre el 10% y 25% de la precipitaci\u00f3n acumulada.<\/strong><\/p>\n\n\n\n<p>Adem\u00e1s, en el mismo informe se proyectaba que <strong>las condiciones de \u201cEl Ni\u00f1o\u201d ten\u00edan un 99% de probabilidades de que se mantengan para el trimestre septiembre-octubre-noviembre 2023.<\/strong><\/p>\n\n\n\n<figure class=\"wp-block-image size-full\"><img data-recalc-dims=\"1\" loading=\"lazy\" decoding=\"async\" width=\"392\" height=\"507\" src=\"https:\/\/i0.wp.com\/cdnoticias.com\/wp-content\/uploads\/2024\/03\/IMAGEN-4.png?resize=392%2C507&#038;ssl=1\" alt=\"\" class=\"wp-image-112752\" srcset=\"https:\/\/i0.wp.com\/cdnoticias.com\/wp-content\/uploads\/2024\/03\/IMAGEN-4.png?w=392&amp;ssl=1 392w, https:\/\/i0.wp.com\/cdnoticias.com\/wp-content\/uploads\/2024\/03\/IMAGEN-4.png?resize=232%2C300&amp;ssl=1 232w\" sizes=\"auto, (max-width: 392px) 100vw, 392px\" \/><\/figure>\n\n\n\n<p>Si analizamos la precipitaci\u00f3n acumulada para la primavera 2023 (Sep-Nov), podemos ver que <strong>fue el trimestre m\u00e1s lluvioso desde 2012<\/strong>. Para el a\u00f1o 2023 la precipitaci\u00f3n acumulada fue de 336,4 mm., mientras que en 2012 fue de 338,3 mm.<\/p>\n\n\n\n<figure class=\"wp-block-image size-large\"><img data-recalc-dims=\"1\" loading=\"lazy\" decoding=\"async\" width=\"800\" height=\"980\" src=\"https:\/\/i0.wp.com\/cdnoticias.com\/wp-content\/uploads\/2024\/03\/IMAGEN-5.jpg?resize=800%2C980&#038;ssl=1\" alt=\"\" class=\"wp-image-112753\" srcset=\"https:\/\/i0.wp.com\/cdnoticias.com\/wp-content\/uploads\/2024\/03\/IMAGEN-5.jpg?resize=836%2C1024&amp;ssl=1 836w, https:\/\/i0.wp.com\/cdnoticias.com\/wp-content\/uploads\/2024\/03\/IMAGEN-5.jpg?resize=245%2C300&amp;ssl=1 245w, https:\/\/i0.wp.com\/cdnoticias.com\/wp-content\/uploads\/2024\/03\/IMAGEN-5.jpg?resize=768%2C941&amp;ssl=1 768w, https:\/\/i0.wp.com\/cdnoticias.com\/wp-content\/uploads\/2024\/03\/IMAGEN-5.jpg?w=1157&amp;ssl=1 1157w\" sizes=\"auto, (max-width: 800px) 100vw, 800px\" \/><\/figure>\n\n\n\n<p>Tambi\u00e9n el SMN inform\u00f3 que <strong>para el trimestre diciembre 2023 y enero-febrero 2024 se esperaba que la precipitaci\u00f3n acumulada est\u00e9 por encima de los valores normales entre un 40 a un 45%.<\/strong> Pero, \u00bfcu\u00e1les son esos valores normales?<\/p>\n\n\n\n<figure class=\"wp-block-image size-full\"><img data-recalc-dims=\"1\" loading=\"lazy\" decoding=\"async\" width=\"800\" height=\"533\" src=\"https:\/\/i0.wp.com\/cdnoticias.com\/wp-content\/uploads\/2024\/03\/IMAGEN-6.png?resize=800%2C533&#038;ssl=1\" alt=\"\" class=\"wp-image-112754\" srcset=\"https:\/\/i0.wp.com\/cdnoticias.com\/wp-content\/uploads\/2024\/03\/IMAGEN-6.png?w=900&amp;ssl=1 900w, https:\/\/i0.wp.com\/cdnoticias.com\/wp-content\/uploads\/2024\/03\/IMAGEN-6.png?resize=300%2C200&amp;ssl=1 300w, https:\/\/i0.wp.com\/cdnoticias.com\/wp-content\/uploads\/2024\/03\/IMAGEN-6.png?resize=768%2C512&amp;ssl=1 768w, https:\/\/i0.wp.com\/cdnoticias.com\/wp-content\/uploads\/2024\/03\/IMAGEN-6.png?resize=272%2C182&amp;ssl=1 272w\" sizes=\"auto, (max-width: 800px) 100vw, 800px\" \/><\/figure>\n\n\n\n<p>Si tenemos en cuenta que durante los meses de diciembre 2023 la precipitaci\u00f3n acumulada fue de 278,1 mm y la de febrero 2024 fue de 152,3 mm, <strong>podemos afirmar que durante dos de los tres meses la precipitaci\u00f3n acumulada estuvo por encima de los valores normales.<\/strong> El \u00fanico mes en el que no la super\u00f3, de hecho, estuvo muy por debajo fue en enero de 2024.<\/p>\n\n\n\n<h2 class=\"wp-block-heading has-large-font-size\">Cambio clim\u00e1tico<\/h2>\n\n\n\n<p>El cambio clim\u00e1tico dej\u00f3 de ser eso para los que nos estamos preparando o intentando preparar, el cambio clim\u00e1tico no es algo que va a llegar en un determinado momento y tenemos suficiente cantidad de tiempo para prepararnos. El cambio clim\u00e1tico est\u00e1 entre nosotros y se demuestra con una serie de eventos climatol\u00f3gicos que son consecuencia del aumento de la temperatura. Algunas de las consecuencias las estamos viendo ahora: <strong>temperaturas extremas, olas de calor, sequ\u00edas, inundaciones, grandes tormentas, entre otras.<\/strong><\/p>\n\n\n\n<p>Si bien, los eventos ocurridos no se relacionan directamente con el cambio clim\u00e1tico, <strong>la frecuencia y gravedad de los mismos tender\u00e1 a ser cada vez mayor como consecuencia del cambio clim\u00e1tico.<\/strong><\/p>\n\n\n\n<p>Hace unos d\u00edas el <strong>Panel Intergubernamental sobre Cambio Clim\u00e1tico<\/strong> public\u00f3 el registro de temperatura de los primeros d\u00edas de 2024.<\/p>\n\n\n\n<figure class=\"wp-block-image size-full\"><img data-recalc-dims=\"1\" loading=\"lazy\" decoding=\"async\" width=\"487\" height=\"385\" src=\"https:\/\/i0.wp.com\/cdnoticias.com\/wp-content\/uploads\/2024\/03\/IMAGEN-7.png?resize=487%2C385&#038;ssl=1\" alt=\"\" class=\"wp-image-112755\" srcset=\"https:\/\/i0.wp.com\/cdnoticias.com\/wp-content\/uploads\/2024\/03\/IMAGEN-7.png?w=487&amp;ssl=1 487w, https:\/\/i0.wp.com\/cdnoticias.com\/wp-content\/uploads\/2024\/03\/IMAGEN-7.png?resize=300%2C237&amp;ssl=1 300w\" sizes=\"auto, (max-width: 487px) 100vw, 487px\" \/><\/figure>\n\n\n\n<p>El Acuerdo de Par\u00eds que entr\u00f3 en vigencia en el a\u00f1o 2016 ten\u00eda como uno de sus objetivos:<\/p>\n\n\n\n<p><em>\u201c<strong>Evitar que el incremento de la temperatura media global del planeta supere los 2\u00baC respecto a los niveles preindustriales<\/strong> y busca, adem\u00e1s, <strong>promover esfuerzos adicionales que hagan posible que el calentamiento global no supere los 1,5\u00baC.<\/strong> Adem\u00e1s, reconoce la necesidad de que las emisiones globales toquen techo lo antes posible, asumiendo que esta tarea llevar\u00e1 m\u00e1s tiempo para los pa\u00edses en desarrollo. En cuanto a las sendas de reducci\u00f3n de emisiones a medio y largo plazo, se establece la necesidad de conseguir la neutralidad clim\u00e1tica, es decir, un equilibrio entre las emisiones y las absorciones de gases de efecto invernadero en la segunda mitad de siglo.\u201d<\/em><\/p>\n\n\n\n<p><strong>En 81 de los primeros 86 d\u00edas del a\u00f1o 2024, la temperatura estuvo por encima del l\u00edmite de 1,5\u00b0C.<\/strong><\/p>\n\n\n\n<figure class=\"wp-block-image size-large\"><img data-recalc-dims=\"1\" loading=\"lazy\" decoding=\"async\" width=\"800\" height=\"433\" src=\"https:\/\/i0.wp.com\/cdnoticias.com\/wp-content\/uploads\/2024\/03\/IMAGEN-8.png?resize=800%2C433&#038;ssl=1\" alt=\"\" class=\"wp-image-112756\" srcset=\"https:\/\/i0.wp.com\/cdnoticias.com\/wp-content\/uploads\/2024\/03\/IMAGEN-8.png?resize=1024%2C554&amp;ssl=1 1024w, https:\/\/i0.wp.com\/cdnoticias.com\/wp-content\/uploads\/2024\/03\/IMAGEN-8.png?resize=300%2C162&amp;ssl=1 300w, https:\/\/i0.wp.com\/cdnoticias.com\/wp-content\/uploads\/2024\/03\/IMAGEN-8.png?resize=768%2C416&amp;ssl=1 768w, https:\/\/i0.wp.com\/cdnoticias.com\/wp-content\/uploads\/2024\/03\/IMAGEN-8.png?w=1201&amp;ssl=1 1201w\" sizes=\"auto, (max-width: 800px) 100vw, 800px\" \/><\/figure>\n\n\n\n<p>Es decir, estamos lejos de cumplir con uno de los objetivos planteados en el Acuerdo de Par\u00eds, pero, adem\u00e1s, con las pol\u00edticas actuales estamos lejos de reducir el impacto de las emisiones de gases de efecto invernadero. <strong>Y nosotros, con un presidente negacionista del cambio clim\u00e1tico.<\/strong><\/p>\n\n\n\n<h2 class=\"wp-block-heading has-large-font-size\">Obras<\/h2>\n\n\n\n<p>Desde que comenzamos con esta columna, venimos viendo como <strong>los valores de precipitaci\u00f3n acumulada fueron muy altos durante los meses analizados.<\/strong> Al mismo tiempo, <strong>vimos que esa distribuci\u00f3n de la precipitaci\u00f3n se produjo en pocos d\u00edas y sobre todo en un corto per\u00edodo de tiempo<\/strong>, lo que nos lleva a entender un poco las consecuencias del evento.<\/p>\n\n\n\n<p>Si bien los desag\u00fces pluviales se dise\u00f1an para eventos extraordinarios, <strong>no hay sistema pluvial que pueda evacuar tanta cantidad de agua que cae en un corto per\u00edodo de tiempo<\/strong>. De hecho, muchas ciudades sufrieron inundaciones durante este verano adem\u00e1s de Olavarr\u00eda, como La Plata, Buenos Aires, Corrientes, entre otras.<\/p>\n\n\n\n<p>Las ciudades se instalaron sobre superficies permeables, donde hoy hay una casa, un club, un comercio, una calle o una vereda, antes, <strong>simplemente hab\u00eda terreno natural.<\/strong><\/p>\n\n\n\n<p>Cuando llov\u00eda, <strong>alrededor de un 50% se infiltraba<\/strong>, mientras que un 40% evapotranspiraba y <strong>solo un 10% escurr\u00eda.<\/strong> Cuando la urbanizaci\u00f3n fue impermeabilizando esas zonas, ese 50% que antes infiltraba <strong>pas\u00f3 a ser alrededor de un 15%,<\/strong> mientras que la evapotranspiraci\u00f3n se redujo al 30% y <strong>el agua que escurre pas\u00f3 de un 10% a un 55%.<\/strong><\/p>\n\n\n\n<figure class=\"wp-block-image size-full\"><img data-recalc-dims=\"1\" loading=\"lazy\" decoding=\"async\" width=\"762\" height=\"367\" src=\"https:\/\/i0.wp.com\/cdnoticias.com\/wp-content\/uploads\/2024\/03\/IMAGEN-9.png?resize=762%2C367&#038;ssl=1\" alt=\"\" class=\"wp-image-112757\" srcset=\"https:\/\/i0.wp.com\/cdnoticias.com\/wp-content\/uploads\/2024\/03\/IMAGEN-9.png?w=762&amp;ssl=1 762w, https:\/\/i0.wp.com\/cdnoticias.com\/wp-content\/uploads\/2024\/03\/IMAGEN-9.png?resize=300%2C144&amp;ssl=1 300w\" sizes=\"auto, (max-width: 762px) 100vw, 762px\" \/><\/figure>\n\n\n\n<p>Es decir, cada vez que urbanizamos, <strong>eso va acompa\u00f1ado de una impermeabilizaci\u00f3n del terreno natural aumentando la cantidad de agua que escurre y disminuyendo el \u00e1rea de infiltraci\u00f3n.<\/strong> Para eso se hicieron redes de desag\u00fce pluvial, pero todo sistema que no se actualiza, no se mejora o se abandona tiene su l\u00edmite. Entonces, puede responder bien ante determinados eventos de precipitaci\u00f3n, pero ante uno mayor <strong>puede no responder adecuadamente<\/strong> y m\u00e1s a\u00fan, si esos eventos se acumulan en una semana como sucedi\u00f3 en diciembre de 2023.<\/p>\n\n\n\n<p>Las obras en general no acompa\u00f1an los desarrollos de las ciudades, eso no pasa solo en Olavarr\u00eda, lamentablemente <strong>las obras siempre van detr\u00e1s del crecimiento de la ciudad<\/strong>, entonces sucede lo que bien mencion\u00f3 el arquitecto Jos\u00e9 Luis Arga\u00f1araz en esta <a href=\"https:\/\/www.verte.tv\/noticias\/36467--Cuando-la-desidia-es-tan-grande-como-la-ignorancia-\">nota<\/a> con Verte:<\/p>\n\n\n\n<p><em>\u201cSi los ca\u00f1os fueron colocados cuando hab\u00eda 20 mil habitantes y pocas cuadras de desarrollo, no podemos pretender que los mismos sirvan para una ciudad de 130 mil y con un desarrollo no planificado\u201d<\/em><\/p>\n\n\n\n<h2 class=\"wp-block-heading has-large-font-size\">Nuevos paradigmas<\/h2>\n\n\n\n<p>El objetivo que persiguen los desag\u00fces pluviales de la ciudad es el de <strong>recoger el agua de lluvia en exceso y evacuarlo r\u00e1pidamente hacia zonas dise\u00f1adas o destinadas para eso.<\/strong><\/p>\n\n\n\n<p>Los techos o las terrazas dirigen el agua a trav\u00e9s de las canaletas, mediante ellas el agua se dirige a las bajadas y de ah\u00ed a los ca\u00f1os verticales donde el agua se infiltra en los terrenos o se integra al sistema de desag\u00fces pluviales. Ese es el funcionamiento b\u00e1sico de las redes de pluviales.<\/p>\n\n\n\n<p>Ahora, ante fen\u00f3menos como los ocurridos el verano pasado que tienden a ser m\u00e1s recurrentes como consecuencia del cambio clim\u00e1tico, parece necesario preguntarse si <strong>con los sistemas pluviales que tienen las ciudades ser\u00e1 suficiente para mitigar el impacto de pr\u00f3ximas tormentas o ser\u00e1 necesario pensar en un complemento que amortig\u00fce el impacto sobre las redes que conocemos.<\/strong> Adem\u00e1s de pensar en ampliar y mejorar la red actual, tal vez sea necesario contar con nuevas miradas desde la hidrolog\u00eda urbana para contener o disminuir ese impacto que pueden traer precipitaciones abundantes.<\/p>\n\n\n\n<h2 class=\"wp-block-heading has-large-font-size\">Sistemas Drenaje Urbano Sostenible (SUDS)<\/h2>\n\n\n\n<p>El enfoque de este sistema reconoce el impacto negativo del desarrollo urbano en los cuerpos de agua naturales y busca minimizar la alteraci\u00f3n hidrol\u00f3gica en la medida de lo posible. A diferencia de los sistemas de drenaje convencionales que canalizan r\u00e1pidamente el agua de lluvia hacia r\u00edos y arroyos, <strong>los sistemas de drenaje urbano sostenible se dise\u00f1an para imitar procesos naturales de infiltraci\u00f3n, evaporaci\u00f3n y retenci\u00f3n en el lugar.<\/strong><\/p>\n\n\n\n<p>Uno de sus principales objetivos es <strong>mejorar la calidad del agua y reducir el riesgo de inundaciones en \u00e1reas urbanas. <\/strong>Los sistemas de drenaje convencionales pensados para eliminar el agua r\u00e1pidamente <strong>puede llevar a la erosi\u00f3n del suelo y la contaminaci\u00f3n del agua de los cuerpos de agua cercanos.<\/strong> Por el contrario, los sistemas de drenaje urbano sostenible <strong>utilizan t\u00e9cnicas de gesti\u00f3n de aguas pluviales que retienen, infiltran y filtran el agua de lluvia para minimizar la cantidad de agua que ingresa a los r\u00edos y arroyos cercanos.<\/strong> Una de las principales ventajas que tiene este sistema es que <strong>ralentiza la velocidad con la que escurre el agua para reducir as\u00ed la posible saturaci\u00f3n del sistema de desag\u00fce con las inundaciones consecuentes.<\/strong><\/p>\n\n\n\n<p>Existen diversas tipolog\u00edas de estos sistemas que se adaptan a las diferentes necesidades y caracter\u00edsticas de los entornos urbanos. Algunas de las tipolog\u00edas m\u00e1s utilizadas son:<\/p>\n\n\n\n<ul class=\"wp-block-list\">\n<li><strong>Techos verdes:<\/strong> son sistemas de vegetaci\u00f3n que se instalan en la parte superior de los edificios y que permiten retener el agua de lluvia y reducir el impacto del calor urbano.<\/li>\n<\/ul>\n\n\n\n<figure class=\"wp-block-image size-full\"><img data-recalc-dims=\"1\" loading=\"lazy\" decoding=\"async\" width=\"580\" height=\"580\" src=\"https:\/\/i0.wp.com\/cdnoticias.com\/wp-content\/uploads\/2024\/03\/IMAGEN-10.jpg?resize=580%2C580&#038;ssl=1\" alt=\"\" class=\"wp-image-112758\" srcset=\"https:\/\/i0.wp.com\/cdnoticias.com\/wp-content\/uploads\/2024\/03\/IMAGEN-10.jpg?w=580&amp;ssl=1 580w, https:\/\/i0.wp.com\/cdnoticias.com\/wp-content\/uploads\/2024\/03\/IMAGEN-10.jpg?resize=300%2C300&amp;ssl=1 300w, https:\/\/i0.wp.com\/cdnoticias.com\/wp-content\/uploads\/2024\/03\/IMAGEN-10.jpg?resize=150%2C150&amp;ssl=1 150w\" sizes=\"auto, (max-width: 580px) 100vw, 580px\" \/><\/figure>\n\n\n\n<ul class=\"wp-block-list\">\n<li><strong>Jardines de lluvia:<\/strong> son \u00e1reas ajardinadas que se dise\u00f1an para captar y retener el agua de lluvia y permitir su infiltraci\u00f3n en el suelo.<\/li>\n<\/ul>\n\n\n\n<figure class=\"wp-block-image size-full\"><img data-recalc-dims=\"1\" loading=\"lazy\" decoding=\"async\" width=\"799\" height=\"449\" src=\"https:\/\/i0.wp.com\/cdnoticias.com\/wp-content\/uploads\/2024\/03\/IMAGEN-12.jpg?resize=799%2C449&#038;ssl=1\" alt=\"\" class=\"wp-image-112759\" srcset=\"https:\/\/i0.wp.com\/cdnoticias.com\/wp-content\/uploads\/2024\/03\/IMAGEN-12.jpg?w=799&amp;ssl=1 799w, https:\/\/i0.wp.com\/cdnoticias.com\/wp-content\/uploads\/2024\/03\/IMAGEN-12.jpg?resize=300%2C169&amp;ssl=1 300w, https:\/\/i0.wp.com\/cdnoticias.com\/wp-content\/uploads\/2024\/03\/IMAGEN-12.jpg?resize=768%2C432&amp;ssl=1 768w\" sizes=\"auto, (max-width: 799px) 100vw, 799px\" \/><\/figure>\n\n\n\n<ul class=\"wp-block-list\">\n<li><strong>Pavimentos permeables:<\/strong> son pavimentos que permiten la infiltraci\u00f3n del agua de lluvia en el suelo y reducen la cantidad de agua que se dirige a los sistemas de drenaje convencionales.<\/li>\n<\/ul>\n\n\n\n<figure class=\"wp-block-image size-full\"><img data-recalc-dims=\"1\" loading=\"lazy\" decoding=\"async\" width=\"800\" height=\"600\" src=\"https:\/\/i0.wp.com\/cdnoticias.com\/wp-content\/uploads\/2024\/03\/IMAGEN-13.jpg?resize=800%2C600&#038;ssl=1\" alt=\"\" class=\"wp-image-112760\" srcset=\"https:\/\/i0.wp.com\/cdnoticias.com\/wp-content\/uploads\/2024\/03\/IMAGEN-13.jpg?w=1000&amp;ssl=1 1000w, https:\/\/i0.wp.com\/cdnoticias.com\/wp-content\/uploads\/2024\/03\/IMAGEN-13.jpg?resize=300%2C225&amp;ssl=1 300w, https:\/\/i0.wp.com\/cdnoticias.com\/wp-content\/uploads\/2024\/03\/IMAGEN-13.jpg?resize=768%2C576&amp;ssl=1 768w\" sizes=\"auto, (max-width: 800px) 100vw, 800px\" \/><\/figure>\n\n\n\n<ul class=\"wp-block-list\">\n<li><strong>Zanjas de infiltraci\u00f3n:<\/strong> son zanjas que se excavan en el suelo y que permiten la infiltraci\u00f3n del agua de lluvia en el subsuelo.<\/li>\n\n\n\n<li><strong>Depresiones de retenci\u00f3n:<\/strong> son \u00e1reas planas que se dise\u00f1an para retener temporalmente el agua de lluvia y permitir su infiltraci\u00f3n en el suelo.<\/li>\n<\/ul>\n\n\n\n<figure class=\"wp-block-image size-large\"><img data-recalc-dims=\"1\" loading=\"lazy\" decoding=\"async\" width=\"800\" height=\"477\" src=\"https:\/\/i0.wp.com\/cdnoticias.com\/wp-content\/uploads\/2024\/03\/IMAGEN-14.jpg?resize=800%2C477&#038;ssl=1\" alt=\"\" class=\"wp-image-112761\" srcset=\"https:\/\/i0.wp.com\/cdnoticias.com\/wp-content\/uploads\/2024\/03\/IMAGEN-14.jpg?resize=1024%2C610&amp;ssl=1 1024w, https:\/\/i0.wp.com\/cdnoticias.com\/wp-content\/uploads\/2024\/03\/IMAGEN-14.jpg?resize=300%2C179&amp;ssl=1 300w, https:\/\/i0.wp.com\/cdnoticias.com\/wp-content\/uploads\/2024\/03\/IMAGEN-14.jpg?resize=768%2C458&amp;ssl=1 768w, https:\/\/i0.wp.com\/cdnoticias.com\/wp-content\/uploads\/2024\/03\/IMAGEN-14.jpg?resize=1536%2C915&amp;ssl=1 1536w, https:\/\/i0.wp.com\/cdnoticias.com\/wp-content\/uploads\/2024\/03\/IMAGEN-14.jpg?w=2000&amp;ssl=1 2000w, https:\/\/i0.wp.com\/cdnoticias.com\/wp-content\/uploads\/2024\/03\/IMAGEN-14.jpg?w=1600&amp;ssl=1 1600w\" sizes=\"auto, (max-width: 800px) 100vw, 800px\" \/><\/figure>\n\n\n\n<p><\/p>\n\n\n\n<h2 class=\"wp-block-heading has-large-font-size\">Conclusi\u00f3n<\/h2>\n\n\n\n<p>Olavarr\u00eda <a href=\"https:\/\/cdnoticias.com\/index.php\/2023\/12\/18\/olavarria-es-una-zona-propicia-para-tormentas-severas\/#google_vignette\">\u201ces una zona propicia para tormentas severas\u201d<\/a>, as\u00ed lo afirm\u00f3 la <strong>doctora en meteorolog\u00eda Mar\u00eda Luisa Altinger<\/strong> en el programa <em>\u201cLevantate por Radio Sapiens\u201d. <\/em>Y si bien ella, al igual que otros profesionales, no fue tajante en cuanto a que esto sea una consecuencia del cambio clim\u00e1tico, indic\u00f3 <strong>\u201cno podemos decir que eso es por el cambio, por ahora. Es probable que s\u00ed, que hay una se\u00f1al. Pero habr\u00e1 que tener m\u00e1s datos\u201d.<\/strong><\/p>\n\n\n\n<p>Lo cierto es que este tipo de fen\u00f3menos nos obligan a repensar en la gesti\u00f3n del agua en las ciudades, <strong>en si el enfoque tradicional est\u00e1 preparado para dar respuestas a lo que pueden ser nuevas demandas y tambi\u00e9n invita a reflexionar sobre la ciudad que tenemos, la ciudad que queremos y la ciudad que necesitamos.<\/strong><\/p>\n\n\n\n<p>El nuevo enfoque de la gesti\u00f3n de desag\u00fces <strong>urbanos obliga a profesionales a pensar en proyectos integrales que requerir\u00e1n sin duda, de equipos multidisciplinarios<\/strong> para pensar la ciudad del futuro que responda a las nuevas demandas.<\/p>\n\n\n\n<p>Hasta ac\u00e1 llegamos hoy, pero me gustar\u00eda destacar algo. Esta columna <strong>no se podr\u00eda haber hecho sin la informaci\u00f3n brindada desde la Estaci\u00f3n de Observaci\u00f3n Meteorol\u00f3gica local y sin los datos hist\u00f3ricos e informes brindados por el Servicio Meteorol\u00f3gico Nacional<\/strong>, una instituci\u00f3n que tiene 152 a\u00f1os y es fundamental para el desarrollo de un pa\u00eds. Desde este humilde lugar, me solidarizo con el personal que ejerce su tarea y esta semana fue despedido sin ning\u00fan tipo de justificaci\u00f3n y deseo que puedan ser reincorporados prontamente. Al igual que con las ciudades, <strong>este tambi\u00e9n parece un momento propicio para reflexionar sobre el pa\u00eds que queremos.<\/strong><\/p>\n\n\n\n<p>En la recomendaci\u00f3n de hoy, te de dejo esta <a href=\"https:\/\/transecto.com\/2020\/05\/parques-inundables\/\">nota<\/a> sobre parques inundables para que sigas leyendo si te interes\u00f3 el tema.<\/p>\n\n\n\n<p>De mi parte, nos volvemos a leer en unos d\u00edas.<\/p>\n","protected":false},"excerpt":{"rendered":"<p>Informe especial sobre el clima y la preparaci\u00f3n de las ciudades. \u00bfSer\u00e1n estos eventos m\u00e1s frecuentes? Los nuevos paradigmas. Por<\/p>\n","protected":false},"author":2,"featured_media":112762,"comment_status":"closed","ping_status":"closed","sticky":false,"template":"","format":"standard","meta":{"_jetpack_memberships_contains_paid_content":false,"footnotes":""},"categories":[5,1],"tags":[],"class_list":["post-112747","post","type-post","status-publish","format-standard","has-post-thumbnail","hentry","category-informacion-general","category-portada"],"jetpack_featured_media_url":"https:\/\/i0.wp.com\/cdnoticias.com\/wp-content\/uploads\/2024\/03\/PORTADA.jpg?fit=2081%2C1169&ssl=1","jetpack_sharing_enabled":true,"_links":{"self":[{"href":"https:\/\/cdnoticias.com\/index.php\/wp-json\/wp\/v2\/posts\/112747","targetHints":{"allow":["GET"]}}],"collection":[{"href":"https:\/\/cdnoticias.com\/index.php\/wp-json\/wp\/v2\/posts"}],"about":[{"href":"https:\/\/cdnoticias.com\/index.php\/wp-json\/wp\/v2\/types\/post"}],"author":[{"embeddable":true,"href":"https:\/\/cdnoticias.com\/index.php\/wp-json\/wp\/v2\/users\/2"}],"replies":[{"embeddable":true,"href":"https:\/\/cdnoticias.com\/index.php\/wp-json\/wp\/v2\/comments?post=112747"}],"version-history":[{"count":0,"href":"https:\/\/cdnoticias.com\/index.php\/wp-json\/wp\/v2\/posts\/112747\/revisions"}],"wp:featuredmedia":[{"embeddable":true,"href":"https:\/\/cdnoticias.com\/index.php\/wp-json\/wp\/v2\/media\/112762"}],"wp:attachment":[{"href":"https:\/\/cdnoticias.com\/index.php\/wp-json\/wp\/v2\/media?parent=112747"}],"wp:term":[{"taxonomy":"category","embeddable":true,"href":"https:\/\/cdnoticias.com\/index.php\/wp-json\/wp\/v2\/categories?post=112747"},{"taxonomy":"post_tag","embeddable":true,"href":"https:\/\/cdnoticias.com\/index.php\/wp-json\/wp\/v2\/tags?post=112747"}],"curies":[{"name":"wp","href":"https:\/\/api.w.org\/{rel}","templated":true}]}}