{"id":112742,"date":"2024-03-31T19:16:07","date_gmt":"2024-03-31T22:16:07","guid":{"rendered":"https:\/\/cdnoticias.com\/?p=112742"},"modified":"2024-03-31T19:16:09","modified_gmt":"2024-03-31T22:16:09","slug":"se-viene-la-muestra-carteras-con-historias-madres-y-abuelas-de-plaza-de-mayo","status":"publish","type":"post","link":"https:\/\/cdnoticias.com\/index.php\/2024\/03\/31\/se-viene-la-muestra-carteras-con-historias-madres-y-abuelas-de-plaza-de-mayo\/","title":{"rendered":"Se viene la muestra \u201cCarteras con historias\u201d: Madres y abuelas de Plaza de Mayo"},"content":{"rendered":"\n<p>Ser\u00e1 desde el jueves 11 al martes 30 de abril. \u201cLa historia de las mujeres y sus carteras nos permite hacer un an\u00e1lisis pol\u00edtico, econ\u00f3mico y social de un objeto que nos ha acompa\u00f1ado desde los comienzos de la historia\u201d.<\/p>\n\n\n\n<hr class=\"wp-block-separator aligncenter has-alpha-channel-opacity\"\/>\n\n\n\n<p>Desde el<strong> jueves 11 al martes 30 de abril se realizar\u00e1 la muestra gratuita &#8220;Carteras con Historias&#8221; en la sede de Suteba Olavarr\u00eda, San Mart\u00edn 2972.<\/strong><\/p>\n\n\n\n<p>La historia de las mujeres y sus carteras<em><strong> \u201cnos permite hacer un an\u00e1lisis pol\u00edtico, econ\u00f3mico y social de un objeto que nos ha acompa\u00f1ado desde los comienzos de la historia de la humanidad\u201d.<\/strong><\/em><\/p>\n\n\n\n<blockquote class=\"wp-block-quote is-layout-flow wp-block-quote-is-layout-flow\">\n<p>\u201cHoy mochilas, ayer cueros de animales atados, peque\u00f1os y min\u00fasculos recept\u00e1culos que se fueron transformando cuando la mujer comenz\u00f3 trabajar. Bolsas, bolsitas, bolsones, de mano, con diversos materiales, de entre casa, de fiesta, la de las parteras, la de las madres de Plaza de Mayo, las que acompa\u00f1aron a las inmigrantes, las de las maestras, los primeros ba\u00fales, los monederos, las bolsas de los mandados. Cada una con una historia por contar\u201d.<\/p>\n<\/blockquote>\n\n\n\n<p>En esta oportunidad,<strong> se compartir\u00e1 la historia de las carteras de Madres y Abuelas de Plaza de Mayo pensada y producida por la muse\u00f3loga Maribel Garc\u00eda.<\/strong><\/p>\n\n\n\n<p>La instalaci\u00f3n consta de dos partes. Por un lado, <strong>la muestra en Suteba se centrar\u00e1 en las carteras de Madres y Abuelas de Plaza de Mayo. Tambi\u00e9n se incorporar\u00e1n las mu\u00f1ecas de las abuelas realizadas por el grupo &#8220;Mu\u00f1equeras&#8221; de la ciudad de Azul.<\/strong><\/p>\n\n\n\n<p>Por otro lado<strong>, en el SUM del Centro de Empleados de Comercio (CECO) se expondr\u00e1 la historia de las carteras en relaci\u00f3n al uso de ese objeto, en los cinco continentes, desde los inicios de la humanidad.<\/strong><\/p>\n\n\n\n<p>Desde la organizaci\u00f3n se invit\u00f3 a docentes de distintos niveles y modalidades de nuestra ciudad a concurrir con sus estudiantes; habr\u00e1 visitas guiadas y charlas adaptadas a cada nivel educativo. <a href=\"https:\/\/forms.gle\/qCpAuLZYAZuRqfKB7\" target=\"_blank\" rel=\"noreferrer noopener\">Para ello pueden contactarse e inscribirse en el siguiente enlace.<\/a><\/p>\n\n\n\n<p>Otro medio de contacto: mail olavarria@suteba.org.ar o al celular: 2284-655618<\/p>\n","protected":false},"excerpt":{"rendered":"<p>Ser\u00e1 desde el jueves 11 al martes 30 de abril. \u201cLa historia de las mujeres y sus carteras nos permite<\/p>\n","protected":false},"author":2,"featured_media":112743,"comment_status":"closed","ping_status":"closed","sticky":false,"template":"","format":"standard","meta":{"_jetpack_memberships_contains_paid_content":false,"footnotes":""},"categories":[5,1],"tags":[],"class_list":["post-112742","post","type-post","status-publish","format-standard","has-post-thumbnail","hentry","category-informacion-general","category-portada"],"jetpack_featured_media_url":"https:\/\/i0.wp.com\/cdnoticias.com\/wp-content\/uploads\/2024\/03\/WhatsApp-Image-2024-03-27-at-10.29.48.jpeg?fit=1127%2C692&ssl=1","jetpack_sharing_enabled":true,"_links":{"self":[{"href":"https:\/\/cdnoticias.com\/index.php\/wp-json\/wp\/v2\/posts\/112742","targetHints":{"allow":["GET"]}}],"collection":[{"href":"https:\/\/cdnoticias.com\/index.php\/wp-json\/wp\/v2\/posts"}],"about":[{"href":"https:\/\/cdnoticias.com\/index.php\/wp-json\/wp\/v2\/types\/post"}],"author":[{"embeddable":true,"href":"https:\/\/cdnoticias.com\/index.php\/wp-json\/wp\/v2\/users\/2"}],"replies":[{"embeddable":true,"href":"https:\/\/cdnoticias.com\/index.php\/wp-json\/wp\/v2\/comments?post=112742"}],"version-history":[{"count":0,"href":"https:\/\/cdnoticias.com\/index.php\/wp-json\/wp\/v2\/posts\/112742\/revisions"}],"wp:featuredmedia":[{"embeddable":true,"href":"https:\/\/cdnoticias.com\/index.php\/wp-json\/wp\/v2\/media\/112743"}],"wp:attachment":[{"href":"https:\/\/cdnoticias.com\/index.php\/wp-json\/wp\/v2\/media?parent=112742"}],"wp:term":[{"taxonomy":"category","embeddable":true,"href":"https:\/\/cdnoticias.com\/index.php\/wp-json\/wp\/v2\/categories?post=112742"},{"taxonomy":"post_tag","embeddable":true,"href":"https:\/\/cdnoticias.com\/index.php\/wp-json\/wp\/v2\/tags?post=112742"}],"curies":[{"name":"wp","href":"https:\/\/api.w.org\/{rel}","templated":true}]}}