{"id":112740,"date":"2024-03-31T18:40:46","date_gmt":"2024-03-31T21:40:46","guid":{"rendered":"https:\/\/cdnoticias.com\/?p=112740"},"modified":"2024-03-31T21:01:23","modified_gmt":"2024-04-01T00:01:23","slug":"tras-la-falla-en-una-linea-de-media-tension-se-normalizo-el-servicio-electrico","status":"publish","type":"post","link":"https:\/\/cdnoticias.com\/index.php\/2024\/03\/31\/tras-la-falla-en-una-linea-de-media-tension-se-normalizo-el-servicio-electrico\/","title":{"rendered":"Tras la falla en una l\u00ednea de media tensi\u00f3n, se normaliz\u00f3 el servicio el\u00e9ctrico"},"content":{"rendered":"\n<p>Solo resta un sector de la localidad de Sierra Chica, lugar donde se detect\u00f3 y aisl\u00f3 la falla.<\/p>\n\n\n\n<hr class=\"wp-block-separator aligncenter has-alpha-channel-opacity\"\/>\n\n\n\n<p>Luego de la salida de servicio de una l\u00ednea de media tensi\u00f3n, <strong>este domingo finalmente volvi\u00f3 el servicio el\u00e9ctrico en ocho barrios y dos localidades de la ciudad.<\/strong><\/p>\n\n\n\n<p>Sin embargo,<strong> se ha aislado la falla, que se encuentra en la localidad de Sierra Chica y por lo tanto un sector de la misma se encuentra sin suministro, explicaron desde Coopelectric.<\/strong><\/p>\n\n\n\n<p>Justamente, personal de la cooperativa contin\u00faa trabajando para restablecer el servicio al 100%.<\/p>\n","protected":false},"excerpt":{"rendered":"<p>Solo resta un sector de la localidad de Sierra Chica, lugar donde se detect\u00f3 y aisl\u00f3 la falla. Luego de<\/p>\n","protected":false},"author":2,"featured_media":105909,"comment_status":"closed","ping_status":"closed","sticky":false,"template":"","format":"standard","meta":{"_jetpack_memberships_contains_paid_content":false,"footnotes":""},"categories":[5,1],"tags":[],"class_list":["post-112740","post","type-post","status-publish","format-standard","has-post-thumbnail","hentry","category-informacion-general","category-portada"],"jetpack_featured_media_url":"https:\/\/i0.wp.com\/cdnoticias.com\/wp-content\/uploads\/2024\/01\/coopelectric-reparacion.jpg?fit=900%2C500&ssl=1","jetpack_sharing_enabled":true,"_links":{"self":[{"href":"https:\/\/cdnoticias.com\/index.php\/wp-json\/wp\/v2\/posts\/112740","targetHints":{"allow":["GET"]}}],"collection":[{"href":"https:\/\/cdnoticias.com\/index.php\/wp-json\/wp\/v2\/posts"}],"about":[{"href":"https:\/\/cdnoticias.com\/index.php\/wp-json\/wp\/v2\/types\/post"}],"author":[{"embeddable":true,"href":"https:\/\/cdnoticias.com\/index.php\/wp-json\/wp\/v2\/users\/2"}],"replies":[{"embeddable":true,"href":"https:\/\/cdnoticias.com\/index.php\/wp-json\/wp\/v2\/comments?post=112740"}],"version-history":[{"count":0,"href":"https:\/\/cdnoticias.com\/index.php\/wp-json\/wp\/v2\/posts\/112740\/revisions"}],"wp:featuredmedia":[{"embeddable":true,"href":"https:\/\/cdnoticias.com\/index.php\/wp-json\/wp\/v2\/media\/105909"}],"wp:attachment":[{"href":"https:\/\/cdnoticias.com\/index.php\/wp-json\/wp\/v2\/media?parent=112740"}],"wp:term":[{"taxonomy":"category","embeddable":true,"href":"https:\/\/cdnoticias.com\/index.php\/wp-json\/wp\/v2\/categories?post=112740"},{"taxonomy":"post_tag","embeddable":true,"href":"https:\/\/cdnoticias.com\/index.php\/wp-json\/wp\/v2\/tags?post=112740"}],"curies":[{"name":"wp","href":"https:\/\/api.w.org\/{rel}","templated":true}]}}