{"id":112733,"date":"2024-03-31T12:13:56","date_gmt":"2024-03-31T15:13:56","guid":{"rendered":"https:\/\/cdnoticias.com\/?p=112733"},"modified":"2024-03-31T18:00:13","modified_gmt":"2024-03-31T21:00:13","slug":"la-politica-de-olavarria-y-sus-discusiones-de-fondo","status":"publish","type":"post","link":"https:\/\/cdnoticias.com\/index.php\/2024\/03\/31\/la-politica-de-olavarria-y-sus-discusiones-de-fondo\/","title":{"rendered":"La pol\u00edtica de Olavarr\u00eda y sus discusiones de fondo"},"content":{"rendered":"\n<p>La Asamblea del STMO dej\u00f3 mucha tela para cortar: \u00bfdiscusi\u00f3n salarial o de manejo de poder en lo local? Mientras tanto, las pol\u00edticas de Milei dejan efectos cada vez m\u00e1s duros en la ciudad. La mini audiencia del agua y la decepci\u00f3n de no poder\u2026discutir el fondo.<\/p>\n\n\n\n<hr class=\"wp-block-separator aligncenter has-alpha-channel-opacity\"\/>\n\n\n\n<p><em>Volver a las Fuentes, por Josefina Bargas y Alexis Grierson<\/em><\/p>\n\n\n\n<p class=\"has-large-font-size\"><strong>El fondo de la cuesti\u00f3n<\/strong><\/p>\n\n\n\n<figure class=\"wp-block-image size-large\"><img data-recalc-dims=\"1\" loading=\"lazy\" decoding=\"async\" width=\"800\" height=\"445\" src=\"https:\/\/i0.wp.com\/cdnoticias.com\/wp-content\/uploads\/2024\/03\/asamblea-municipales9.jpg?resize=800%2C445&#038;ssl=1\" alt=\"\" class=\"wp-image-112312\" srcset=\"https:\/\/i0.wp.com\/cdnoticias.com\/wp-content\/uploads\/2024\/03\/asamblea-municipales9-scaled.jpg?resize=1024%2C570&amp;ssl=1 1024w, https:\/\/i0.wp.com\/cdnoticias.com\/wp-content\/uploads\/2024\/03\/asamblea-municipales9-scaled.jpg?resize=300%2C167&amp;ssl=1 300w, https:\/\/i0.wp.com\/cdnoticias.com\/wp-content\/uploads\/2024\/03\/asamblea-municipales9-scaled.jpg?resize=768%2C427&amp;ssl=1 768w, https:\/\/i0.wp.com\/cdnoticias.com\/wp-content\/uploads\/2024\/03\/asamblea-municipales9-scaled.jpg?resize=1536%2C854&amp;ssl=1 1536w, https:\/\/i0.wp.com\/cdnoticias.com\/wp-content\/uploads\/2024\/03\/asamblea-municipales9-scaled.jpg?resize=2048%2C1139&amp;ssl=1 2048w, https:\/\/i0.wp.com\/cdnoticias.com\/wp-content\/uploads\/2024\/03\/asamblea-municipales9-scaled.jpg?resize=800%2C445&amp;ssl=1 800w, https:\/\/i0.wp.com\/cdnoticias.com\/wp-content\/uploads\/2024\/03\/asamblea-municipales9-scaled.jpg?w=1600&amp;ssl=1 1600w, https:\/\/i0.wp.com\/cdnoticias.com\/wp-content\/uploads\/2024\/03\/asamblea-municipales9-scaled.jpg?w=2400&amp;ssl=1 2400w\" sizes=\"auto, (max-width: 800px) 100vw, 800px\" \/><\/figure>\n\n\n\n<p><strong>La semana pasada les adelant\u00e1bamos que no ser\u00eda una asamblea m\u00e1s.<\/strong> Con muchas variables en juego, el sector de cocina del Hospital Municipal fue la sede de un encuentro entre integrantes del Sindicato de Trabajadores Municipales de Olavarr\u00eda (STMO) y los trabajadores para debatir sobre la \u00faltima oferta realizada por el Municipio y avanzar en ese sentido.<\/p>\n\n\n\n<p>Sin la Asociaci\u00f3n de Profesionales, la convocatoria podr\u00eda ser floja pero a contrario de la expectativa, <strong>fue la m\u00e1s convocante de todas las realizadas este a\u00f1o. M\u00e1s de 200 personas se congregaron primero en un respetuoso silencio para escuchar los detalles de la oferta del Municipio al gremio, y luego en un caos que algunos acusaron de sabotaje, otros de \u201ccuestionamientos internos\u201d por la postura de rechazo permanente del sindicato hacia el Municipio.<\/strong><\/p>\n\n\n\n<p>Es que llevamos un camino de an\u00e1lisis que suma un cap\u00edtulo, pero no cualquiera<strong>: mientras sigue la negociaci\u00f3n salarial, lo que se discute de fondo es el poder que construy\u00f3 el sindicato en los \u00faltimos a\u00f1os y el cambio de din\u00e1mica que propone la nueva gesti\u00f3n.<\/strong><\/p>\n\n\n\n<p>La voz cantante la llev\u00f3, por supuesto, <strong>el secretario general del gremio, Jos\u00e9 Stuppia, mientras que tambi\u00e9n tuvo un rol protag\u00f3nico la asesora legal y Secretaria de Actas y Administraci\u00f3n del STMO, Luisina Stuppia.<\/strong><\/p>\n\n\n\n<figure class=\"wp-block-image size-large\"><img data-recalc-dims=\"1\" loading=\"lazy\" decoding=\"async\" width=\"800\" height=\"445\" src=\"https:\/\/i0.wp.com\/cdnoticias.com\/wp-content\/uploads\/2024\/03\/asamblea-municipales-luisinastuppia.jpg?resize=800%2C445&#038;ssl=1\" alt=\"\" class=\"wp-image-112314\" srcset=\"https:\/\/i0.wp.com\/cdnoticias.com\/wp-content\/uploads\/2024\/03\/asamblea-municipales-luisinastuppia-scaled.jpg?resize=1024%2C570&amp;ssl=1 1024w, https:\/\/i0.wp.com\/cdnoticias.com\/wp-content\/uploads\/2024\/03\/asamblea-municipales-luisinastuppia-scaled.jpg?resize=300%2C167&amp;ssl=1 300w, https:\/\/i0.wp.com\/cdnoticias.com\/wp-content\/uploads\/2024\/03\/asamblea-municipales-luisinastuppia-scaled.jpg?resize=768%2C427&amp;ssl=1 768w, https:\/\/i0.wp.com\/cdnoticias.com\/wp-content\/uploads\/2024\/03\/asamblea-municipales-luisinastuppia-scaled.jpg?resize=1536%2C855&amp;ssl=1 1536w, https:\/\/i0.wp.com\/cdnoticias.com\/wp-content\/uploads\/2024\/03\/asamblea-municipales-luisinastuppia-scaled.jpg?resize=2048%2C1140&amp;ssl=1 2048w, https:\/\/i0.wp.com\/cdnoticias.com\/wp-content\/uploads\/2024\/03\/asamblea-municipales-luisinastuppia-scaled.jpg?resize=800%2C445&amp;ssl=1 800w, https:\/\/i0.wp.com\/cdnoticias.com\/wp-content\/uploads\/2024\/03\/asamblea-municipales-luisinastuppia-scaled.jpg?w=1600&amp;ssl=1 1600w, https:\/\/i0.wp.com\/cdnoticias.com\/wp-content\/uploads\/2024\/03\/asamblea-municipales-luisinastuppia-scaled.jpg?w=2400&amp;ssl=1 2400w\" sizes=\"auto, (max-width: 800px) 100vw, 800px\" \/><\/figure>\n\n\n\n<p><strong>De entrada llam\u00f3 la atenci\u00f3n la presencia de dos concejales de Uni\u00f3n por la Patria, Hern\u00e1n Quiroga y Patricia Pereyra. <\/strong>Ten\u00edan una raz\u00f3n: si bien hoy son concejales, los dos son empleados municipales (en licencia, claro est\u00e1) y Pereyra incluso tiene 35 a\u00f1os de antig\u00fcedad en Licencias de Conducir. Pero lo que llam\u00f3 un poco m\u00e1s la atenci\u00f3n fue la presencia de algunos funcionarios de distintas \u00e1reas.<\/p>\n\n\n\n<p>Si bien en principio se especific\u00f3 que \u201ctienen derecho como cualquier empleado\u201d de participar de la Asamblea (lo que es t\u00e9cnicamente cierto) despu\u00e9s se a\u00f1adi\u00f3, ante la evidencia de la contradicci\u00f3n de quedar en un lugar comprometido, que fueron a acompa\u00f1ar a trabajadores que quer\u00edan participar de la Asamblea y poder plantear su postura sin recibir represalias.<\/p>\n\n\n\n<p>Lo concreto es que todo esto, <strong>al momento del inicio de la Asamblea, no se hab\u00eda explicitado de ning\u00fan modo. <\/strong>Solo alg\u00fan comentario por lo bajo, en tono de broma, que daba cuenta de la presencia de los concejales y algunos funcionarios. <strong>\u201cMe alegra y celebramos el inter\u00e9s de los trabajadores en sumarse a esta Asamblea\u201d dijo Stuppia como un palito.<\/strong><\/p>\n\n\n\n<p>Si bien es v\u00e1lida la cr\u00edtica de la presencia de funcionarios e incluso de concejales -desde el STMO se buscaba incluso generar una sanci\u00f3n a los ediles en el HCD por la incompatibilidad de la presencia- el \u00e1rbol no debe tapar el bosque:<strong> hubo una asistencia importante de trabajadores que quer\u00eda que se acepte la propuesta del Ejecutivo catalogada como \u201cbuena\u201d teniendo en cuenta el complejo contexto econ\u00f3mico.<\/strong><\/p>\n\n\n\n<p>Desde un primer momento, no era para nada la intenci\u00f3n del STMO. En voz de Jos\u00e9 y Luisina, los Stuppia manifestaron en todo momento que ellos tambi\u00e9n ven un problema de base:<strong> la distribuci\u00f3n de los fondos a los trabajadores. Plantearon que existe una masa salarial que debe distribuirse entre los empleados, y lo que piden desde el gremio es que se \u201cdistribuya distinto\u201d a otras ocasiones. Es decir, en partes iguales a los trabajadores.<\/strong><\/p>\n\n\n\n<p>A la respuesta que les hab\u00eda hecho Maximiliano Wesner en torno a esa distribuci\u00f3n -que en los papeles generar\u00eda m\u00e1s dinero del que se acord\u00f3 de masa salarial- le lleg\u00f3 una contrapropuesta<strong>: para no generar m\u00e1s erogaciones, buscar\u00edan acordar un porcentaje que vaya al remunerativo, mientras que el restante ser\u00eda no remunerativo. Desde el Municipio adelantaron a este newsletter la misma postura, sigue significando m\u00e1s erogaciones que la masa salarial propuesta -2 mil millones de pesos por tres meses-.<\/strong><\/p>\n\n\n\n<p><strong>Esta discusi\u00f3n, de todas maneras, es interesante.<\/strong> Si bien al final del camino representar\u00eda m\u00e1s dinero para erogar desde las arcas municipales, lo que buscan desde el gremio es que haya un aumento m\u00e1s \u201cparejo\u201d para todos los trabajadores. <strong>Es decir, que los que ganan menos tengan m\u00e1s aumento y los que ganan m\u00e1s, menos. Achicar la brecha entre categor\u00edas. No es algo que no tenga en cuenta la comuna, las diferencias aparecen en las formas. <\/strong>De hecho, la diferencia de 30 mil en la oferta inicial y 40 mil en la que finalmente se pag\u00f3, est\u00e1 ese achicamiento. \u201cLos bonos son pan para hoy, hambre para ma\u00f1ana\u201d dijo la hija de Jos\u00e9 Salvador en la Asamblea.<\/p>\n\n\n\n<p>Si bien en la Asamblea se buscaba en todo momento votar el rechazo a la propuesta para negociar la contrapropuesta reci\u00e9n mencionada, <strong>la situaci\u00f3n dio un giro inesperado: un grupo de trabajadores busc\u00f3 votar la aprobaci\u00f3n de la oferta realizada por el Municipio.<\/strong><\/p>\n\n\n\n<p><strong>\u201cNo hab\u00eda nada para votar\u201d dijeron desde el gremio<\/strong>, se\u00f1alando que solo era una asamblea para \u201canalizar\u201d la propuesta. La situaci\u00f3n es bastante confusa: durante la actividad se indic\u00f3 que se ten\u00eda que rechazar el ofrecimiento para ir con la contrapropuesta.<strong> De todas maneras, es una discusi\u00f3n 100% informal: no hab\u00eda nadie tomando nota en un acta, no estaba la asamblea 100% constituida en los papeles.<\/strong><\/p>\n\n\n\n<p><strong>\u201cNo s\u00e9 si ten\u00edamos mayor\u00eda, pero si contaban creo que quedaba pareja la historia\u201d <\/strong>confes\u00f3 uno de los trabajadores que quiso aprobar el aumento en di\u00e1logo con este newsletter. \u201cDicen que quisimos romper la Asamblea y solo quisimos ejercer nuestros derechos dentro del gremio. Es medio autoritario el que dijo eso\u201d agreg\u00f3, en referencia a su presencia y a los duros cuestionamientos realizados.<\/p>\n\n\n\n<p>A todo esto le debemos sumar un factor: <strong>hab\u00eda un tercer grupo (no tan visible, pero bastante numeroso) que se mostr\u00f3 molesto por dos cuestiones. La primera, la dilaci\u00f3n de las discusiones generaba que el aumento se corra un mes m\u00e1s como m\u00ednimo, con la desesperaci\u00f3n que eso conlleva. Pero la segunda cuesti\u00f3n no es para nada menor, ya que consideraban que los debates eran demasiado t\u00e9cnicos y no terminaba de quedar claro c\u00f3mo era sobre todo la contrapropuesta del Sindicato, que si le suma el lugar, la cantidad de gente y la tensi\u00f3n, nada ayudaba a aclarar. <\/strong>De ese rol se apropi\u00f3 Luisina Stuppia, que explic\u00f3 (con conceptos claros, nobleza obliga) al menos tres veces la oferta. Muchos se fueron sin entenderlo y preocupados por su futuro salarial.<\/p>\n\n\n\n<figure class=\"wp-block-image size-large\"><img data-recalc-dims=\"1\" loading=\"lazy\" decoding=\"async\" width=\"800\" height=\"445\" src=\"https:\/\/i0.wp.com\/cdnoticias.com\/wp-content\/uploads\/2024\/03\/asamblea-municipales3.jpg?resize=800%2C445&#038;ssl=1\" alt=\"\" class=\"wp-image-112307\" srcset=\"https:\/\/i0.wp.com\/cdnoticias.com\/wp-content\/uploads\/2024\/03\/asamblea-municipales3-scaled.jpg?resize=1024%2C570&amp;ssl=1 1024w, https:\/\/i0.wp.com\/cdnoticias.com\/wp-content\/uploads\/2024\/03\/asamblea-municipales3-scaled.jpg?resize=300%2C167&amp;ssl=1 300w, https:\/\/i0.wp.com\/cdnoticias.com\/wp-content\/uploads\/2024\/03\/asamblea-municipales3-scaled.jpg?resize=768%2C427&amp;ssl=1 768w, https:\/\/i0.wp.com\/cdnoticias.com\/wp-content\/uploads\/2024\/03\/asamblea-municipales3-scaled.jpg?resize=1536%2C855&amp;ssl=1 1536w, https:\/\/i0.wp.com\/cdnoticias.com\/wp-content\/uploads\/2024\/03\/asamblea-municipales3-scaled.jpg?resize=2048%2C1140&amp;ssl=1 2048w, https:\/\/i0.wp.com\/cdnoticias.com\/wp-content\/uploads\/2024\/03\/asamblea-municipales3-scaled.jpg?resize=800%2C445&amp;ssl=1 800w, https:\/\/i0.wp.com\/cdnoticias.com\/wp-content\/uploads\/2024\/03\/asamblea-municipales3-scaled.jpg?w=1600&amp;ssl=1 1600w, https:\/\/i0.wp.com\/cdnoticias.com\/wp-content\/uploads\/2024\/03\/asamblea-municipales3-scaled.jpg?w=2400&amp;ssl=1 2400w\" sizes=\"auto, (max-width: 800px) 100vw, 800px\" \/><\/figure>\n\n\n\n<p>Algo que fue catalogado como \u201cpeligroso\u201d fue que Stuppia dijo que \u201cpor m\u00e1s que rechacemos la oferta, Wesner va a subir los salarios por decreto\u201d. Seg\u00fan indicaron desde el Ejecutivo, no estaba para nada contemplado. \u201cEs peligroso dar por sentado cosas que ni siquiera se hablaron. Corre del eje las discusiones cuando el Ejecutivo hizo una de las mejores ofertas que pod\u00eda hacer\u201d agregaron.<\/p>\n\n\n\n<p>Volvemos a la Asamblea. <strong>Un trabajador dio el puntapi\u00e9 \u201cdisidente\u201d al pedir que ante la urgencia de la liquidaci\u00f3n de sueldos, se acepte el primer tramo de la oferta del Municipio (un 25% y bonos de 80 mil y 50 mil pesos, dependiendo el ingreso de cada trabajador) y \u201cseguir negociando\u201d.<\/strong> All\u00ed, Luisina Stuppia aclar\u00f3 que la oferta era \u201ccerrada\u201d: \u201co aceptamos todo o rechazamos todo, es as\u00ed el ofrecimiento\u201d.<\/p>\n\n\n\n<p>Y luego tom\u00f3 la palabra <strong>Hern\u00e1n Quiroga. <\/strong>El planteo, b\u00e1sicamente, es darle tiempo a la gesti\u00f3n Wesner teniendo en cuenta que asumieron hace 3 meses y que se perdi\u00f3 poder adquisitivo durante 2023, siendo responsabilidad de Ezequiel Galli. <strong>Con aplausos de un lado y del otro, comenz\u00f3 un duro intercambio con Stuppia, que ya ven\u00eda acusando a Wesner de ser \u201cde derecha\u201d y de \u201cser lo mismo que Milei\u201d.<\/strong><\/p>\n\n\n\n<p>Incluso, Stuppia lo invit\u00f3 a ir a una reuni\u00f3n de paritarias \u201csi tanto le interesa\u201d. Quiroga acept\u00f3.<\/p>\n\n\n\n<p><strong>El gremialista, ya en una vor\u00e1gine de tensi\u00f3n, gritos y desorden, tambi\u00e9n acus\u00f3 a la gesti\u00f3n de hacer obras \u201ccon la plata de los trabajadores\u201d.<\/strong> \u201cSi van a hacer obras con la plata de los trabajadores que pongan un cartel que diga \u00b4esta obra se hace con la plata de los trabajadores municipales\u00b4\u201d dijo.<\/p>\n\n\n\n<p>Luego habl\u00f3 Patricia Pereyra, que dijo que su salario como trabajadora municipal qued\u00f3 muy atrasado teniendo en cuenta su trayectoria de 35 a\u00f1os en el Estado, y la situaci\u00f3n comenz\u00f3 a salirse de control.<\/p>\n\n\n\n<p>Ya con acusaciones expl\u00edcitas y cruzadas, <strong>hubo un momento donde se pidi\u00f3 \u201cvotar\u201d aprobar el ofrecimiento salarial de Wesner. Y, si bien no era la cantidad esperada para una mayor\u00eda, sorprendi\u00f3 la gran cantidad de manos levantadas.<\/strong> Finalmente, \u201cno hab\u00eda nada para votar\u201d y el gremio decidi\u00f3 ir con la contrapropuesta que plante\u00f3 al inicio a la reuni\u00f3n paritaria de las 14 horas.<\/p>\n\n\n\n<p>Los \u201ctrabajadores disidentes\u201d al gremio decidieron irse todos juntos por un pasillo que da a una salida del Hospital, ante el aplauso de los que quedaron buscando exponer que era un sector que buscaba \u201cembarrar\u201d la asamblea.<strong> De todas maneras, la sensaci\u00f3n de la representatividad de Stuppia qued\u00f3 en el aire. Era la primera vez en mucho tiempo que tuvo un cuestionamiento tan profundo de forma tan expl\u00edcita.<\/strong><\/p>\n\n\n\n<p>Al otro d\u00eda, y lejos de llevar tranquilidad,<strong> Stuppia acus\u00f3 de que hubo \u201cmala intenci\u00f3n\u201d en la participaci\u00f3n de trabajadores, funcionarios y concejales y acus\u00f3 al Ejecutivo de \u201cjugar con la necesidad de la gente, con el car\u00e1cter alimentario que tienen salario, entonces dilatan la negociaci\u00f3n hasta \u00faltimo momento\u201d. <\/strong>Por lo bajo, desde el Municipio se\u00f1alaron a este newsletter que si plantean estas cuestiones, \u201ctambi\u00e9n deber\u00eda decir que Luisina Stuppia, su hija, fue funcionaria municipal de la gesti\u00f3n Galli\u2026planteemos todo el escenario\u201d.<\/p>\n\n\n\n<figure class=\"wp-block-image size-large\"><img data-recalc-dims=\"1\" loading=\"lazy\" decoding=\"async\" width=\"800\" height=\"445\" src=\"https:\/\/i0.wp.com\/cdnoticias.com\/wp-content\/uploads\/2024\/03\/asamblea-municipales-stuppia1.jpg?resize=800%2C445&#038;ssl=1\" alt=\"\" class=\"wp-image-112317\" srcset=\"https:\/\/i0.wp.com\/cdnoticias.com\/wp-content\/uploads\/2024\/03\/asamblea-municipales-stuppia1-scaled.jpg?resize=1024%2C570&amp;ssl=1 1024w, https:\/\/i0.wp.com\/cdnoticias.com\/wp-content\/uploads\/2024\/03\/asamblea-municipales-stuppia1-scaled.jpg?resize=300%2C167&amp;ssl=1 300w, https:\/\/i0.wp.com\/cdnoticias.com\/wp-content\/uploads\/2024\/03\/asamblea-municipales-stuppia1-scaled.jpg?resize=768%2C427&amp;ssl=1 768w, https:\/\/i0.wp.com\/cdnoticias.com\/wp-content\/uploads\/2024\/03\/asamblea-municipales-stuppia1-scaled.jpg?resize=1536%2C855&amp;ssl=1 1536w, https:\/\/i0.wp.com\/cdnoticias.com\/wp-content\/uploads\/2024\/03\/asamblea-municipales-stuppia1-scaled.jpg?resize=2048%2C1140&amp;ssl=1 2048w, https:\/\/i0.wp.com\/cdnoticias.com\/wp-content\/uploads\/2024\/03\/asamblea-municipales-stuppia1-scaled.jpg?resize=800%2C445&amp;ssl=1 800w, https:\/\/i0.wp.com\/cdnoticias.com\/wp-content\/uploads\/2024\/03\/asamblea-municipales-stuppia1-scaled.jpg?w=1600&amp;ssl=1 1600w, https:\/\/i0.wp.com\/cdnoticias.com\/wp-content\/uploads\/2024\/03\/asamblea-municipales-stuppia1-scaled.jpg?w=2400&amp;ssl=1 2400w\" sizes=\"auto, (max-width: 800px) 100vw, 800px\" \/><\/figure>\n\n\n\n<p>Pero entre tanta tensi\u00f3n y en una semana corta -y a contrarreloj por la liquidaci\u00f3n de sueldos- las negociaciones continuaron. Y lleg\u00f3\u2026<\/p>\n\n\n\n<p class=\"has-large-font-size\"><strong>El acuerdo-no acuerdo<\/strong><\/p>\n\n\n\n<p>El mi\u00e9rcoles a primera hora, el Sindicato presentaba de forma p\u00fablica su propuesta que ya les contamos m\u00e1s atr\u00e1s, as\u00ed como tambi\u00e9n dejaba en claro que todas las contrapropuestas tambi\u00e9n realizadas por el gremio \u201cfueron rechazadas por el Ejecutivo\u201d.<strong> Todo hac\u00eda pensar, a esa hora, que no habr\u00eda acuerdo y que continuar\u00eda igual al menos un mes.<\/strong><\/p>\n\n\n\n<p>Pero minutos despu\u00e9s, lleg\u00f3 otra respuesta: <strong>en una nota emitida directamente a los trabajadores -una metodolog\u00eda que genera halagos y cr\u00edticas en iguales medidas- el intendente Wesner confirmaba que los sueldos fueron depositados con aumento, el aumento ofrecido desde la comuna.<\/strong><\/p>\n\n\n\n<figure class=\"wp-block-image size-large\"><img data-recalc-dims=\"1\" loading=\"lazy\" decoding=\"async\" width=\"800\" height=\"445\" src=\"https:\/\/i0.wp.com\/cdnoticias.com\/wp-content\/uploads\/2024\/03\/wesner-reunion.jpg?resize=800%2C445&#038;ssl=1\" alt=\"\" class=\"wp-image-112513\" srcset=\"https:\/\/i0.wp.com\/cdnoticias.com\/wp-content\/uploads\/2024\/03\/wesner-reunion.jpg?resize=1024%2C570&amp;ssl=1 1024w, https:\/\/i0.wp.com\/cdnoticias.com\/wp-content\/uploads\/2024\/03\/wesner-reunion.jpg?resize=300%2C167&amp;ssl=1 300w, https:\/\/i0.wp.com\/cdnoticias.com\/wp-content\/uploads\/2024\/03\/wesner-reunion.jpg?resize=768%2C427&amp;ssl=1 768w, https:\/\/i0.wp.com\/cdnoticias.com\/wp-content\/uploads\/2024\/03\/wesner-reunion.jpg?resize=800%2C445&amp;ssl=1 800w, https:\/\/i0.wp.com\/cdnoticias.com\/wp-content\/uploads\/2024\/03\/wesner-reunion.jpg?w=1280&amp;ssl=1 1280w\" sizes=\"auto, (max-width: 800px) 100vw, 800px\" \/><\/figure>\n\n\n\n<p>La particularidad es que confirm\u00f3 que<strong> la suba continuar\u00e1 los pr\u00f3ximos dos meses dando por hecho que habr\u00e1 suba salarial m\u00e1s all\u00e1 de que no hubo acuerdo con el gremio. <\/strong>Lo repasamos: aumento del 25% sobre la base del mes de febrero de 2024 al B\u00e1sico, Adicional Salarial de Suma Fija, Guardias y Bonificaci\u00f3n Presentismo y Puntualidad, a partir de marzo del corriente, sumado a un 10% de suba en abril y otros 10% en mayo, todos con base en el salario de febrero.<\/p>\n\n\n\n<p>A eso se le suma un bono de $ 90.000 para los trabajadores que perciban al mes de febrero de 2024 menos de $ 300.000 sin considerar las horas extras y asignaciones familiares, de $ 50.000 para los trabajadores que perciban entre $ 301.000 y $ 500.000 y bono de $ 25.000 para los jornalizados; a percibir en los meses de marzo, abril y mayo, y por cada uno de los meses y presentismo de 120 mil pesos \u201clo que representa un aumento de m\u00e1s de un 400% respecto al a\u00f1o anterior\u201d.<\/p>\n\n\n\n<p>El jefe comunal dio cuenta de que la situaci\u00f3n es de urgencia pero <strong>en la \u00faltima reuni\u00f3n del martes, que dur\u00f3 6 horas, \u201cno se pudo llegar a un acuerdo\u201d<\/strong>. \u201cAnte la emergencia nuestra prioridad es que puedan ver impactado los aumentos en sus sueldos, que en el d\u00eda de hoy fueron depositados y estar\u00e1n acreditados ma\u00f1ana; por supuesto siempre estaremos dispuestos a generar los canales de di\u00e1logo necesarios para trabajar en pos de los trabajadores\u201d cerr\u00f3.<\/p>\n\n\n\n<p>Luego lleg\u00f3 el fin de semana largo y ahora<strong> solo resta esperar la respuesta a una pregunta, \u00bfqu\u00e9 postura tomar\u00e1 el gremio ante la confirmaci\u00f3n del aumento salarial de tres meses por parte de la gesti\u00f3n? El mi\u00e9rcoles habr\u00e1 nueva reuni\u00f3n paritaria.<\/strong><\/p>\n\n\n\n<p>Esta partida de ajedrez promete m\u00e1s cap\u00edtulos.<\/p>\n\n\n\n<p class=\"has-large-font-size\"><strong>Mientras tanto, despidos y crisis<\/strong><\/p>\n\n\n\n<p>Olavarr\u00eda, ese famoso oasis en el desierto, vive horas complejas con despidos de organismos nacionales, cierre de oficinas de organismos nacionales, e incluso una m\u00e1s que dif\u00edcil situaci\u00f3n en el sector privado. Lo que hace un mes era \u201cpriorizar que no despidan a nadie por sobre paritarias\u201d ahora directamente es intentar que los despedidos cobren todo lo que les corresponde.<\/p>\n\n\n\n<figure class=\"wp-block-image size-full\"><img data-recalc-dims=\"1\" loading=\"lazy\" decoding=\"async\" width=\"800\" height=\"445\" src=\"https:\/\/i0.wp.com\/cdnoticias.com\/wp-content\/uploads\/2024\/03\/anses-despidos-02.jpg?resize=800%2C445&#038;ssl=1\" alt=\"\" class=\"wp-image-112402\" srcset=\"https:\/\/i0.wp.com\/cdnoticias.com\/wp-content\/uploads\/2024\/03\/anses-despidos-02.jpg?w=800&amp;ssl=1 800w, https:\/\/i0.wp.com\/cdnoticias.com\/wp-content\/uploads\/2024\/03\/anses-despidos-02.jpg?resize=300%2C167&amp;ssl=1 300w, https:\/\/i0.wp.com\/cdnoticias.com\/wp-content\/uploads\/2024\/03\/anses-despidos-02.jpg?resize=768%2C427&amp;ssl=1 768w\" sizes=\"auto, (max-width: 800px) 100vw, 800px\" \/><\/figure>\n\n\n\n<p>En la edici\u00f3n pasada se lo coment\u00e1bamos y esta semana tuvo una asamblea de trabajadores de Anses en repudio a dos despidos en el organismo, en un contexto de m\u00e1s de 1.500 en todo el pa\u00eds.<strong> \u201cEn Anses no sobra nadie\u201d fue el slogan.<\/strong><\/p>\n\n\n\n<p>\u201cVinieron a trabajar como un d\u00eda normal y no pudieron salir directamente del organismo. Nosotros ac\u00e1 tenemos un biom\u00e9trico que se pone en la huella digital que garantiza la presencia de todos los compa\u00f1eros, todos los d\u00edas. Cuando quisieron irse el viernes no pudieron poner el dedo, llegaron a la casa y ten\u00edan un telegrama despido, como un privado dec\u00eda que prescind\u00eda de sus funciones\u201d cont\u00f3 Pablo Rodr\u00edguez, de uno de los gremios que tiene Anses, sobre c\u00f3mo se conocieron los despidos. Crudo y con una fuerte falta de empat\u00eda en un lugar donde desde la atenci\u00f3n deben predominar los valores contrarios.<\/p>\n\n\n\n<p><strong>El temor, ahora, subyace en lo que pueda pasar con los trabajadores de planta permanente del organismo local. <\/strong>Es que de los 1.500 empleados despedidos en los \u00faltimos d\u00edas, el 90% era de planta, por lo que el temor a m\u00e1s medidas en este sentido crece, siendo pr\u00e1cticamente imposible llevar las tareas laborales con normalidad -y tranquilidad-.<\/p>\n\n\n\n<p>Pero a eso le debemos sumar<strong> la compleja situaci\u00f3n del privado en Olavarr\u00eda, no s\u00f3lo en lo comercial, tambi\u00e9n en la industria. La paralizaci\u00f3n de la obra p\u00fablica por parte del gobierno de Milei gener\u00f3 un impacto m\u00e1s que duro en una ciudad que se mueve en base a las cementeras que pr\u00e1cticamente est\u00e1n paralizadas.<\/strong><\/p>\n\n\n\n<p>\u201cEs dif\u00edcil porque todos lo ven venir, los trabajadores, los gremialistas, los empresarios\u2026\u00bfcu\u00e1nto pueden estar mir\u00e1ndose las caras ya que no hay tareas para hacer en las empresas?\u201d admiti\u00f3 uno de los implicados.<\/p>\n\n\n\n<p><strong>Desde AOMA se admiti\u00f3 que lo que se est\u00e1 trabajando es en que echen a la menor cantidad de trabajadores posible y a los que son despedidos, \u201cse vayan con todo el dinero que corresponde por indemnizaciones, liquidaci\u00f3n final y dem\u00e1s\u201d.<\/strong> Pero ya no se discuten paritarias, \u201csolo estamos tratando de que esto no termine m\u00e1s mal de lo que ya se ve\u201d.<\/p>\n\n\n\n<p>Interesante fue lo que plante\u00f3 Jorge Sobarzo, empresario y titular del consorcio de Parques Industriales, que dijo que hay empresas que resisten a la espera de una \u201creactivaci\u00f3n\u201d que por ahora no aparece. Aclar\u00f3 que el empresario no puede \u201csostener eternamente\u201d porque \u201cse sostiene con dinero\u201d y estamos atravesando un \u201cmomento de no venta y de aumentos de costos a la par de la inflaci\u00f3n\u201d.<\/p>\n\n\n\n<figure class=\"wp-block-image size-large\"><img data-recalc-dims=\"1\" loading=\"lazy\" decoding=\"async\" width=\"800\" height=\"480\" src=\"https:\/\/i0.wp.com\/cdnoticias.com\/wp-content\/uploads\/2022\/11\/jorge-sobarzo-04.jpg?resize=800%2C480&#038;ssl=1\" alt=\"\" class=\"wp-image-70550\" srcset=\"https:\/\/i0.wp.com\/cdnoticias.com\/wp-content\/uploads\/2022\/11\/jorge-sobarzo-04-scaled.jpg?resize=1024%2C614&amp;ssl=1 1024w, https:\/\/i0.wp.com\/cdnoticias.com\/wp-content\/uploads\/2022\/11\/jorge-sobarzo-04-scaled.jpg?resize=300%2C180&amp;ssl=1 300w, https:\/\/i0.wp.com\/cdnoticias.com\/wp-content\/uploads\/2022\/11\/jorge-sobarzo-04-scaled.jpg?resize=768%2C461&amp;ssl=1 768w, https:\/\/i0.wp.com\/cdnoticias.com\/wp-content\/uploads\/2022\/11\/jorge-sobarzo-04-scaled.jpg?resize=1536%2C921&amp;ssl=1 1536w, https:\/\/i0.wp.com\/cdnoticias.com\/wp-content\/uploads\/2022\/11\/jorge-sobarzo-04-scaled.jpg?resize=2048%2C1229&amp;ssl=1 2048w, https:\/\/i0.wp.com\/cdnoticias.com\/wp-content\/uploads\/2022\/11\/jorge-sobarzo-04-scaled.jpg?w=1600&amp;ssl=1 1600w, https:\/\/i0.wp.com\/cdnoticias.com\/wp-content\/uploads\/2022\/11\/jorge-sobarzo-04-scaled.jpg?w=2400&amp;ssl=1 2400w\" sizes=\"auto, (max-width: 800px) 100vw, 800px\" \/><\/figure>\n\n\n\n<p>En este sentido,<a href=\"https:\/\/enlineanoticias.com.ar\/crisis-laboral-en-olavarria-continuan-los-despidos-en-el-sector-minero-y-comienzan-a-registrar-bajas-en-el-sector-del-comercio\/\" target=\"_blank\" rel=\"noreferrer noopener\"> les dejamos este informe de En L\u00ednea Noticias con las cifras nacionales y el respectivo impacto en Olavarr\u00eda, incluso en voz de sus protagonistas. <\/a><\/p>\n\n\n\n<p>\u00bfM\u00e1s? S\u00ed,<strong> la situaci\u00f3n con las farmacias<\/strong>, por ejemplo. Los productos de farmacias se incrementaron al menos un 40% en todos los rubros y en algunos casos puntuales, los precios subieron hasta un 300%.<\/p>\n\n\n\n<p><strong>Las ventas bajaron un 40% y se repite constantemente la decisi\u00f3n de muchos pacientes de \u201celegir medicamentos\u201d por los altos costos. <\/strong>Es decir, algunos eval\u00faan en la misma farmacia la ausencia de qu\u00e9 medicamento los perjudican menos, y toman la decisi\u00f3n de no llevarse\u00a0 remedios importantes para su salud.<\/p>\n\n\n\n<p>\u201cLas obras sociales no han actualizado los descuentos. Est\u00e1n las que se manejan por montos fijos y por meses, entonces si el medicamento subi\u00f3 un 300% y la cobertura del 100% es de un monto fijo, el paciente tiene que pagar mucho m\u00e1s arriba de lo que pagaba. <strong>Entonces empieza a elegir los medicamentos primordiales o los que ellos consideran esenciales\u201d <\/strong>se\u00f1al\u00f3 quien trabaja en una farmacia sindical.<\/p>\n\n\n\n<p>Todo esto surge<a href=\"https:\/\/cdnoticias.com\/index.php\/2024\/03\/29\/sin-remedios-olavarrienses-eligen-que-medicamento-comprar\/\" target=\"_blank\" rel=\"noreferrer noopener\"> de este informe de Central de Noticias donde se plantean las variables en un sector de los que m\u00e1s ha ca\u00eddo el consumo en lo que va del a\u00f1o. <\/a><\/p>\n\n\n\n<p class=\"has-large-font-size\"><strong>Una previsi\u00f3n que no se dio<\/strong><\/p>\n\n\n\n<figure class=\"wp-block-image size-large\"><img data-recalc-dims=\"1\" loading=\"lazy\" decoding=\"async\" width=\"800\" height=\"534\" src=\"https:\/\/i0.wp.com\/cdnoticias.com\/wp-content\/uploads\/2023\/12\/liliana-schwindt-jura-senado.jpeg?resize=800%2C534&#038;ssl=1\" alt=\"\" class=\"wp-image-104810\" srcset=\"https:\/\/i0.wp.com\/cdnoticias.com\/wp-content\/uploads\/2023\/12\/liliana-schwindt-jura-senado-scaled.jpeg?resize=1024%2C683&amp;ssl=1 1024w, https:\/\/i0.wp.com\/cdnoticias.com\/wp-content\/uploads\/2023\/12\/liliana-schwindt-jura-senado-scaled.jpeg?resize=300%2C200&amp;ssl=1 300w, https:\/\/i0.wp.com\/cdnoticias.com\/wp-content\/uploads\/2023\/12\/liliana-schwindt-jura-senado-scaled.jpeg?resize=768%2C512&amp;ssl=1 768w, https:\/\/i0.wp.com\/cdnoticias.com\/wp-content\/uploads\/2023\/12\/liliana-schwindt-jura-senado-scaled.jpeg?resize=1536%2C1024&amp;ssl=1 1536w, https:\/\/i0.wp.com\/cdnoticias.com\/wp-content\/uploads\/2023\/12\/liliana-schwindt-jura-senado-scaled.jpeg?resize=2048%2C1366&amp;ssl=1 2048w, https:\/\/i0.wp.com\/cdnoticias.com\/wp-content\/uploads\/2023\/12\/liliana-schwindt-jura-senado-scaled.jpeg?resize=272%2C182&amp;ssl=1 272w, https:\/\/i0.wp.com\/cdnoticias.com\/wp-content\/uploads\/2023\/12\/liliana-schwindt-jura-senado-scaled.jpeg?w=1600&amp;ssl=1 1600w, https:\/\/i0.wp.com\/cdnoticias.com\/wp-content\/uploads\/2023\/12\/liliana-schwindt-jura-senado-scaled.jpeg?w=2400&amp;ssl=1 2400w\" sizes=\"auto, (max-width: 800px) 100vw, 800px\" \/><\/figure>\n\n\n\n<p>La semana pasada contamos que <strong>Bali Bucca hab\u00eda vuelto a su banca del Senado de la provincia y que con ello termin\u00f3 la licencia de Liliana Schwindt.<\/strong><\/p>\n\n\n\n<p>Pensamos que ella volv\u00eda al Concejo Deliberante de Olavarr\u00eda y especulamos con su regreso a alguna de las actividades que en estos d\u00edas tuvo el Legislativo local. Pero no sucedi\u00f3 tal cosa.<\/p>\n\n\n\n<p>Y por ahora no va a suceder. <strong>Volver a las Fuentes pudo confirmar que Liliana se queda en el Senado, donde ya trabaja cerca de la presidenta de la c\u00e1mara (y vicegobernadora) Ver\u00f3nica Magario y del secretario administrativo Roberto Feletti.<\/strong><\/p>\n\n\n\n<p>Durante su labor como senadora,<strong> la olavarriense present\u00f3 un proyecto de reforma de la Ley de Defensa del Consumidor <\/strong>y ahora continuar\u00e1 con esa iniciativa. Adem\u00e1s, trabajar\u00e1 en otros temas junto con Magario, tambi\u00e9n vinculados a consumo.<\/p>\n\n\n\n<p>M\u00e1s all\u00e1 de los temas puntuales en los que se avanza y analiza, <strong>el diagn\u00f3stico que comparten es que este a\u00f1o defensa del consumidor ser\u00e1 un tema clave con todas las pol\u00edticas que ya aplica y los proyectos que tiene el gobierno de Milei. Desde el Senado -y desde el oficialismo provincial- se preparan para asumir un rol propositivo y de acci\u00f3n.<\/strong><\/p>\n\n\n\n<p>Volviendo a lo local, con este nuevo rol de Liliana Schwindt, seguir\u00e1 en el Concejo Deliberante Patricia Pereyra.<\/p>\n\n\n\n<p class=\"has-large-font-size\"><strong>La mini audiencia del agua<\/strong><\/p>\n\n\n\n<figure class=\"wp-block-image size-full\"><img data-recalc-dims=\"1\" loading=\"lazy\" decoding=\"async\" width=\"800\" height=\"445\" src=\"https:\/\/i0.wp.com\/cdnoticias.com\/wp-content\/uploads\/2024\/03\/audiencia-agua-06.jpg?resize=800%2C445&#038;ssl=1\" alt=\"\" class=\"wp-image-112389\" srcset=\"https:\/\/i0.wp.com\/cdnoticias.com\/wp-content\/uploads\/2024\/03\/audiencia-agua-06.jpg?w=800&amp;ssl=1 800w, https:\/\/i0.wp.com\/cdnoticias.com\/wp-content\/uploads\/2024\/03\/audiencia-agua-06.jpg?resize=300%2C167&amp;ssl=1 300w, https:\/\/i0.wp.com\/cdnoticias.com\/wp-content\/uploads\/2024\/03\/audiencia-agua-06.jpg?resize=768%2C427&amp;ssl=1 768w\" sizes=\"auto, (max-width: 800px) 100vw, 800px\" \/><\/figure>\n\n\n\n<p><strong>El lunes se realiz\u00f3 la audiencia convocada por el Municipio para que Coopelectric presente su pedido de suba tarifaria de agua y cloacas. <\/strong>Lo hab\u00edamos adelantado en la edici\u00f3n anterior: solo tres oradores se anotaron.<\/p>\n\n\n\n<p><strong>Y de esos tres oradores, dos son autoridades de la cooperativa que presentaron la solicitud. Baj\u00edsima repercusi\u00f3n de una instancia cuyas consecuencias afectar\u00e1n a toda la ciudad. <\/strong>Es cierto que las causas de la casi nula convocatoria deber\u00edan buscarse en las condiciones de las audiencias -son no vinculantes por naturaleza-, pero es inevitable no mirar en lo que tenemos m\u00e1s cerca y advertir que no se abund\u00f3 en la comunicaci\u00f3n de la posibilidad de inscribirse y de expresarse, y en que no se puso f\u00e1cilmente alcanzable el formato de inscripci\u00f3n.<\/p>\n\n\n\n<p><strong>La audiencia dur\u00f3 media hora. <\/strong>La presidi\u00f3 el secretario de Obras P\u00fablicas, Orfel Fari\u00f1a. En el sal\u00f3n del CEMO estuvieron concejales de tres bloques (no hubo representantes de la bancada libertaria) y autoridades de Coopelectric.<\/p>\n\n\n\n<p>Expuso el presidente del consejo de administraci\u00f3n, Cruz Arouxet, quien hizo un discurso inicial para plantear el escenario de necesidad de aumento de tarifa. Reiter\u00f3 algo que ya hab\u00eda dicho en la audiencia anterior (de 2022): <strong>Coopelectric pretende un mecanismo autom\u00e1tico de aumento. La vez anterior se hab\u00eda solicitado una suba cuatrimestral de acuerdo a la inflaci\u00f3n, pero esta vez no se detall\u00f3 sobre ese aspecto.<\/strong><\/p>\n\n\n\n<p>Luego habl\u00f3 el gerente Enrique Lospinoso quien apoyado en datos que mostraba en una pantalla present\u00f3 informaci\u00f3n sobre la prestaci\u00f3n del servicio. <strong>La verdad es que habl\u00f3 a toda velocidad y para quienes en su mayor\u00eda conformaban el p\u00fablico presente: miembros de Coopelectric que ya conocen esos datos. Quienes no somos integrantes de la cooperativa y pretend\u00edamos profundidad sobre la informaci\u00f3n nos fuimos con muchos vac\u00edos.<\/strong> Casi todas las cifras que se expusieron oralmente eran aproximadas, incluso los porcentajes que se indicaron, desde los usuarios hasta los gastos y los ingresos.<\/p>\n\n\n\n<p>Y en la presentaci\u00f3n Coopelectric sorprendi\u00f3: <strong>es que en los d\u00edas previos, se hab\u00eda indicado que el pedido de aumento rondaba el 230%, pero en la audiencia el n\u00famero solicitado fue bastante mayor, de 292%. <\/strong>Lospinoso ejemplific\u00f3 c\u00f3mo quedar\u00edan las facturas para la mayor\u00eda de los usuarios, pero no habl\u00f3 de c\u00f3mo impactar\u00eda en los usuarios de las restantes categor\u00edas.<\/p>\n\n\n\n<p>El tercer orador fue la \u00fanica persona que se inscribi\u00f3 por fuera de la cooperativa.<strong> Se trat\u00f3 de Renzo Toranza, de Libres del Sur. \u201cLos ajustes en las tarifas de agua no han correspondido con mejoras tangibles en el servicio. A pesar de los incrementos de precios continuamos enfrentando problemas cr\u00edticos\u201d dijo para criticar \u201cla administraci\u00f3n\u201d de la cooperativa.<\/strong> Su mensaje fue tambi\u00e9n para el Ejecutivo: \u201cresulta imperativo que el gobierno local reconcilie su enfoque respecto a los aumentos al servicio de agua. Sugerimos que conjuntamente encuentren un equilibrio que permita financiar y mejorar el servicio sin imponer cargas insostenibles a los ciudadanos\u201d.<\/p>\n\n\n\n<p>Fin de la audiencia. <strong>Ahora el an\u00e1lisis seguir\u00e1 en el Concejo Deliberante.<\/strong> La comisi\u00f3n inicial ser\u00e1 la de Infraestructura, que preside Mar\u00eda Jos\u00e9 Gonz\u00e1lez de Juntos.<\/p>\n\n\n\n<p><strong>La Lista Verde, opositora a la actual conducci\u00f3n de Coopelectric, no asisti\u00f3 a la audiencia.<\/strong> As\u00ed lo hab\u00eda adelantado y, adem\u00e1s, hizo unos d\u00edas despu\u00e9s un encuentro que denominaron \u201caudiencia p\u00fablica real\u201d en el que hablaron una decena de integrantes del grupo. \u201cEl aumento pedido de la tarifa de agua, de casi el 300 por ciento, es desmesurado\u201d consideraron.<\/p>\n\n\n\n<p class=\"has-large-font-size\"><strong>Hay m\u00e1s<\/strong><\/p>\n\n\n\n<p><strong>Dengue: pedido de informe a la Provincia<\/strong>. Con el brote declarado y en medio del pico de casos, los diputados del Pro, entre ellos Mart\u00edn Endere, quieren conocer la cantidad de casos confirmados en lo que va del a\u00f1o en la Provincia y las pol\u00edticas sanitarias implementadas. \u201cEs grave la situaci\u00f3n que atraviesa la Provincia ante el brote de dengue y la Regi\u00f3n Sanitaria IX no es la excepci\u00f3n. No hay informaci\u00f3n, no hay campa\u00f1as de prevenci\u00f3n de una enfermedad que golpea a los sectores m\u00e1s vulnerables\u201d dijo Endere. Y avanz\u00f3 contra el intendente Wesner: \u201cel Gobierno Municipal no tiene una pol\u00edtica sanitaria acorde al momento que estamos viviendo\u201d.<\/p>\n\n\n\n<p><strong>En defensa del Conicet<\/strong>. Integrantes de la comunidad cient\u00edfica se manifestaron el lunes a la tarde en el Paseo Mend\u00eda tras los despidos de trabajadores mediante la no renovaci\u00f3n de sus contratos. En Olavarr\u00eda son tres las personas alcanzadas por el recorte de personal. \u201cHay una pol\u00edtica de este gobierno de vaciamiento de instituciones como el Conicet y estamos fuertemente convencidos que todo lo que es ciencia y tecnolog\u00eda es de gran importancia para el desarrollo del pa\u00eds, sin ciencia no podr\u00edamos avanzar en tem\u00e1ticas que son vitales para el pa\u00eds como salud, historia, crecimiento, empresas\u201d dijo el director del INCUAPA, Gustavo Mart\u00ednez. \u00bfVos viste a las autoridades de las facultades locales de Unicen en la manifestaci\u00f3n? Nadie los vio.<\/p>\n\n\n\n<figure class=\"wp-block-embed is-type-wp-embed is-provider-central-de-noticias-olavarr-a wp-block-embed-central-de-noticias-olavarr-a\"><div class=\"wp-block-embed__wrapper\">\n<blockquote class=\"wp-embedded-content\" data-secret=\"ExJWVwAjhn\"><a href=\"https:\/\/cdnoticias.com\/index.php\/2024\/03\/25\/hay-una-politica-de-este-gobierno-de-vaciamiento-de-instituciones-como-el-conicet\/\">\u201cHay una pol\u00edtica de este gobierno de vaciamiento de instituciones como el CONICET\u201d<\/a><\/blockquote><iframe loading=\"lazy\" class=\"wp-embedded-content\" sandbox=\"allow-scripts\" security=\"restricted\" style=\"position: absolute; clip: rect(1px, 1px, 1px, 1px);\" title=\"&#8220;\u201cHay una pol\u00edtica de este gobierno de vaciamiento de instituciones como el CONICET\u201d&#8221; &#8212; Central de Noticias | Olavarr\u00eda\" src=\"https:\/\/cdnoticias.com\/index.php\/2024\/03\/25\/hay-una-politica-de-este-gobierno-de-vaciamiento-de-instituciones-como-el-conicet\/embed\/#?secret=ITUgLYRFdU#?secret=ExJWVwAjhn\" data-secret=\"ExJWVwAjhn\" width=\"600\" height=\"338\" frameborder=\"0\" marginwidth=\"0\" marginheight=\"0\" scrolling=\"no\"><\/iframe>\n<\/div><\/figure>\n\n\n\n<p><strong>El debate por la suba del Inmobiliario Rural.<\/strong> Desde hace varias semanas, distintos sectores rurales se han quejado por el tema. En lo local, lo hicieron la Sociedad Rural y los productores autoconvocados. Esta semana hubo respuesta: \u201cel peso del Inmobiliario Rural en los costos de producci\u00f3n del sector agropecuario no es un factor determinante como para generar este nivel de reclamo contra el gobierno provincial. Creo que el conflicto est\u00e1 motivado por cuestiones pol\u00edticas, y no por el aumento impositivo\u201d dijo el director de ARBA, Cristian Girard. \u00bfLa discusi\u00f3n sigue? \u00a1S\u00ed! Para el viernes se convoc\u00f3 a una manifestaci\u00f3n en Azul y all\u00ed estar\u00e1n los autoconvocados de Olavarr\u00eda.<\/p>\n\n\n\n<p><strong>\u201cEst\u00e1 entre nosotros\u201d<\/strong>. El jueves se presentar\u00e1 en Olavarr\u00eda el libro de investigaci\u00f3n y an\u00e1lisis de la \u201cextrema derecha\u201d. Llegar\u00e1 el coordinador de la obra, Pablo Sem\u00e1n, y ser\u00e1 m\u00e1s que interesante la charla y el debate. La cita es a las 18 en el Centro Cultural Universitario, San Mart\u00edn al 1900.<\/p>\n\n\n\n<p class=\"has-large-font-size\"><strong>El newsletter<\/strong><\/p>\n\n\n\n<p>Esta publicaci\u00f3n es la edici\u00f3n de este domingo del newsletter Volver a las Fuentes que escriben Alexis Grierson y Josefina Bargas.<a href=\"https:\/\/linktr.ee\/volveralasfuentes\"> Tiene un sistema de suscripci\u00f3n econ\u00f3mica y aportes \u00fanicos al que se puede acceder aqu\u00ed.<\/a><\/p>\n","protected":false},"excerpt":{"rendered":"<p>La Asamblea del STMO dej\u00f3 mucha tela para cortar: \u00bfdiscusi\u00f3n salarial o de manejo de poder en lo local? Mientras<\/p>\n","protected":false},"author":2,"featured_media":112305,"comment_status":"closed","ping_status":"closed","sticky":false,"template":"","format":"standard","meta":{"_jetpack_memberships_contains_paid_content":false,"footnotes":""},"categories":[4,1],"tags":[],"class_list":["post-112733","post","type-post","status-publish","format-standard","has-post-thumbnail","hentry","category-politica","category-portada"],"jetpack_featured_media_url":"https:\/\/i0.wp.com\/cdnoticias.com\/wp-content\/uploads\/2024\/03\/asamblea-municipales1-scaled.jpg?fit=2560%2C1424&ssl=1","jetpack_sharing_enabled":true,"_links":{"self":[{"href":"https:\/\/cdnoticias.com\/index.php\/wp-json\/wp\/v2\/posts\/112733","targetHints":{"allow":["GET"]}}],"collection":[{"href":"https:\/\/cdnoticias.com\/index.php\/wp-json\/wp\/v2\/posts"}],"about":[{"href":"https:\/\/cdnoticias.com\/index.php\/wp-json\/wp\/v2\/types\/post"}],"author":[{"embeddable":true,"href":"https:\/\/cdnoticias.com\/index.php\/wp-json\/wp\/v2\/users\/2"}],"replies":[{"embeddable":true,"href":"https:\/\/cdnoticias.com\/index.php\/wp-json\/wp\/v2\/comments?post=112733"}],"version-history":[{"count":0,"href":"https:\/\/cdnoticias.com\/index.php\/wp-json\/wp\/v2\/posts\/112733\/revisions"}],"wp:featuredmedia":[{"embeddable":true,"href":"https:\/\/cdnoticias.com\/index.php\/wp-json\/wp\/v2\/media\/112305"}],"wp:attachment":[{"href":"https:\/\/cdnoticias.com\/index.php\/wp-json\/wp\/v2\/media?parent=112733"}],"wp:term":[{"taxonomy":"category","embeddable":true,"href":"https:\/\/cdnoticias.com\/index.php\/wp-json\/wp\/v2\/categories?post=112733"},{"taxonomy":"post_tag","embeddable":true,"href":"https:\/\/cdnoticias.com\/index.php\/wp-json\/wp\/v2\/tags?post=112733"}],"curies":[{"name":"wp","href":"https:\/\/api.w.org\/{rel}","templated":true}]}}