{"id":112725,"date":"2024-03-30T13:31:53","date_gmt":"2024-03-31T12:37:15","guid":{"rendered":"https:\/\/cdnoticias.com\/?p=112725"},"modified":"2025-02-13T16:54:58","modified_gmt":"2025-02-13T19:54:58","slug":"chingalan-sigue-avanzando-estan-en-semis-del-torneo-de-puerto-cabello","status":"publish","type":"post","link":"https:\/\/cdnoticias.com\/index.php\/2024\/03\/30\/chingalan-sigue-avanzando-estan-en-semis-del-torneo-de-puerto-cabello\/","title":{"rendered":"\u201cChingal\u00e1n\u201d sigue avanzando: est\u00e1n en semis del Torneo de Puerto Cabello"},"content":{"rendered":"<p>Por los cuartos de final del certamen Premier Padel, Chingotto y Gal\u00e1n eliminaron a \u201cPaquito\u201d Navarro y \u201cSanyo\u201d Guti\u00e9rrez en sets corridos. Ahora, ir\u00e1n contra \u201cLos Superpibes\u201d.<!--more--><\/p>\n<hr \/>\n<p>Este s\u00e1bado, durante las primeras horas de la madrugada, <strong>Federico Chingotto<\/strong> <strong>y<\/strong> <strong>Alejandro Gal\u00e1n<\/strong> <strong>concretaron una nueva victoria en la alfombra venezolana<\/strong> y lo hicieron ante una pareja de alto calibre.<\/p>\n<p>&nbsp;<\/p>\n<p>Por los cuartos de final del Torneo Premier Padel de Puerto Cabello,<strong> el olavarriense y el madrile\u00f1o se enfrentaron en el \u00faltimo duelo de la jornada ante Francisco \u201cPaquito\u201d Navarro y Carlos \u201cSanyo\u201d Guti\u00e9rrez<\/strong> y consiguieron quedarse con el partido en casi una hora y media de partido.<\/p>\n<p>&nbsp;<\/p>\n<p>Tras un arranque parejo y de quite de servicios, \u201cChingo\u201d y Ale consiguieron un quiebre importante en el quinto game y sentenciaron las acciones con un <strong>6 \u2013 2<\/strong>.<\/p>\n<p>&nbsp;<\/p>\n<p>En el siguiente cap\u00edtulo, mucho m\u00e1s re\u00f1ido y con falta de precisi\u00f3n para cerrar los puntos de quiebre, Chingotto y Gal\u00e1n pisaron el acelerador sobre el final y liquidaron<strong> 7 \u2013 5<\/strong> el duelo celebrado en la pista principal, el Stadium Dracu Rider.<\/p>\n<p>&nbsp;<\/p>\n<p>De esta forma, la flamante dupla logr\u00f3 el acceso directo a las <strong>semifinales<\/strong> del torneo y tendr\u00e1n una prueba de fuego en el camino.<strong> Enfrentar\u00e1n a \u201cLos Superpibes\u201d, Franco Stupaczuk y Mart\u00edn Di Nenno<\/strong>, quienes dejaron en el camino a los argentinos Libaak \u2013 Augsburger por 7 \u2013 5 y 6 \u2013 0.<\/p>\n","protected":false},"excerpt":{"rendered":"<p>Por los cuartos de final del certamen Premier Padel, Chingotto y Gal\u00e1n eliminaron a \u201cPaquito\u201d Navarro y \u201cSanyo\u201d Guti\u00e9rrez en<\/p>\n","protected":false},"author":96739694,"featured_media":160313,"comment_status":"closed","ping_status":"closed","sticky":false,"template":"","format":"standard","meta":{"_jetpack_memberships_contains_paid_content":false,"footnotes":""},"categories":[1,55],"tags":[],"class_list":["post-112725","post","type-post","status-publish","format-standard","has-post-thumbnail","hentry","category-portada","category-tenis-padel"],"jetpack_featured_media_url":"https:\/\/i0.wp.com\/cdnoticias.com\/wp-content\/uploads\/2024\/03\/Chingotto-Galan-Premier-Padel-Puerto-Cabello-cuartos-de-final.jpg?fit=1000%2C666&ssl=1","jetpack_sharing_enabled":true,"_links":{"self":[{"href":"https:\/\/cdnoticias.com\/index.php\/wp-json\/wp\/v2\/posts\/112725","targetHints":{"allow":["GET"]}}],"collection":[{"href":"https:\/\/cdnoticias.com\/index.php\/wp-json\/wp\/v2\/posts"}],"about":[{"href":"https:\/\/cdnoticias.com\/index.php\/wp-json\/wp\/v2\/types\/post"}],"author":[{"embeddable":true,"href":"https:\/\/cdnoticias.com\/index.php\/wp-json\/wp\/v2\/users\/96739694"}],"replies":[{"embeddable":true,"href":"https:\/\/cdnoticias.com\/index.php\/wp-json\/wp\/v2\/comments?post=112725"}],"version-history":[{"count":0,"href":"https:\/\/cdnoticias.com\/index.php\/wp-json\/wp\/v2\/posts\/112725\/revisions"}],"wp:featuredmedia":[{"embeddable":true,"href":"https:\/\/cdnoticias.com\/index.php\/wp-json\/wp\/v2\/media\/160313"}],"wp:attachment":[{"href":"https:\/\/cdnoticias.com\/index.php\/wp-json\/wp\/v2\/media?parent=112725"}],"wp:term":[{"taxonomy":"category","embeddable":true,"href":"https:\/\/cdnoticias.com\/index.php\/wp-json\/wp\/v2\/categories?post=112725"},{"taxonomy":"post_tag","embeddable":true,"href":"https:\/\/cdnoticias.com\/index.php\/wp-json\/wp\/v2\/tags?post=112725"}],"curies":[{"name":"wp","href":"https:\/\/api.w.org\/{rel}","templated":true}]}}