{"id":112690,"date":"2024-03-30T09:40:23","date_gmt":"2024-03-30T12:40:23","guid":{"rendered":"https:\/\/cdnoticias.com\/?p=112690"},"modified":"2024-03-30T20:32:44","modified_gmt":"2024-03-30T23:32:44","slug":"un-joven-fue-imputado-por-dos-robos-luego-de-un-allanamiento","status":"publish","type":"post","link":"https:\/\/cdnoticias.com\/index.php\/2024\/03\/30\/un-joven-fue-imputado-por-dos-robos-luego-de-un-allanamiento\/","title":{"rendered":"Un joven fue imputado por dos robos luego de un allanamiento"},"content":{"rendered":"\n<p>El allanamiento se realiz\u00f3 en Dean Funes al 500. El joven hab\u00eda robado en el Mayorista del Helado. Adem\u00e1s se encontr\u00f3 una notebook robada del barrio Bancario 3.<\/p>\n\n\n\n<hr class=\"wp-block-separator aligncenter has-alpha-channel-opacity\"\/>\n\n\n\n<p>Personal policial realiz\u00f3 un <strong>allanamiento en Dean Funes al 500 <\/strong>en el marco de una investigaci\u00f3n por un <strong>robo en el Mayorista del Helado <\/strong>y un <strong>joven de 19 a\u00f1os qued\u00f3 imputado por dos hechos delictivos.<\/strong><\/p>\n\n\n\n<p><\/p>\n\n\n\n<p>En el mismo allanamiento pudieron encontrar una <strong>Notebook Lenovo con cargador 17\u201d,<\/strong> la cual hab\u00eda sido r<strong>obada el pasado 16 de marzo<\/strong> en un domicilio del <strong>barrio Bancario 3.<\/strong> Adem\u00e1s, personal policial logr\u00f3 <strong>obtener prendas de vestir de inter\u00e9s<\/strong> para la investigaci\u00f3n.<\/p>\n\n\n\n<p><\/p>\n\n\n\n<figure class=\"wp-block-image aligncenter size-full\"><img data-recalc-dims=\"1\" loading=\"lazy\" decoding=\"async\" width=\"372\" height=\"370\" src=\"https:\/\/i0.wp.com\/cdnoticias.com\/wp-content\/uploads\/2024\/03\/allanamiento-dos-robos-joven-imputado-mayorista-helado.jpeg?resize=372%2C370&#038;ssl=1\" alt=\"\" class=\"wp-image-112691\" srcset=\"https:\/\/i0.wp.com\/cdnoticias.com\/wp-content\/uploads\/2024\/03\/allanamiento-dos-robos-joven-imputado-mayorista-helado.jpeg?w=372&amp;ssl=1 372w, https:\/\/i0.wp.com\/cdnoticias.com\/wp-content\/uploads\/2024\/03\/allanamiento-dos-robos-joven-imputado-mayorista-helado.jpeg?resize=300%2C298&amp;ssl=1 300w, https:\/\/i0.wp.com\/cdnoticias.com\/wp-content\/uploads\/2024\/03\/allanamiento-dos-robos-joven-imputado-mayorista-helado.jpeg?resize=150%2C150&amp;ssl=1 150w\" sizes=\"auto, (max-width: 372px) 100vw, 372px\" \/><\/figure>\n\n\n\n<p><\/p>\n\n\n\n<p>El primer hecho se caratul\u00f3 como \u201c<strong>allanamiento en robo calificado\u201d<\/strong> e interviene la UFI N\u00b07 a cargo del doctor Urlezaga.<\/p>\n\n\n\n<p><\/p>\n\n\n\n<p>El segundo hecho con fecha del 16 de marzo fue caratulado como<strong> \u201crobo\u201d<\/strong> e interviene la UFI N\u00b010 a cargo del doctor Jos\u00e9 Iturralde.<\/p>\n","protected":false},"excerpt":{"rendered":"<p>El allanamiento se realiz\u00f3 en Dean Funes al 500. El joven hab\u00eda robado en el Mayorista del Helado. Adem\u00e1s se<\/p>\n","protected":false},"author":6,"featured_media":112692,"comment_status":"closed","ping_status":"closed","sticky":false,"template":"","format":"standard","meta":{"_jetpack_memberships_contains_paid_content":false,"footnotes":""},"categories":[14,1],"tags":[],"class_list":["post-112690","post","type-post","status-publish","format-standard","has-post-thumbnail","hentry","category-policiales","category-portada"],"jetpack_featured_media_url":"https:\/\/i0.wp.com\/cdnoticias.com\/wp-content\/uploads\/2024\/03\/allanamiento-dos-robos-joven-imputado-mayorista-helado.png?fit=813%2C461&ssl=1","jetpack_sharing_enabled":true,"_links":{"self":[{"href":"https:\/\/cdnoticias.com\/index.php\/wp-json\/wp\/v2\/posts\/112690","targetHints":{"allow":["GET"]}}],"collection":[{"href":"https:\/\/cdnoticias.com\/index.php\/wp-json\/wp\/v2\/posts"}],"about":[{"href":"https:\/\/cdnoticias.com\/index.php\/wp-json\/wp\/v2\/types\/post"}],"author":[{"embeddable":true,"href":"https:\/\/cdnoticias.com\/index.php\/wp-json\/wp\/v2\/users\/6"}],"replies":[{"embeddable":true,"href":"https:\/\/cdnoticias.com\/index.php\/wp-json\/wp\/v2\/comments?post=112690"}],"version-history":[{"count":0,"href":"https:\/\/cdnoticias.com\/index.php\/wp-json\/wp\/v2\/posts\/112690\/revisions"}],"wp:featuredmedia":[{"embeddable":true,"href":"https:\/\/cdnoticias.com\/index.php\/wp-json\/wp\/v2\/media\/112692"}],"wp:attachment":[{"href":"https:\/\/cdnoticias.com\/index.php\/wp-json\/wp\/v2\/media?parent=112690"}],"wp:term":[{"taxonomy":"category","embeddable":true,"href":"https:\/\/cdnoticias.com\/index.php\/wp-json\/wp\/v2\/categories?post=112690"},{"taxonomy":"post_tag","embeddable":true,"href":"https:\/\/cdnoticias.com\/index.php\/wp-json\/wp\/v2\/tags?post=112690"}],"curies":[{"name":"wp","href":"https:\/\/api.w.org\/{rel}","templated":true}]}}