{"id":11267,"date":"2021-01-12T17:53:14","date_gmt":"2021-01-12T20:53:14","guid":{"rendered":"http:\/\/www.centraldenoticias.com.ar\/?p=11267"},"modified":"2021-01-12T19:41:12","modified_gmt":"2021-01-12T22:41:12","slug":"como-seran-los-cambios-para-olavarria-con-la-restriccion-horaria","status":"publish","type":"post","link":"https:\/\/cdnoticias.com\/index.php\/2021\/01\/12\/como-seran-los-cambios-para-olavarria-con-la-restriccion-horaria\/","title":{"rendered":"C\u00f3mo ser\u00e1n los cambios para Olavarr\u00eda con la restricci\u00f3n horaria"},"content":{"rendered":"<p>Si bien el cambio m\u00e1s significativo lo tendr\u00e1n los bares y restaurantes, habr\u00e1 nueva delimitaci\u00f3n horaria en algunos puntos. C\u00f3mo ser\u00e1n los d\u00edas de pandemia que vienen para la ciudad.<!--more--><\/p>\n<hr \/>\n<p>Tras la decisi\u00f3n del gobierno provincial de <a href=\"https:\/\/cdnoticias.com\/index.php\/2021\/01\/09\/finalmente-provincia-restringe-circulacion-nocturna-olavarria-quedaria-alcanzada\/\" target=\"_blank\" rel=\"noopener\">realizar una restricci\u00f3n horaria nocturna para disminuir la circulaci\u00f3n de personas por el COVID<\/a><a href=\"https:\/\/cdnoticias.com\/index.php\/2021\/01\/12\/restricciones-en-olavarria-las-actividades-finalizaran-a-la-1-de-la-manana\/\" target=\"_blank\" rel=\"noopener\">, el Municipio adhiri\u00f3 al decreto<\/a> y <strong>reglament\u00f3, en nuestro distrito, c\u00f3mo funcionar\u00e1n los comercios y las actividades en el marco de la pandemia. <\/strong><\/p>\n<p>&nbsp;<\/p>\n<p>Cabe se\u00f1alar que <strong>los comercios tendr\u00e1n una amplitud horaria de funcionamiento hasta las 22 horas,<\/strong> tal como sucede en la \u201cnormalidad\u201d.<\/p>\n<p>&nbsp;<\/p>\n<blockquote><p>Lo vinculado con la medicina y controles m\u00e9dicos, ya sea laboratorios, farmacias (no las que est\u00e9n de turno) y consultorios tienen l\u00edmite de atenci\u00f3n hasta las 20 horas.<\/p><\/blockquote>\n<p>&nbsp;<\/p>\n<p><strong>El Estacionamiento Medido, por su parte, continuar\u00e1 su funcionamiento hasta las 18 horas<\/strong> para la zona 1, mientras que a las 13 horas finalizar\u00e1 el control en la zona 2. <strong>Los kioscos, en tanto, podr\u00e1n funcionar hasta las 00 horas.<\/strong><\/p>\n<p>&nbsp;<\/p>\n<blockquote><p>El Bingo funcionar\u00e1 tal como fue estipulado en el reinicio de sus actividades, la 1 de la ma\u00f1ana.<\/p><\/blockquote>\n<p>&nbsp;<\/p>\n<p>El cambio sustancial est\u00e1 en los bares y restaurantes: <strong>tras el l\u00edmite de hasta las 3 de la ma\u00f1ana, ahora pasar\u00e1 a la 1 am, que deber\u00e1n cerrar sus puertas.<\/strong> En este sentido, reforzar\u00e1n controles y seguimiento por parte de Control Urbano.<\/p>\n<p>&nbsp;<\/p>\n<p>La mayor\u00eda de la pr\u00e1ctica deportiva ser\u00e1 hasta las 22 horas, con algunas excepciones<strong> hasta las 00 (como el padel, el f\u00fatbol 5, los gimnasios, etc)<\/strong> y las lagunas estar\u00e1n abiertas hasta las 20 horas, mismo caso los natatorios. El hipismo, el canotaje, en tanto, tendr\u00e1 l\u00edmite hasta las 19 horas.<\/p>\n<p>&nbsp;<\/p>\n<blockquote><p>Las actividades culturales, en tanto, se permitir\u00e1n hasta las 20 horas. El transporte p\u00fablico funcionar\u00e1 de 6 a 23 horas, con frecuencias de domingo y feriados.<\/p><\/blockquote>\n<p>&nbsp;<\/p>\n<p><strong>El decreto firmado por el Intendente Ezequiel Galli y todos los secretarios del gobierno tiene una vigencia hasta el 25 de enero<\/strong>, donde se esperan nuevas medidas en torno al contexto sanitario de ese momento.<\/p>\n","protected":false},"excerpt":{"rendered":"<p>Si bien el cambio m\u00e1s significativo lo tendr\u00e1n los bares y restaurantes, habr\u00e1 nueva delimitaci\u00f3n horaria en algunos puntos. C\u00f3mo<\/p>\n","protected":false},"author":2,"featured_media":7485,"comment_status":"closed","ping_status":"closed","sticky":false,"template":"","format":"standard","meta":{"_jetpack_memberships_contains_paid_content":false,"footnotes":""},"categories":[5,1],"tags":[],"class_list":["post-11267","post","type-post","status-publish","format-standard","has-post-thumbnail","hentry","category-informacion-general","category-portada"],"jetpack_featured_media_url":"https:\/\/i0.wp.com\/cdnoticias.com\/wp-content\/uploads\/2020\/11\/Olavarria01.jpg?fit=1280%2C789&ssl=1","jetpack_sharing_enabled":true,"_links":{"self":[{"href":"https:\/\/cdnoticias.com\/index.php\/wp-json\/wp\/v2\/posts\/11267","targetHints":{"allow":["GET"]}}],"collection":[{"href":"https:\/\/cdnoticias.com\/index.php\/wp-json\/wp\/v2\/posts"}],"about":[{"href":"https:\/\/cdnoticias.com\/index.php\/wp-json\/wp\/v2\/types\/post"}],"author":[{"embeddable":true,"href":"https:\/\/cdnoticias.com\/index.php\/wp-json\/wp\/v2\/users\/2"}],"replies":[{"embeddable":true,"href":"https:\/\/cdnoticias.com\/index.php\/wp-json\/wp\/v2\/comments?post=11267"}],"version-history":[{"count":0,"href":"https:\/\/cdnoticias.com\/index.php\/wp-json\/wp\/v2\/posts\/11267\/revisions"}],"wp:featuredmedia":[{"embeddable":true,"href":"https:\/\/cdnoticias.com\/index.php\/wp-json\/wp\/v2\/media\/7485"}],"wp:attachment":[{"href":"https:\/\/cdnoticias.com\/index.php\/wp-json\/wp\/v2\/media?parent=11267"}],"wp:term":[{"taxonomy":"category","embeddable":true,"href":"https:\/\/cdnoticias.com\/index.php\/wp-json\/wp\/v2\/categories?post=11267"},{"taxonomy":"post_tag","embeddable":true,"href":"https:\/\/cdnoticias.com\/index.php\/wp-json\/wp\/v2\/tags?post=11267"}],"curies":[{"name":"wp","href":"https:\/\/api.w.org\/{rel}","templated":true}]}}