{"id":112666,"date":"2024-04-02T09:46:31","date_gmt":"2024-04-02T12:46:31","guid":{"rendered":"https:\/\/cdnoticias.com\/?p=112666"},"modified":"2024-04-02T09:47:04","modified_gmt":"2024-04-02T12:47:04","slug":"en-medio-de-la-ola-de-despidos-ate-anuncio-un-nuevo-paro-nacional","status":"publish","type":"post","link":"https:\/\/cdnoticias.com\/index.php\/2024\/04\/02\/en-medio-de-la-ola-de-despidos-ate-anuncio-un-nuevo-paro-nacional\/","title":{"rendered":"En medio de la ola de despidos, ATE anunci\u00f3 un nuevo paro nacional"},"content":{"rendered":"\n<p>Ser\u00e1 este mi\u00e9rcoles 3 de abril y a modo de protesta llaman a realizar un \u201cingreso masivo y simult\u00e1neo\u201d a todos los organismos estatales.<\/p>\n\n\n\n<hr class=\"wp-block-separator aligncenter has-alpha-channel-opacity\"\/>\n\n\n\n<p>En <strong>medio de la ola de despidos<\/strong> en el Estado nacional, la <strong>Asociaci\u00f3n de Trabajadores del Estado anunci\u00f3 un paro nacional para el pr\u00f3ximo 3 de abril <\/strong>y a modo de protesta llama a <strong>realizar un \u201cingreso masivo y simult\u00e1neo\u201d<\/strong> a todos los organismos estatales.<\/p>\n\n\n\n<p><\/p>\n\n\n\n<p><em>\u201cComo ya sabr\u00e1 y estar\u00e1 disfrutando, porque usted encabeza un gobierno da\u00f1ino y cruel, los estatales ya empezamos a recibir<strong> miles de telegramas de despidos, <\/strong>pero el d\u00eda 3 de abril igual <strong>nos vamos a presentar en nuestros puestos de trabajo,<\/strong> haci\u00e9ndolo exclusivo responsable por cualquier hecho violento que hubiera que lamentar\u201d<\/em>, escribi\u00f3 el titular de ATE, Rodolfo Aguiar, en su cuenta de X en un mensaje dirigido a Javier Milei.<\/p>\n\n\n\n<p><\/p>\n\n\n\n<p>En las \u00faltimas horas, miles de trabajadores recibieron <strong>correos electr\u00f3nicos con el aviso de despido,<\/strong> apenas unas horas antes del inicio del fin de semana largo.<\/p>\n\n\n\n<p><\/p>\n\n\n\n<p><em>\u201cEchamos 50.000 empleados p\u00fablicos, no solo eso, sino que adem\u00e1s se dieron de baja contratos, f\u00edjense que ahora est\u00e1n cayendo m\u00e1s contratos y van a caer 70.000 contratos\u201d, <\/em>confirm\u00f3 el presidente Milei este mi\u00e9rcoles.<\/p>\n\n\n\n<p><\/p>\n\n\n\n<p>El secretario general de ATE acompa\u00f1\u00f3 la publicaci\u00f3n con la carta que el sindicato le envi\u00f3 a la ministra de Capital Humano, Sandra Pettovello.<\/p>\n\n\n\n<p><\/p>\n\n\n\n<blockquote class=\"wp-block-quote is-layout-flow wp-block-quote-is-layout-flow\">\n<p>En ese texto, el gremio sostiene que \u201cla amenaza de despido de 70.000 trabajadoras y trabajadores del Estado nacional no solo devela un total desconocimiento de la gesti\u00f3n, sino que adem\u00e1s conlleva la nefasta pr\u00e1ctica de intentar infundir miedo. Las y los trabajadores estatales no tienen miedo y resisten en defensa de las politicas p\u00fablicas que se traducen en derechos de toda la poblaci\u00f3n de nuestro pa\u00eds\u201d.<\/p>\n<\/blockquote>\n\n\n\n<p><\/p>\n\n\n\n<p><em>\u201cRechazamos las pol\u00edticas de hambre y miseria que aumentan exponencialmente la pobreza y la indigencia; que dejan en la calle a miles de compatriotas de todos los \u00e1mbitos de la econom\u00eda argentina; que cierran organismos estatales esenciales para la promoci\u00f3n y protecci\u00f3n de derechos; que destruyen la producci\u00f3n y a la peque\u00f1a y mediana empresa, eliminando subsidios y generando una escandalosa transferencia de recursos desde los sectores populares hacia los sectores concentrados de la econom\u00eda<\/em>\u201d, se\u00f1ala tambi\u00e9n la carta a Pettovello.<\/p>\n\n\n\n<p><\/p>\n\n\n\n<blockquote class=\"wp-block-quote is-layout-flow wp-block-quote-is-layout-flow\">\n<p>Entre los principales reclamos de ATE, figuran \u201cel cese de los despidos y la reincorporaci\u00f3n inmediata de los cesanteados, as\u00ed como tambi\u00e9n el reclamo de un aumento salarial que supere la inflaci\u00f3n; el pase a planta permanente y estabilidad laboral; el cese de las pol\u00edticas de ajuste, miseria y hambre; el rechazo a cualquier privatizaci\u00f3n de empresas p\u00fablicas; y la defensa del Fondo de Garant\u00eda de Sustentabilidad (FGS)\u201d.<\/p>\n<\/blockquote>\n\n\n\n<p><\/p>\n\n\n\n<p>ATE explic\u00f3 que durante la jornada de lucha cada distrito contar\u00e1 con la posibilidad de <strong>definir la modalidad de la protesta<\/strong>, incluyendo panfleteadas, radios abiertas y diversas acciones de visibilizaci\u00f3n.<\/p>\n\n\n\n<p><\/p>\n\n\n\n<p>\u201cComo le gusta tanto copiar modelos anteriores, <strong>nosotros esperamos que no se repitan escenarios del pasado<\/strong>, que la administraci\u00f3n p\u00fablica no est\u00e9 militarizada y la polic\u00eda no bloque\u00e9 las puertas de los ministerios con listados de qui\u00e9nes s\u00ed y qui\u00e9nes no pueden ingresar\u201d afirm\u00f3 Aguiar en su mensaje a Milei.<\/p>\n\n\n\n<p><\/p>\n\n\n\n<p>\u201cUsted y sus funcionarios que tanto hablan de respetar la ley, <strong>han decidido quebrantar normas fundamentales <\/strong>y violar el Derecho constitucional a la estabilidad en el Empleo P\u00fablico (art 14 bis)\u201d, agreg\u00f3.<\/p>\n\n\n\n<p><\/p>\n\n\n\n<p>\u201cCada cesant\u00eda se convierte en un calvario para el trabajador y la familia que la sufre, pero tambi\u00e9n detr\u00e1s de cada puesto de empleo que se pierde, hay una pol\u00edtica p\u00fablica que se desmantela\u201d cerr\u00f3 el titular de ATE. <\/p>\n\n\n\n<p><\/p>\n\n\n\n<p><em>Fuente: DIB<\/em><\/p>\n","protected":false},"excerpt":{"rendered":"<p>Ser\u00e1 este mi\u00e9rcoles 3 de abril y a modo de protesta llaman a realizar un \u201cingreso masivo y simult\u00e1neo\u201d a<\/p>\n","protected":false},"author":6,"featured_media":112667,"comment_status":"closed","ping_status":"closed","sticky":false,"template":"","format":"standard","meta":{"_jetpack_memberships_contains_paid_content":false,"footnotes":""},"categories":[6,1],"tags":[],"class_list":["post-112666","post","type-post","status-publish","format-standard","has-post-thumbnail","hentry","category-nacionales","category-portada"],"jetpack_featured_media_url":"https:\/\/i0.wp.com\/cdnoticias.com\/wp-content\/uploads\/2024\/03\/ate-696x425-1.webp?fit=696%2C425&ssl=1","jetpack_sharing_enabled":true,"_links":{"self":[{"href":"https:\/\/cdnoticias.com\/index.php\/wp-json\/wp\/v2\/posts\/112666","targetHints":{"allow":["GET"]}}],"collection":[{"href":"https:\/\/cdnoticias.com\/index.php\/wp-json\/wp\/v2\/posts"}],"about":[{"href":"https:\/\/cdnoticias.com\/index.php\/wp-json\/wp\/v2\/types\/post"}],"author":[{"embeddable":true,"href":"https:\/\/cdnoticias.com\/index.php\/wp-json\/wp\/v2\/users\/6"}],"replies":[{"embeddable":true,"href":"https:\/\/cdnoticias.com\/index.php\/wp-json\/wp\/v2\/comments?post=112666"}],"version-history":[{"count":0,"href":"https:\/\/cdnoticias.com\/index.php\/wp-json\/wp\/v2\/posts\/112666\/revisions"}],"wp:featuredmedia":[{"embeddable":true,"href":"https:\/\/cdnoticias.com\/index.php\/wp-json\/wp\/v2\/media\/112667"}],"wp:attachment":[{"href":"https:\/\/cdnoticias.com\/index.php\/wp-json\/wp\/v2\/media?parent=112666"}],"wp:term":[{"taxonomy":"category","embeddable":true,"href":"https:\/\/cdnoticias.com\/index.php\/wp-json\/wp\/v2\/categories?post=112666"},{"taxonomy":"post_tag","embeddable":true,"href":"https:\/\/cdnoticias.com\/index.php\/wp-json\/wp\/v2\/tags?post=112666"}],"curies":[{"name":"wp","href":"https:\/\/api.w.org\/{rel}","templated":true}]}}