{"id":112662,"date":"2024-03-29T20:31:23","date_gmt":"2024-03-29T23:31:23","guid":{"rendered":"https:\/\/cdnoticias.com\/?p=112662"},"modified":"2024-03-29T20:31:26","modified_gmt":"2024-03-29T23:31:26","slug":"segunda-edicion-del-festival-latinoamericano-de-cortometrajes-de-olavarria","status":"publish","type":"post","link":"https:\/\/cdnoticias.com\/index.php\/2024\/03\/29\/segunda-edicion-del-festival-latinoamericano-de-cortometrajes-de-olavarria\/","title":{"rendered":"Segunda Edici\u00f3n del Festival Latinoamericano de Cortometrajes de Olavarr\u00eda"},"content":{"rendered":"\n<p>Comenz\u00f3 la inscripci\u00f3n para que los realizadores puedan enviar su material de manera gratuita. El evento ser\u00e1 el 14 y 15 de septiembre. Conoc\u00e9 lo detalles.<\/p>\n\n\n\n<hr class=\"wp-block-separator aligncenter has-alpha-channel-opacity\"\/>\n\n\n\n<p>Tras el \u00e9xito de la primera edici\u00f3n, se anunciaron las fechas y <strong>se abri\u00f3 la convocatoria para la segunda edici\u00f3n del Festival Latinoamericano de Cortometrajes de Olavarr\u00eda<\/strong> (FeLCO).<\/p>\n\n\n\n<p><\/p>\n\n\n\n<p>El Festival <strong>se llevar\u00e1 a cabo el 14 y 15 de septiembre<\/strong> y <strong>los realizadores podr\u00e1n enviar su material hasta el domingo 14 de julio <\/strong>haciendo <a href=\"http:\/\/www.festivaldecortosolavarria.com.ar.\" target=\"_blank\" rel=\"noreferrer noopener\">click ac\u00e1<\/a>.<\/p>\n\n\n\n<p><\/p>\n\n\n\n<p>La sala principal ser\u00e1 el <strong>Teatro Municipal de Olavarr\u00eda<\/strong> y habr\u00e1 jornadas en<strong> salas itinerantes de la ciudad y las localidades<\/strong>. La <strong>entrada ser\u00e1 libre y gratuita <\/strong>a todas las actividades. <\/p>\n\n\n\n<p><\/p>\n\n\n\n<p>Un jurado integrado por directores, actores y referentes de la industria cinematogr\u00e1fica evaluar\u00e1n el material y <strong>votar\u00e1n por los mejores cortometrajes en tres categor\u00edas<\/strong> (primer premio, segundo premio y tercer premio).<\/p>\n\n\n\n<p><\/p>\n\n\n\n<figure class=\"wp-block-image aligncenter size-full\"><img data-recalc-dims=\"1\" loading=\"lazy\" decoding=\"async\" width=\"700\" height=\"875\" src=\"https:\/\/i0.wp.com\/cdnoticias.com\/wp-content\/uploads\/2024\/03\/festival-cortos-segunda-edicion1.jpg?resize=700%2C875&#038;ssl=1\" alt=\"\" class=\"wp-image-112664\" srcset=\"https:\/\/i0.wp.com\/cdnoticias.com\/wp-content\/uploads\/2024\/03\/festival-cortos-segunda-edicion1.jpg?w=700&amp;ssl=1 700w, https:\/\/i0.wp.com\/cdnoticias.com\/wp-content\/uploads\/2024\/03\/festival-cortos-segunda-edicion1.jpg?resize=240%2C300&amp;ssl=1 240w\" sizes=\"auto, (max-width: 700px) 100vw, 700px\" \/><\/figure>\n\n\n\n<p><\/p>\n\n\n\n<blockquote class=\"wp-block-quote is-layout-flow wp-block-quote-is-layout-flow\">\n<p>Adem\u00e1s, en esta nueva edici\u00f3n, habr\u00e1 un premio para destacar el mejor cortometraje de g\u00e9nero terror o ciencia ficci\u00f3n. Ser\u00e1 auspiciado por la productora de terror Black Mandala Films.<\/p>\n<\/blockquote>\n\n\n\n<p><\/p>\n\n\n\n<p>Asimismo, al igual que en la edici\u00f3n anterior, se entregar\u00e1 la menci\u00f3n &#8220;Cristina Silverii&#8221; a la <strong>producci\u00f3n local olavarriense.<\/strong><\/p>\n\n\n\n<p><\/p>\n\n\n\n<blockquote class=\"wp-block-quote is-layout-flow wp-block-quote-is-layout-flow\">\n<p>&#8220;En esta nueva edici\u00f3n vamos a sumar charlas, talleres y otras actividades para los participantes&#8221; indicaron desde la organizaci\u00f3n.<\/p>\n<\/blockquote>\n\n\n\n<p><\/p>\n\n\n\n<p>Por \u00faltimo, se\u00f1alaron: &#8220;<strong>Creemos en seguir manteniendo vivos estos espacios. Qued\u00f3 demostrado en la primera edici\u00f3n que la gente busca estos lugares y quiere ser parte, m\u00e1s teniendo en cuenta el dif\u00edcil momento que enfrenta la cultura. Estos festivales nacen desde el amor al cine y a la divulgaci\u00f3n de la cultura&#8221;.<\/strong><\/p>\n","protected":false},"excerpt":{"rendered":"<p>Comenz\u00f3 la inscripci\u00f3n para que los realizadores puedan enviar su material de manera gratuita. El evento ser\u00e1 el 14 y<\/p>\n","protected":false},"author":6,"featured_media":112663,"comment_status":"closed","ping_status":"closed","sticky":false,"template":"","format":"standard","meta":{"_jetpack_memberships_contains_paid_content":false,"footnotes":""},"categories":[9,1],"tags":[],"class_list":["post-112662","post","type-post","status-publish","format-standard","has-post-thumbnail","hentry","category-cultura","category-portada"],"jetpack_featured_media_url":"https:\/\/i0.wp.com\/cdnoticias.com\/wp-content\/uploads\/2024\/03\/festival-cortos-segunda-edicion.jpg?fit=1000%2C666&ssl=1","jetpack_sharing_enabled":true,"_links":{"self":[{"href":"https:\/\/cdnoticias.com\/index.php\/wp-json\/wp\/v2\/posts\/112662","targetHints":{"allow":["GET"]}}],"collection":[{"href":"https:\/\/cdnoticias.com\/index.php\/wp-json\/wp\/v2\/posts"}],"about":[{"href":"https:\/\/cdnoticias.com\/index.php\/wp-json\/wp\/v2\/types\/post"}],"author":[{"embeddable":true,"href":"https:\/\/cdnoticias.com\/index.php\/wp-json\/wp\/v2\/users\/6"}],"replies":[{"embeddable":true,"href":"https:\/\/cdnoticias.com\/index.php\/wp-json\/wp\/v2\/comments?post=112662"}],"version-history":[{"count":0,"href":"https:\/\/cdnoticias.com\/index.php\/wp-json\/wp\/v2\/posts\/112662\/revisions"}],"wp:featuredmedia":[{"embeddable":true,"href":"https:\/\/cdnoticias.com\/index.php\/wp-json\/wp\/v2\/media\/112663"}],"wp:attachment":[{"href":"https:\/\/cdnoticias.com\/index.php\/wp-json\/wp\/v2\/media?parent=112662"}],"wp:term":[{"taxonomy":"category","embeddable":true,"href":"https:\/\/cdnoticias.com\/index.php\/wp-json\/wp\/v2\/categories?post=112662"},{"taxonomy":"post_tag","embeddable":true,"href":"https:\/\/cdnoticias.com\/index.php\/wp-json\/wp\/v2\/tags?post=112662"}],"curies":[{"name":"wp","href":"https:\/\/api.w.org\/{rel}","templated":true}]}}