{"id":112599,"date":"2024-03-29T11:00:40","date_gmt":"2024-03-29T14:00:40","guid":{"rendered":"https:\/\/cdnoticias.com\/?p=112599"},"modified":"2024-03-29T17:30:24","modified_gmt":"2024-03-29T20:30:24","slug":"la-asociacion-de-bomberos-voluntarios-presento-su-ultimo-balance","status":"publish","type":"post","link":"https:\/\/cdnoticias.com\/index.php\/2024\/03\/29\/la-asociacion-de-bomberos-voluntarios-presento-su-ultimo-balance\/","title":{"rendered":"La Asociaci\u00f3n de Bomberos Voluntarios present\u00f3 su \u00faltimo balance"},"content":{"rendered":"\n<p>La asamblea se llev\u00f3 a cabo en las instalaciones del Cuartel Central. Se present\u00f3 el balance anual del per\u00edodo de noviembre del 2022 a octubre del 2023 que incluye la compra de m\u00e1s de cuatro nuevas unidades.<\/p>\n\n\n\n<hr class=\"wp-block-separator aligncenter has-alpha-channel-opacity\"\/>\n\n\n\n<p>El pasado mi\u00e9rcoles, se llev\u00f3 a cabo en las instalaciones del Cuartel Central la asamblea donde se present\u00f3 el <strong>\u201c74\u00ba ejercicio econ\u00f3mico<\/strong>\u201d de la <strong>Asociaci\u00f3n de Bomberos Voluntarios de Olavarr\u00eda.<\/strong><\/p>\n\n\n\n<p><\/p>\n\n\n\n<p>El actual Consejo Directivo, acompa\u00f1ado por parte del Cuerpo Activo, Jefatura y la Subcomisi\u00f3n de Damas, present\u00f3 el <strong>balance anual del per\u00edodo de noviembre del 2022 a octubre del 2023.<\/strong><\/p>\n\n\n\n<p><\/p>\n\n\n\n<p>Desde la entidad se inform\u00f3 que en principio se ley\u00f3 y aprob\u00f3 la editorial y memoria del per\u00edodo, que resume todo el trabajo realizado desde las diferentes \u00e1reas que componen a la asociaci\u00f3n.<\/p>\n\n\n\n<p><\/p>\n\n\n\n<blockquote class=\"wp-block-quote is-layout-flow wp-block-quote-is-layout-flow\">\n<p>Entre ellos se destacaron la compra de m\u00e1s de cuatro nuevas unidades para el cuartel y los destacamentos, la realizaci\u00f3n y participaci\u00f3n en cenas y eventos ben\u00e9ficos, la compra de equipos y materiales estructurales, entre otros.<\/p>\n<\/blockquote>\n\n\n\n<p><\/p>\n\n\n\n<p>Luego, el contador externo Jos\u00e9 Luis Modareli explicit\u00f3 cu\u00e1les fueron los<strong> ingresos, inversiones y gastos fijos<\/strong> <strong>y variables<\/strong> en el a\u00f1o.<\/p>\n\n\n\n<p><\/p>\n\n\n\n<p>Por su parte, el tesorero Adelqui Acosta, teniendo en cuenta los n\u00fameros anteriormente mencionados, resalt\u00f3 el detallado y minucioso trabajo del consejo en un contexto econ\u00f3mico adverso.<\/p>\n\n\n\n<p><\/p>\n\n\n\n<p>Para finalizar la asamblea, tomaron la palabra el Comandante General Ra\u00fal Ferreira y el actual Presidente del Consejo, Hugo Fayan\u00e1s. Ferreira destac\u00f3 \u201c<strong>la transparencia del trabajo del Consejo Directivo, y c\u00f3mo esto impacta positivamente en el Cuerpo Activo\u201d<\/strong>.<\/p>\n\n\n\n<p><\/p>\n\n\n\n<p>Adem\u00e1s alag\u00f3 decisiones administrativas, como por ejemplo la <strong>creaci\u00f3n de la Subcomisi\u00f3n de Damas, <\/strong>que le permiti\u00f3 a la asociaci\u00f3n tener un crecimiento e impacto en lo social.<\/p>\n\n\n\n<p><\/p>\n\n\n\n<p>Por \u00faltimo, Fayan\u00e1s inst\u00f3 a los presentes a <em>\u201cseguir trabajando de la manera que se viene haciendo, bregando por los intereses de la instituci\u00f3n y siempre pensando en c\u00f3mo mejorar\u201d.<\/em><\/p>\n","protected":false},"excerpt":{"rendered":"<p>La asamblea se llev\u00f3 a cabo en las instalaciones del Cuartel Central. Se present\u00f3 el balance anual del per\u00edodo de<\/p>\n","protected":false},"author":6,"featured_media":112601,"comment_status":"closed","ping_status":"closed","sticky":false,"template":"","format":"standard","meta":{"_jetpack_memberships_contains_paid_content":false,"footnotes":""},"categories":[5,1],"tags":[],"class_list":["post-112599","post","type-post","status-publish","format-standard","has-post-thumbnail","hentry","category-informacion-general","category-portada"],"jetpack_featured_media_url":"https:\/\/i0.wp.com\/cdnoticias.com\/wp-content\/uploads\/2024\/03\/bomberos-balance-economico.png?fit=977%2C455&ssl=1","jetpack_sharing_enabled":true,"_links":{"self":[{"href":"https:\/\/cdnoticias.com\/index.php\/wp-json\/wp\/v2\/posts\/112599","targetHints":{"allow":["GET"]}}],"collection":[{"href":"https:\/\/cdnoticias.com\/index.php\/wp-json\/wp\/v2\/posts"}],"about":[{"href":"https:\/\/cdnoticias.com\/index.php\/wp-json\/wp\/v2\/types\/post"}],"author":[{"embeddable":true,"href":"https:\/\/cdnoticias.com\/index.php\/wp-json\/wp\/v2\/users\/6"}],"replies":[{"embeddable":true,"href":"https:\/\/cdnoticias.com\/index.php\/wp-json\/wp\/v2\/comments?post=112599"}],"version-history":[{"count":0,"href":"https:\/\/cdnoticias.com\/index.php\/wp-json\/wp\/v2\/posts\/112599\/revisions"}],"wp:featuredmedia":[{"embeddable":true,"href":"https:\/\/cdnoticias.com\/index.php\/wp-json\/wp\/v2\/media\/112601"}],"wp:attachment":[{"href":"https:\/\/cdnoticias.com\/index.php\/wp-json\/wp\/v2\/media?parent=112599"}],"wp:term":[{"taxonomy":"category","embeddable":true,"href":"https:\/\/cdnoticias.com\/index.php\/wp-json\/wp\/v2\/categories?post=112599"},{"taxonomy":"post_tag","embeddable":true,"href":"https:\/\/cdnoticias.com\/index.php\/wp-json\/wp\/v2\/tags?post=112599"}],"curies":[{"name":"wp","href":"https:\/\/api.w.org\/{rel}","templated":true}]}}