{"id":112585,"date":"2024-03-29T09:31:21","date_gmt":"2024-03-29T12:31:21","guid":{"rendered":"https:\/\/cdnoticias.com\/?p=112585"},"modified":"2024-03-29T12:27:52","modified_gmt":"2024-03-29T15:27:52","slug":"la-lista-verde-sostuvo-que-el-pedido-de-coopelectric-de-suba-del-agua-es-desmesurado","status":"publish","type":"post","link":"https:\/\/cdnoticias.com\/index.php\/2024\/03\/29\/la-lista-verde-sostuvo-que-el-pedido-de-coopelectric-de-suba-del-agua-es-desmesurado\/","title":{"rendered":"La Lista Verde sostuvo que el pedido de Coopelectric de suba del agua \u201ces desmesurado\u201d"},"content":{"rendered":"<p>Fue en un encuentro de integrantes de la agrupaci\u00f3n que definieron como una \u201caudiencia p\u00fablica real\u201d. Se inform\u00f3 que los oradores \u201crealizaron fuertes cr\u00edticas a la conducci\u00f3n actual de Coopelectric\u201d.<\/p>\n<p><!--more--><\/p>\n<hr \/>\n<p><strong>El martes se realiz\u00f3 un encuentro de la Lista Verde de Coopelectric<\/strong> en el sal\u00f3n de actos del Sindicato de Vendedores de Diarios y Revistas.<\/p>\n<p>Desde la agrupaci\u00f3n se indic\u00f3 que<strong> \u201cla convocatoria ten\u00eda el objetivo de ser una \u00b4audiencia p\u00fablica real\u00b4<\/strong>, <a href=\"https:\/\/cdnoticias.com\/index.php\/2024\/03\/25\/audiencia-publica-por-la-tarifa-de-agua-solo-tres-oradores-y-coopelectric-pidio-292-de-suba\/\">paralela a la convocada por Coopelectric<\/a> para el <strong>aumento de la tarifa de agua<\/strong>, que no tuvo presencia de p\u00fablico y que dur\u00f3 quince minutos, desvirtuando la finalidad de este instrumento democr\u00e1tico, para que los olavarrienses pudieran participar y expresarse en un tema que es de su inter\u00e9s directo\u201d.<\/p>\n<p><em>\u201cEl objetivo se vio cumplido, seg\u00fan los organizadores<\/em>, por la presencia de personas que colmaron la capacidad de la sala y la cantidad y calidad de los que se anotaron y hablaron en el evento\u201d sostuvo la Lista Verde.<\/p>\n<p><img data-recalc-dims=\"1\" loading=\"lazy\" decoding=\"async\" class=\"size-full wp-image-112588 aligncenter\" src=\"https:\/\/i0.wp.com\/cdnoticias.com\/wp-content\/uploads\/2024\/03\/lista-verde-coopelectric-02.jpg?resize=800%2C445&#038;ssl=1\" alt=\"\" width=\"800\" height=\"445\" srcset=\"https:\/\/i0.wp.com\/cdnoticias.com\/wp-content\/uploads\/2024\/03\/lista-verde-coopelectric-02.jpg?w=1000&amp;ssl=1 1000w, https:\/\/i0.wp.com\/cdnoticias.com\/wp-content\/uploads\/2024\/03\/lista-verde-coopelectric-02.jpg?resize=300%2C167&amp;ssl=1 300w, https:\/\/i0.wp.com\/cdnoticias.com\/wp-content\/uploads\/2024\/03\/lista-verde-coopelectric-02.jpg?resize=768%2C427&amp;ssl=1 768w, https:\/\/i0.wp.com\/cdnoticias.com\/wp-content\/uploads\/2024\/03\/lista-verde-coopelectric-02.jpg?resize=800%2C445&amp;ssl=1 800w\" sizes=\"auto, (max-width: 800px) 100vw, 800px\" \/><\/p>\n<p>Los que se expresaron en el encuentro fueron<em> Jos\u00e9 Quinteros, ex presidente de las Federaci\u00f3n de Sociedades de Fomento; Nicol\u00e1s Leal, ex consejero de administraci\u00f3n de Coopelectric; Eva Cura, ex concejal; Jorge Videla, docente, ex presidente de la Federaci\u00f3n de Sociedades de Fomento, Claudio Garc\u00eda, abogado y uno de los fundadores de Lista Verde, Alan Aguirre, de la juventud de la Lista, Paulo Ferreira Marquez, periodista; Daniel Guitart, empresario de la construcci\u00f3n, Juan Carlos Parini, ex gerente de la cooperativa telef\u00f3nica de Loma Negra, ex concejal y ex consejero de administraci\u00f3n de Coopelectric, y Luis Cavalli, abogado especialista en derecho de la energ\u00eda<\/em>.<\/p>\n<p>Se inform\u00f3 que los oradores<strong> \u201crealizaron fuertes cr\u00edticas a la conducci\u00f3n actual de Coopelectric<\/strong>, centr\u00e1ndose en la falta de respeto a los olavarrienses y el desprecio demostrado a los usuarios al realizar una audiencia con el fin de que no vaya nadie, haci\u00e9ndola en un lugar lejano, y no brindar informaci\u00f3n adecuada y suficiente para un debate serio y responsable. Este desprecio, que lleva a <strong>malas decisiones, m\u00e1s la falta de transparencia y ocultamiento de sus acciones y cuentas<\/strong>, es una de las causas de que llevaran a la empresa a la quiebra virtual, con las cuentas embargadas y los servicios deficientes\u201d.<\/p>\n<p><img data-recalc-dims=\"1\" loading=\"lazy\" decoding=\"async\" class=\"size-full wp-image-112586 aligncenter\" src=\"https:\/\/i0.wp.com\/cdnoticias.com\/wp-content\/uploads\/2024\/03\/lista-verde-coopelectric-00.jpg?resize=800%2C445&#038;ssl=1\" alt=\"\" width=\"800\" height=\"445\" srcset=\"https:\/\/i0.wp.com\/cdnoticias.com\/wp-content\/uploads\/2024\/03\/lista-verde-coopelectric-00.jpg?w=1000&amp;ssl=1 1000w, https:\/\/i0.wp.com\/cdnoticias.com\/wp-content\/uploads\/2024\/03\/lista-verde-coopelectric-00.jpg?resize=300%2C167&amp;ssl=1 300w, https:\/\/i0.wp.com\/cdnoticias.com\/wp-content\/uploads\/2024\/03\/lista-verde-coopelectric-00.jpg?resize=768%2C427&amp;ssl=1 768w, https:\/\/i0.wp.com\/cdnoticias.com\/wp-content\/uploads\/2024\/03\/lista-verde-coopelectric-00.jpg?resize=800%2C445&amp;ssl=1 800w\" sizes=\"auto, (max-width: 800px) 100vw, 800px\" \/><\/p>\n<blockquote><p>Se hizo \u00e9nfasis en que \u201cel aumento pedido de la tarifa de agua, de casi el 300 por ciento, es desmesurado y que va a impactar de manera negativa en una amplia mayor\u00eda de las familias olavarrienses, en un contexto general complejo\u201d. Se se\u00f1al\u00f3 que \u201cla empresa, sigue vulnerando la ley, cortando la luz y cobrando intereses, teniendo una resoluci\u00f3n expresa del organismo regulado de la energ\u00eda, el OCEBA, de que no puede cortar la electricidad ni cobra intereses mientras la factura tenga incorporada el concepto \u00b4Contribuci\u00f3n de capital en acciones\u00b4\u201d.<\/p><\/blockquote>\n<p>Todos coincidieron que \u201cla conducci\u00f3n actual de Coopelectric, que despu\u00e9s de treinta a\u00f1os llevaron a la ruina a la cooperativa que es de todos los socios, que se maneja de manera oscura, secreta, arbitraria, debe ser reemplazada y cambiado el sistema de gesti\u00f3n, transparentar sus cuentas, sanear sus finanzas y ponerla al servicio de sus socios cooperativos\u201d.<\/p>\n<p><img data-recalc-dims=\"1\" loading=\"lazy\" decoding=\"async\" class=\"size-full wp-image-112587 aligncenter\" src=\"https:\/\/i0.wp.com\/cdnoticias.com\/wp-content\/uploads\/2024\/03\/lista-verde-coopelectric-01.jpg?resize=800%2C445&#038;ssl=1\" alt=\"\" width=\"800\" height=\"445\" srcset=\"https:\/\/i0.wp.com\/cdnoticias.com\/wp-content\/uploads\/2024\/03\/lista-verde-coopelectric-01.jpg?w=1000&amp;ssl=1 1000w, https:\/\/i0.wp.com\/cdnoticias.com\/wp-content\/uploads\/2024\/03\/lista-verde-coopelectric-01.jpg?resize=300%2C167&amp;ssl=1 300w, https:\/\/i0.wp.com\/cdnoticias.com\/wp-content\/uploads\/2024\/03\/lista-verde-coopelectric-01.jpg?resize=768%2C427&amp;ssl=1 768w, https:\/\/i0.wp.com\/cdnoticias.com\/wp-content\/uploads\/2024\/03\/lista-verde-coopelectric-01.jpg?resize=800%2C445&amp;ssl=1 800w\" sizes=\"auto, (max-width: 800px) 100vw, 800px\" \/><\/p>\n<p>Asimismo se manifest\u00f3 que<strong> \u201cel optimismo en ganar las pr\u00f3ximas elecciones\u201d de la cooperativa.<\/strong><\/p>\n<p>Los integrantes de la Lista Verde son: <em>Arce Marcelo, Aguirre Roberto , Aquila Alex, Aguirre Marcelo, Aranda Sandra, Arauz Fabiana, Aizcurri Luis, Biondi Jos\u00e9, Ben\u00edtez Rub\u00e9n, Bueno Roberto, Bueno Renata, Bem\u00f3n Esteban, Bianco Carmen; Carmona Lilian; Canga Silvia; Casta\u00f1arez Patricia, Castrovinci Jorge, Castelli Adriana, Cavalli Luis , Ciappina Daniel, Cotoloni Susana, Colotta D\u00e9bora, Cura Eva, Delgado Gustavo, Dominguez Marcelo, Dos Santos Hugo, D\u00edaz Dar\u00edo, Di Leo Walter, Dirgman Pablo, Durso Edgardo, Ferreira M\u00e1rquez Paulo, Fredes Adriana, Fleibeger Ricardo, Gianelli Marcella ,Gonz\u00e1lez Laura, Garc\u00eda Claudio C\u00e9sar, Grandi Jos\u00e9 Luis, Giorgis Mirta, Guitart Daniel, Herrobidart Gustavo, Hohl Enrique, Hanmermisch Jorge, Herrera Cristian ,Herrera Lucas, Jerez Marcela , Jerez Geraldine, Iglesias Juan Carlos , Kessler Marcelo, Leguizam\u00f3n Ram\u00f3n, Lastra Marcelo, Lalli Angel, Lolli Jona, Leal Nicol\u00e1s, Llera Mario, L\u00f3pez Eleno, Lorenzo Fito, Mart\u00edn Miguel, Mamani Mario, Manquepan Alberto, Mar\u00eda Carlos, Merlos Choclo, Meringer H\u00e9ctor, Mil\u00e1n Javier, Musa N\u00e9stor, Muratore Consuelo, Oriti Roberto, Oroquieta, Ozuna Luis , Parini Juan Carlos, Occhi Sergio, Osellame Claudia, Orfanelli Graciela, Quintero Emilia, Quintero Jos\u00e9 ,Recavarren Luis, Riffo Mar\u00eda, Rom\u00e1n Joel, Rom\u00e1n Eric, Roman El\u00edas, Rom\u00e1n Daniel , Rodr\u00edguez Fabi\u00e1n, Romero Clara, Sanz Juan, Saldumbide Carlos ,Schonfeld Jorge, Schumager Ana Maria, Swindt Miguel Angel, Sieberjart Marcela, Spitale Fernando, Torregiani Carlos , Vicente Chacho, Videla Jorge Regino, Villar Guillermo, Vivas Gabriela, Yanussi Carlos<\/em>.<\/p>\n","protected":false},"excerpt":{"rendered":"<p>Fue en un encuentro de integrantes de la agrupaci\u00f3n que definieron como una \u201caudiencia p\u00fablica real\u201d. Se inform\u00f3 que los<\/p>\n","protected":false},"author":4,"featured_media":112589,"comment_status":"closed","ping_status":"closed","sticky":false,"template":"","format":"standard","meta":{"_jetpack_memberships_contains_paid_content":false,"footnotes":""},"categories":[5,1],"tags":[],"class_list":["post-112585","post","type-post","status-publish","format-standard","has-post-thumbnail","hentry","category-informacion-general","category-portada"],"jetpack_featured_media_url":"https:\/\/i0.wp.com\/cdnoticias.com\/wp-content\/uploads\/2024\/03\/lista-verde-coopelectric-03.jpg?fit=800%2C445&ssl=1","jetpack_sharing_enabled":true,"_links":{"self":[{"href":"https:\/\/cdnoticias.com\/index.php\/wp-json\/wp\/v2\/posts\/112585","targetHints":{"allow":["GET"]}}],"collection":[{"href":"https:\/\/cdnoticias.com\/index.php\/wp-json\/wp\/v2\/posts"}],"about":[{"href":"https:\/\/cdnoticias.com\/index.php\/wp-json\/wp\/v2\/types\/post"}],"author":[{"embeddable":true,"href":"https:\/\/cdnoticias.com\/index.php\/wp-json\/wp\/v2\/users\/4"}],"replies":[{"embeddable":true,"href":"https:\/\/cdnoticias.com\/index.php\/wp-json\/wp\/v2\/comments?post=112585"}],"version-history":[{"count":0,"href":"https:\/\/cdnoticias.com\/index.php\/wp-json\/wp\/v2\/posts\/112585\/revisions"}],"wp:featuredmedia":[{"embeddable":true,"href":"https:\/\/cdnoticias.com\/index.php\/wp-json\/wp\/v2\/media\/112589"}],"wp:attachment":[{"href":"https:\/\/cdnoticias.com\/index.php\/wp-json\/wp\/v2\/media?parent=112585"}],"wp:term":[{"taxonomy":"category","embeddable":true,"href":"https:\/\/cdnoticias.com\/index.php\/wp-json\/wp\/v2\/categories?post=112585"},{"taxonomy":"post_tag","embeddable":true,"href":"https:\/\/cdnoticias.com\/index.php\/wp-json\/wp\/v2\/tags?post=112585"}],"curies":[{"name":"wp","href":"https:\/\/api.w.org\/{rel}","templated":true}]}}