{"id":11257,"date":"2021-01-12T14:23:34","date_gmt":"2021-01-12T17:23:34","guid":{"rendered":"http:\/\/www.centraldenoticias.com.ar\/?p=11257"},"modified":"2021-01-12T15:53:26","modified_gmt":"2021-01-12T18:53:26","slug":"axel-kicillof-la-libertad-es-la-vacuna","status":"publish","type":"post","link":"https:\/\/cdnoticias.com\/index.php\/2021\/01\/12\/axel-kicillof-la-libertad-es-la-vacuna\/","title":{"rendered":"Axel Kicillof: \u201cla libertad es la vacuna\u201d"},"content":{"rendered":"<p>El gobernador valor\u00f3 el trabajo de \u201cla gran mayor\u00eda\u201d de los j\u00f3venes y turistas que respetan protocolos y pidi\u00f3 mantener los cuidados: destac\u00f3 la importancia de vacunarse y coment\u00f3 que invit\u00f3 a los intendentes a vacunarse, tal como sucedi\u00f3 con Ezequiel Galli.<!--more--><\/p>\n<hr \/>\n<p>En el marco de una conferencia de prensa de funcionarios provinciales en la ciudad de Mar Chiquita, <strong>el gobernador Axel Kicillof valor\u00f3 la vacunaci\u00f3n en el territorio bonaerense y defendi\u00f3 a los j\u00f3venes que vacacionan en la costa.<\/strong><\/p>\n<p>&nbsp;<\/p>\n<p>Primeramente, el Jefe de Gabinete Carlos Bianco repas\u00f3 las <a href=\"https:\/\/cdnoticias.com\/index.php\/2021\/01\/12\/restricciones-en-olavarria-las-actividades-finalizaran-a-la-1-de-la-manana\/\" target=\"_blank\" rel=\"noopener\">medidas restrictivas nocturnas<\/a> sumado a la actualizaci\u00f3n del sistema de Fases: <strong>Olavarr\u00eda contin\u00faa en Fase 4, Bol\u00edvar y Rauch siguen en Fase 3 y la novedad de la regi\u00f3n estuvo en Tapalqu\u00e9, que baj\u00f3 de Fase 5 a Fase 4. <\/strong><\/p>\n<p>&nbsp;<\/p>\n<p>Kicillof hizo memoria y dijo que todo comenz\u00f3 en octubre, cuando <em>\u201ctodo parec\u00eda imposible\u201d,<\/em> es decir, tener temporada de verano. <em>\u201cTrabajamos para tener la mejor temporada posible, no la que hemos tenido, la que queremos tener, pero es lo mejor posible, en octubre cre\u00edamos que era inviable\u201d<\/em> y coment\u00f3 la elaboraci\u00f3n de protocolos y la expansi\u00f3n de ocupaci\u00f3n hospitalaria.<\/p>\n<p>&nbsp;<\/p>\n<blockquote><p>En este sentido, critic\u00f3 al periodismo se\u00f1alando que hay un nuevo g\u00e9nero de \u201cbuscarle el pelo al huevo\u201d. \u201cHay 75 balnearios funcionando bien con cientos de miles de turistas. S\u00ed, hay noticias que 10 o 15 est\u00e1n haciendo algo mal. Pero que la tapa no tape la realidad\u201d agreg\u00f3.<\/p><\/blockquote>\n<p>&nbsp;<\/p>\n<p>Y endureci\u00f3 su discurso:<strong><em> \u201ces mentira que el problema son los j\u00f3venes, aun cuando se contagian. Imaginen que tuvieron que dejar de hacer las cosas que est\u00e1n acostumbrados a hacer y que le gustan y respetar, es un acto de solidaridad colectiva. No s\u00f3lo porque ayudan a no contagiarse, sino que tampoco contagian a su familia, sus padres, abuelos\u201d.<\/em><\/strong><\/p>\n<p>&nbsp;<\/p>\n<blockquote><p>Tambi\u00e9n confirm\u00f3 que \u201cquienes m\u00e1s cumplen protocolos son los comerciantes privados que son los que saben que si se desborda, es la sentencia de muerte de la temporada\u201d.<\/p><\/blockquote>\n<p>&nbsp;<\/p>\n<p>El dato m\u00e1s fuerte es que si bien se adelant\u00f3 la segunda ola de contagios, <em>\u201cla diferencia es que hay vacuna. Aquellos que dec\u00edan que la vacuna no iba a servir o no la \u00edbamos a conseguir ahora dicen que hay pocas vacunas\u201d. \u201cEstamos en el peor momento de la pandemia a escala mundial\u201d<\/em> dej\u00f3 en claro.<\/p>\n<p>&nbsp;<\/p>\n<p><strong><em>\u201cLa libertad es la vacuna\u201d<\/em><\/strong> destac\u00f3 el gobernador y volvi\u00f3 a aclarar, tal como lo hizo el gobierno nacional, que <em>\u201csiempre se habl\u00f3 de la aplicaci\u00f3n de las dos dosis, siempre\u201d.<\/em><\/p>\n<p>&nbsp;<\/p>\n<p>Finalmente, <strong>Kicillof resalt\u00f3 la importancia de vacunarse y coment\u00f3 que invit\u00f3 a los intendentes a vacunarse, <a href=\"https:\/\/cdnoticias.com\/index.php\/2021\/01\/11\/el-intendente-galli-y-german-caputo-se-vacunaron-contra-el-covid-19\/\" target=\"_blank\" rel=\"noopener\">tal como sucedi\u00f3, por ejemplo, con Ezequiel Galli.<\/a><\/strong> Adem\u00e1s, invit\u00f3 a hacerlo a la poblaci\u00f3n a trav\u00e9s de la p\u00e1gina de internet\u00a0https:\/\/vacunate.ms.gba.gov.ar\/<\/p>\n","protected":false},"excerpt":{"rendered":"<p>El gobernador valor\u00f3 el trabajo de \u201cla gran mayor\u00eda\u201d de los j\u00f3venes y turistas que respetan protocolos y pidi\u00f3 mantener<\/p>\n","protected":false},"author":2,"featured_media":11258,"comment_status":"closed","ping_status":"closed","sticky":false,"template":"","format":"standard","meta":{"_jetpack_memberships_contains_paid_content":false,"footnotes":""},"categories":[6,1],"tags":[],"class_list":["post-11257","post","type-post","status-publish","format-standard","has-post-thumbnail","hentry","category-nacionales","category-portada"],"jetpack_featured_media_url":"https:\/\/i0.wp.com\/cdnoticias.com\/wp-content\/uploads\/2021\/01\/axel-kicillof-mar-chiquita.jpg?fit=753%2C428&ssl=1","jetpack_sharing_enabled":true,"_links":{"self":[{"href":"https:\/\/cdnoticias.com\/index.php\/wp-json\/wp\/v2\/posts\/11257","targetHints":{"allow":["GET"]}}],"collection":[{"href":"https:\/\/cdnoticias.com\/index.php\/wp-json\/wp\/v2\/posts"}],"about":[{"href":"https:\/\/cdnoticias.com\/index.php\/wp-json\/wp\/v2\/types\/post"}],"author":[{"embeddable":true,"href":"https:\/\/cdnoticias.com\/index.php\/wp-json\/wp\/v2\/users\/2"}],"replies":[{"embeddable":true,"href":"https:\/\/cdnoticias.com\/index.php\/wp-json\/wp\/v2\/comments?post=11257"}],"version-history":[{"count":0,"href":"https:\/\/cdnoticias.com\/index.php\/wp-json\/wp\/v2\/posts\/11257\/revisions"}],"wp:featuredmedia":[{"embeddable":true,"href":"https:\/\/cdnoticias.com\/index.php\/wp-json\/wp\/v2\/media\/11258"}],"wp:attachment":[{"href":"https:\/\/cdnoticias.com\/index.php\/wp-json\/wp\/v2\/media?parent=11257"}],"wp:term":[{"taxonomy":"category","embeddable":true,"href":"https:\/\/cdnoticias.com\/index.php\/wp-json\/wp\/v2\/categories?post=11257"},{"taxonomy":"post_tag","embeddable":true,"href":"https:\/\/cdnoticias.com\/index.php\/wp-json\/wp\/v2\/tags?post=11257"}],"curies":[{"name":"wp","href":"https:\/\/api.w.org\/{rel}","templated":true}]}}