{"id":112564,"date":"2024-03-28T11:06:21","date_gmt":"2024-03-28T14:06:21","guid":{"rendered":"https:\/\/cdnoticias.com\/?p=112564"},"modified":"2024-03-28T17:00:56","modified_gmt":"2024-03-28T20:00:56","slug":"forzo-una-puerta-y-una-ventana-para-entrar-a-robar-lo-atraparon","status":"publish","type":"post","link":"https:\/\/cdnoticias.com\/index.php\/2024\/03\/28\/forzo-una-puerta-y-una-ventana-para-entrar-a-robar-lo-atraparon\/","title":{"rendered":"Forz\u00f3 una puerta y una ventana para entrar a robar: lo atraparon"},"content":{"rendered":"<p>El aprehendido es un hombre de 45 a\u00f1os. El caso se dio este jueves en Independencia al 1000.<\/p>\n<p><!--more--><\/p>\n<hr \/>\n<p>Los <strong>polic\u00edas del Comando de Patrullas<\/strong> lograron <strong>aprehender a un hombre<\/strong> que <strong>hab\u00eda ingresado a una casa con intenci\u00f3n de cometer un robo<\/strong>.<\/p>\n<p>Se inform\u00f3 que los efectivos se presentaron en una vivienda de <strong>Independencia al 1000<\/strong> tras un<strong> llamado al 911<\/strong> que expuso que un desconocido <strong>hab\u00eda accedido a una propiedad desde el fondo.<\/strong><\/p>\n<p>R\u00e1pidamente el m\u00f3vil lleg\u00f3 al lugar y as\u00ed pudieron dar con <strong>el sospechoso quien se encontraba en el interior de un patio<\/strong>. All\u00ed mismo <strong>fue aprehendido<\/strong>, se estableci\u00f3 su identidad -la que se mantuvo en reserva- y tiene 45 a\u00f1os.<\/p>\n<p>Se constat\u00f3 asimismo que en la vivienda <strong>estaban forzadas una ventana de aluminio y una puerta de ingreso.<\/strong><\/p>\n<p>El acusado fue trasladado a la Comisar\u00eda Primera. Fue imputado por<strong> \u201crobo en grado de tentativa infraganti delito\u201d<\/strong>, causa penal por la que se dio intervenci\u00f3n a la <strong>UFI N\u00ba 7<\/strong> a cargo del fiscal <strong>Christian Url\u00e9zaga<\/strong>.<\/p>\n","protected":false},"excerpt":{"rendered":"<p>El aprehendido es un hombre de 45 a\u00f1os. El caso se dio este jueves en Independencia al 1000.<\/p>\n","protected":false},"author":4,"featured_media":112565,"comment_status":"closed","ping_status":"closed","sticky":false,"template":"","format":"standard","meta":{"_jetpack_memberships_contains_paid_content":false,"footnotes":""},"categories":[14,1],"tags":[],"class_list":["post-112564","post","type-post","status-publish","format-standard","has-post-thumbnail","hentry","category-policiales","category-portada"],"jetpack_featured_media_url":"https:\/\/i0.wp.com\/cdnoticias.com\/wp-content\/uploads\/2024\/03\/independencia-1000-aprehendido.jpg?fit=1000%2C557&ssl=1","jetpack_sharing_enabled":true,"_links":{"self":[{"href":"https:\/\/cdnoticias.com\/index.php\/wp-json\/wp\/v2\/posts\/112564","targetHints":{"allow":["GET"]}}],"collection":[{"href":"https:\/\/cdnoticias.com\/index.php\/wp-json\/wp\/v2\/posts"}],"about":[{"href":"https:\/\/cdnoticias.com\/index.php\/wp-json\/wp\/v2\/types\/post"}],"author":[{"embeddable":true,"href":"https:\/\/cdnoticias.com\/index.php\/wp-json\/wp\/v2\/users\/4"}],"replies":[{"embeddable":true,"href":"https:\/\/cdnoticias.com\/index.php\/wp-json\/wp\/v2\/comments?post=112564"}],"version-history":[{"count":0,"href":"https:\/\/cdnoticias.com\/index.php\/wp-json\/wp\/v2\/posts\/112564\/revisions"}],"wp:featuredmedia":[{"embeddable":true,"href":"https:\/\/cdnoticias.com\/index.php\/wp-json\/wp\/v2\/media\/112565"}],"wp:attachment":[{"href":"https:\/\/cdnoticias.com\/index.php\/wp-json\/wp\/v2\/media?parent=112564"}],"wp:term":[{"taxonomy":"category","embeddable":true,"href":"https:\/\/cdnoticias.com\/index.php\/wp-json\/wp\/v2\/categories?post=112564"},{"taxonomy":"post_tag","embeddable":true,"href":"https:\/\/cdnoticias.com\/index.php\/wp-json\/wp\/v2\/tags?post=112564"}],"curies":[{"name":"wp","href":"https:\/\/api.w.org\/{rel}","templated":true}]}}