{"id":112520,"date":"2024-03-27T20:39:14","date_gmt":"2024-03-27T23:39:14","guid":{"rendered":"https:\/\/cdnoticias.com\/?p=112520"},"modified":"2024-03-28T10:34:17","modified_gmt":"2024-03-28T13:34:17","slug":"no-queremos-que-ninguna-biblioteca-se-quede-afuera-del-programa-libro","status":"publish","type":"post","link":"https:\/\/cdnoticias.com\/index.php\/2024\/03\/27\/no-queremos-que-ninguna-biblioteca-se-quede-afuera-del-programa-libro\/","title":{"rendered":"\u201cNo queremos que ninguna biblioteca se quede afuera del Programa Libro %\u201d"},"content":{"rendered":"\n<p>Lo expres\u00f3 Ricardo Moreno, fundador de la &#8220;Biblioteca Popular Crucero General Belgrano&#8221; luego de la baja del subsidio en algunas bibliotecas del Partido.<\/p>\n\n\n\n<hr class=\"wp-block-separator aligncenter has-alpha-channel-opacity\"\/>\n\n\n\n<p>D\u00edas atr\u00e1s, el <strong>Instituto Cultural de la Provincia denunci\u00f3 que algunas bibliotecas bonaerenses fueron excluidas<\/strong> del \u201c<strong>Programa Libro %\u201d<\/strong> en el cual se pod\u00edan adquirir libros con descuento.<\/p>\n\n\n\n<p><\/p>\n\n\n\n<p>Espec\u00edficamente, este programa consiste en un<strong> subsidio para la compra de libros de un 50% <\/strong>para las bibliotecas populares que se encuentren registradas en la <strong>Comisi\u00f3n Nacional de Bibliotecas Populares (CONABIP).<\/strong><\/p>\n\n\n\n<p><\/p>\n\n\n\n<p>Este descuento se puede usar en la <strong>Feria Internacional del Libro de Buenos Aires,<\/strong> la cual se realizar\u00e1 los <strong>primeros d\u00edas del mes de mayo<\/strong>. La pol\u00edtica federal <strong>comenz\u00f3 en 2005<\/strong> y se puede <strong>utilizar solo una vez al a\u00f1o.<\/strong><\/p>\n\n\n\n<p><\/p>\n\n\n\n<p><em>Central de Noticias<\/em> dialog\u00f3 con <strong>Ricardo Moreno<\/strong>, fundador de la &#8220;<strong>Biblioteca Popular Crucero General Belgrano<\/strong>&#8221;  y miembro de la Comisi\u00f3n Directiva, quien cont\u00f3 que se enteraron de la noticia cuando \u201c<strong><em>mandaron un correo desde CONABIP diciendo que no est\u00e1bamos dentro del programa para recibir los descuentos\u201d.<\/em><\/strong><\/p>\n\n\n\n<p><\/p>\n\n\n\n<figure class=\"wp-block-image aligncenter size-full\"><img data-recalc-dims=\"1\" loading=\"lazy\" decoding=\"async\" width=\"800\" height=\"385\" src=\"https:\/\/i0.wp.com\/cdnoticias.com\/wp-content\/uploads\/2024\/03\/biblioteca-crucero1.png?resize=800%2C385&#038;ssl=1\" alt=\"\" class=\"wp-image-112523\" srcset=\"https:\/\/i0.wp.com\/cdnoticias.com\/wp-content\/uploads\/2024\/03\/biblioteca-crucero1.png?w=986&amp;ssl=1 986w, https:\/\/i0.wp.com\/cdnoticias.com\/wp-content\/uploads\/2024\/03\/biblioteca-crucero1.png?resize=300%2C144&amp;ssl=1 300w, https:\/\/i0.wp.com\/cdnoticias.com\/wp-content\/uploads\/2024\/03\/biblioteca-crucero1.png?resize=768%2C369&amp;ssl=1 768w\" sizes=\"auto, (max-width: 800px) 100vw, 800px\" \/><\/figure>\n\n\n\n<p><\/p>\n\n\n\n<p>La situaci\u00f3n pas\u00f3 en varias bibliotecas del Partido de Olavarr\u00eda y r\u00e1pidamente se realiz\u00f3 el reclamo correspondiente. En el caso especifico de la Biblioteca Crucero Belgrano, les contestaron que <strong><em>\u201chab\u00eda un error en los datos y que finalmente \u00edbamos a estar incluidos luego de chequear que estaba todo en orden\u201d<\/em><\/strong> cont\u00f3 Moreno.<\/p>\n\n\n\n<p><\/p>\n\n\n\n<p>\u201c<strong>Hay algunas bibliotecas que todav\u00eda no pudieron concretar la situaci\u00f3n. Yo creo que si hay buena voluntad esto se va a arreglar y ojal\u00e1 podamos viajar todas las bibliotecas del partido de Olavarr\u00eda\u201d<\/strong> sostuvo.<\/p>\n\n\n\n<p><\/p>\n\n\n\n<blockquote class=\"wp-block-quote is-layout-flow wp-block-quote-is-layout-flow\">\n<p>\u201cNo queremos que ninguna quede afuera del &#8220;Programa Libro %\u201d. Nos conocemos entre todos, todos trabajamos por la Cultura y el aprendizaje de los ni\u00f1os y los adultos\u201d agreg\u00f3.<\/p>\n<\/blockquote>\n\n\n\n<p><\/p>\n\n\n\n<p>Asimismo, resalt\u00f3 que \u201c<strong><em>para nosotros es important\u00edsimo que podamos tener material nuevo y que el p\u00fablico vaya renovando las lecturas, es para el bien de los socios y de la biblioteca. Queremos tener otra mirada enfocada en nuevos autores, nuevas novelas y diversidad de libros\u201d.<\/em><\/strong><\/p>\n\n\n\n<p><\/p>\n\n\n\n<figure class=\"wp-block-image aligncenter size-full\"><img data-recalc-dims=\"1\" loading=\"lazy\" decoding=\"async\" width=\"800\" height=\"443\" src=\"https:\/\/i0.wp.com\/cdnoticias.com\/wp-content\/uploads\/2024\/03\/biblioteca-crucero2.png?resize=800%2C443&#038;ssl=1\" alt=\"\" class=\"wp-image-112524\" srcset=\"https:\/\/i0.wp.com\/cdnoticias.com\/wp-content\/uploads\/2024\/03\/biblioteca-crucero2.png?w=982&amp;ssl=1 982w, https:\/\/i0.wp.com\/cdnoticias.com\/wp-content\/uploads\/2024\/03\/biblioteca-crucero2.png?resize=300%2C166&amp;ssl=1 300w, https:\/\/i0.wp.com\/cdnoticias.com\/wp-content\/uploads\/2024\/03\/biblioteca-crucero2.png?resize=768%2C425&amp;ssl=1 768w\" sizes=\"auto, (max-width: 800px) 100vw, 800px\" \/><\/figure>\n\n\n\n<p><\/p>\n\n\n\n<p>Por \u00faltimo indic\u00f3 que \u201c<strong>a su vez hoy comprar un libro es un costo importante\u201d<\/strong> y agreg\u00f3: \u201cQueremos ofrecerles un mejor servicio a todos los socios y los vecinos de Olavarr\u00eda ya que las bibliotecas populares est\u00e1n al servicio de la comunidad\u201d.<\/p>\n\n\n\n<p><\/p>\n\n\n\n<p><strong>Andrea Fern\u00e1ndez,<\/strong> integrante de la<strong> &#8220;Biblioteca del Otro Lado del \u00c1rbol&#8221;<\/strong> tambi\u00e9n dialog\u00f3 con este medio y cont\u00f3 que <strong><em>\u201crespecto al Programa Libro % sabemos que much\u00edsimas bibliotecas fueron dadas de baja\u201d.<\/em><\/strong><\/p>\n\n\n\n<p><\/p>\n\n\n\n<p>A la par, record\u00f3 que \u201cla feria es el 3 y 4 de mayo y que a\u00fan sin respuestas, estamos muy sobre la fecha\u201d.<\/p>\n\n\n\n<figure class=\"wp-block-image aligncenter size-full\"><img data-recalc-dims=\"1\" loading=\"lazy\" decoding=\"async\" width=\"800\" height=\"533\" src=\"https:\/\/i0.wp.com\/cdnoticias.com\/wp-content\/uploads\/2024\/03\/wesner-biblio2.jpg?resize=800%2C533&#038;ssl=1\" alt=\"\" class=\"wp-image-111592\" srcset=\"https:\/\/i0.wp.com\/cdnoticias.com\/wp-content\/uploads\/2024\/03\/wesner-biblio2.jpg?w=1000&amp;ssl=1 1000w, https:\/\/i0.wp.com\/cdnoticias.com\/wp-content\/uploads\/2024\/03\/wesner-biblio2.jpg?resize=300%2C200&amp;ssl=1 300w, https:\/\/i0.wp.com\/cdnoticias.com\/wp-content\/uploads\/2024\/03\/wesner-biblio2.jpg?resize=768%2C511&amp;ssl=1 768w, https:\/\/i0.wp.com\/cdnoticias.com\/wp-content\/uploads\/2024\/03\/wesner-biblio2.jpg?resize=272%2C182&amp;ssl=1 272w\" sizes=\"auto, (max-width: 800px) 100vw, 800px\" \/><\/figure>\n\n\n\n<p><\/p>\n\n\n\n<p>\u201c<strong>Nosotros todav\u00eda no recibimos la nota de la baja pero todav\u00eda tampoco recibimos el deposito, estamos en tr\u00e1mite todav\u00eda\u201d<\/strong> cerr\u00f3.<\/p>\n\n\n\n<p><\/p>\n","protected":false},"excerpt":{"rendered":"<p>Lo expres\u00f3 Ricardo Moreno, fundador de la &#8220;Biblioteca Popular Crucero General Belgrano&#8221; luego de la baja del subsidio en algunas<\/p>\n","protected":false},"author":6,"featured_media":112522,"comment_status":"closed","ping_status":"closed","sticky":false,"template":"","format":"standard","meta":{"_jetpack_memberships_contains_paid_content":false,"footnotes":""},"categories":[9,1],"tags":[],"class_list":["post-112520","post","type-post","status-publish","format-standard","has-post-thumbnail","hentry","category-cultura","category-portada"],"jetpack_featured_media_url":"https:\/\/i0.wp.com\/cdnoticias.com\/wp-content\/uploads\/2024\/03\/biblioteca-crucero.png?fit=982%2C534&ssl=1","jetpack_sharing_enabled":true,"_links":{"self":[{"href":"https:\/\/cdnoticias.com\/index.php\/wp-json\/wp\/v2\/posts\/112520","targetHints":{"allow":["GET"]}}],"collection":[{"href":"https:\/\/cdnoticias.com\/index.php\/wp-json\/wp\/v2\/posts"}],"about":[{"href":"https:\/\/cdnoticias.com\/index.php\/wp-json\/wp\/v2\/types\/post"}],"author":[{"embeddable":true,"href":"https:\/\/cdnoticias.com\/index.php\/wp-json\/wp\/v2\/users\/6"}],"replies":[{"embeddable":true,"href":"https:\/\/cdnoticias.com\/index.php\/wp-json\/wp\/v2\/comments?post=112520"}],"version-history":[{"count":0,"href":"https:\/\/cdnoticias.com\/index.php\/wp-json\/wp\/v2\/posts\/112520\/revisions"}],"wp:featuredmedia":[{"embeddable":true,"href":"https:\/\/cdnoticias.com\/index.php\/wp-json\/wp\/v2\/media\/112522"}],"wp:attachment":[{"href":"https:\/\/cdnoticias.com\/index.php\/wp-json\/wp\/v2\/media?parent=112520"}],"wp:term":[{"taxonomy":"category","embeddable":true,"href":"https:\/\/cdnoticias.com\/index.php\/wp-json\/wp\/v2\/categories?post=112520"},{"taxonomy":"post_tag","embeddable":true,"href":"https:\/\/cdnoticias.com\/index.php\/wp-json\/wp\/v2\/tags?post=112520"}],"curies":[{"name":"wp","href":"https:\/\/api.w.org\/{rel}","templated":true}]}}