{"id":112500,"date":"2024-03-27T20:08:19","date_gmt":"2024-03-27T23:08:19","guid":{"rendered":"https:\/\/cdnoticias.com\/?p=112500"},"modified":"2024-03-27T20:39:33","modified_gmt":"2024-03-27T23:39:33","slug":"que-hacer-este-finde-xxl-en-olavarria","status":"publish","type":"post","link":"https:\/\/cdnoticias.com\/index.php\/2024\/03\/27\/que-hacer-este-finde-xxl-en-olavarria\/","title":{"rendered":"\u00bfQu\u00e9 hacer este finde XXL en Olavarr\u00eda?"},"content":{"rendered":"<p>Las propuestas municipales y la agenda para quienes se quedan en la ciudad.<!--more--><\/p>\n<hr \/>\n<p>Se viene un fin de semana largo, y el Municipio de Olavarr\u00eda ofrece un <strong>variado programa de actividades, que se desarrollar\u00e1n tanto en la ciudad como en las localidades del Partido.<\/strong><\/p>\n<p>Entre las propuestas, se destaca la tercera salida del a\u00f1o del <strong>Bus Tur\u00edstico<\/strong>, con un circuito especial para la fecha, que visitar\u00e1 tres iglesias representativas del Partido de Olavarr\u00eda: S<strong>anta Luc\u00eda (Sierra Chica), Nuestra Se\u00f1ora de la Asunci\u00f3n (Hinojo) y Cristo Rey (Sierras Bayas).<\/strong><\/p>\n<p>La salida del bus ser\u00e1 <strong>este jueves 28 de marzo, a las 14:15 horas desde el Paseo \u201cJes\u00fas Mend\u00eda\u201d,<\/strong> con un recorrido que tendr\u00e1 una duraci\u00f3n de cuatro horas. Para m\u00e1s informaci\u00f3n, comunicarse al <strong>WhatsApp al 2284- 695796.<\/strong><\/p>\n<p>El <strong>Museo de las Ciencias<\/strong> propone un realizar \u201cUn viaje al pasado de Olavarr\u00eda\u201d con una visita guiada por la muestra permanente que se encuentra instalada en dicho espacio.<\/p>\n<p>La visita se encuentra programada para el pr\u00f3ximo <strong>s\u00e1bado 30, a las 16 horas,<\/strong> es una actividad abierta al p\u00fablico en general, con entrada libre y gratuita. Por consultas comunicarse al tel\u00e9fono 413343 o al correo museodelasciencias@olavarria.gov.ar<\/p>\n<blockquote><p>Asimismo, la <strong>Plaza Central<\/strong> ser\u00e1 sede de una nueva edici\u00f3n de la <strong>Feria de Artesanos de Semana Santa, del viernes 29 hasta el domingo 31 inclusive,<\/strong> de 10 a 21 horas, con una gran variedad de producciones locales.<\/p><\/blockquote>\n<p>Participar\u00e1n artesanos que utilizan diferentes t\u00e9cnicas tales como papel mach\u00e9, orfebrer\u00eda, tejido en telar, hilado, encuadernaci\u00f3n, cester\u00eda ecol\u00f3gica, tejido en paja vizcachera, cer\u00e1mica, vitrofusi\u00f3n, marroquiner\u00eda, madera, amigurumis, macram\u00e9, velas, pintura art\u00edstica, bordado, artesan\u00eda reciclada y resignificaci\u00f3n.<\/p>\n<p>Otro de las propuestas atractivas para el finde largo es el <strong>Festival Cervecero,<\/strong> en el marco de las celebraciones de San Patricio, que tendr\u00e1 lugar el<strong> lunes 1\u00ba de abril, en el Parque Mitre, en Brown entre Belgrano y Dorrego.<\/strong><\/p>\n<blockquote class=\"wp-embedded-content\" data-secret=\"mtD8ADv3ZB\"><p><a href=\"https:\/\/cdnoticias.com\/index.php\/2024\/03\/25\/san-patricio-en-olavarria-festival-cervecero-en-parque-mitre\/\">San Patricio en Olavarr\u00eda: Festival Cervecero en Parque Mitre<\/a><\/p><\/blockquote>\n<p><iframe loading=\"lazy\" class=\"wp-embedded-content\" sandbox=\"allow-scripts\" security=\"restricted\" style=\"position: absolute; clip: rect(1px, 1px, 1px, 1px);\" title=\"&#8220;San Patricio en Olavarr\u00eda: Festival Cervecero en Parque Mitre&#8221; &#8212; Central de Noticias | Olavarr\u00eda\" src=\"https:\/\/cdnoticias.com\/index.php\/2024\/03\/25\/san-patricio-en-olavarria-festival-cervecero-en-parque-mitre\/embed\/#?secret=DeodD1S1ob#?secret=mtD8ADv3ZB\" data-secret=\"mtD8ADv3ZB\" width=\"600\" height=\"338\" frameborder=\"0\" marginwidth=\"0\" marginheight=\"0\" scrolling=\"no\"><\/iframe><\/p>\n<p><strong>A partir de las 18 horas,<\/strong> el p\u00fablico podr\u00e1 probar distintas variedades de cervezas artesanales producidas en Olavarr\u00eda (Rab, Del Fondo, Fenchel, Sur del Sur, Monos Sabios, Kabalah y Planeta Nueva). El festival tendr\u00e1 a Rey Garufa y sus Timadores, como gran show musical.<\/p>\n<p>Adem\u00e1s de las propuestas destacadas, se podr\u00e1n visitar los distintos espacios culturales de la ciudad y localidades del Partido de Olavarr\u00eda, que cuentan con <strong>muestras permanentes, visitas guiadas y un sin\u00famero de actividades para que toda la familia pueda disfrutar.<\/strong><\/p>\n<p>Segu\u00ed todas las propuestas del Municipio de Olavarr\u00eda en nuestras redes sociales @olavarriamunicipio y @olavarria.va, con toda la info actualizada de eventos, horarios y sitios de inter\u00e9s.<\/p>\n<p><strong>Horarios<\/strong><\/p>\n<p><strong>Museo Municipal \u201cHermanos Emiliozzi\u201d<\/strong><br \/>\nS\u00e1bado, domingo, lunes y martes de 16 a 19 horas<\/p>\n<p><strong>Museo Municipal \u201cD\u00e1maso Arce\u201d<\/strong><br \/>\nS\u00e1bado, domingo, lunes y martes de 16 a 19 horas<\/p>\n<p><strong>Centro Cultural Municipal \u201cSan Jos\u00e9\u201d<\/strong><br \/>\nS\u00e1bado, domingo, lunes y martes de 16 a 19 horas<\/p>\n<p><strong>Museo Municipal de las Ciencias<\/strong><br \/>\nJueves, s\u00e1bado, domingo, lunes y martes de 15 a 18 horas.<\/p>\n<p><strong>Museos Municipales de los Pueblos<\/strong><br \/>\nLunes y martes de 16 a 19 horas.<\/p>\n","protected":false},"excerpt":{"rendered":"<p>Las propuestas municipales y la agenda para quienes se quedan en la ciudad.<\/p>\n","protected":false},"author":2,"featured_media":112501,"comment_status":"closed","ping_status":"closed","sticky":false,"template":"","format":"standard","meta":{"_jetpack_memberships_contains_paid_content":false,"footnotes":""},"categories":[9,1],"tags":[],"class_list":["post-112500","post","type-post","status-publish","format-standard","has-post-thumbnail","hentry","category-cultura","category-portada"],"jetpack_featured_media_url":"https:\/\/i0.wp.com\/cdnoticias.com\/wp-content\/uploads\/2024\/03\/Iglesia-Santa-Lucia.jpg?fit=800%2C445&ssl=1","jetpack_sharing_enabled":true,"_links":{"self":[{"href":"https:\/\/cdnoticias.com\/index.php\/wp-json\/wp\/v2\/posts\/112500","targetHints":{"allow":["GET"]}}],"collection":[{"href":"https:\/\/cdnoticias.com\/index.php\/wp-json\/wp\/v2\/posts"}],"about":[{"href":"https:\/\/cdnoticias.com\/index.php\/wp-json\/wp\/v2\/types\/post"}],"author":[{"embeddable":true,"href":"https:\/\/cdnoticias.com\/index.php\/wp-json\/wp\/v2\/users\/2"}],"replies":[{"embeddable":true,"href":"https:\/\/cdnoticias.com\/index.php\/wp-json\/wp\/v2\/comments?post=112500"}],"version-history":[{"count":0,"href":"https:\/\/cdnoticias.com\/index.php\/wp-json\/wp\/v2\/posts\/112500\/revisions"}],"wp:featuredmedia":[{"embeddable":true,"href":"https:\/\/cdnoticias.com\/index.php\/wp-json\/wp\/v2\/media\/112501"}],"wp:attachment":[{"href":"https:\/\/cdnoticias.com\/index.php\/wp-json\/wp\/v2\/media?parent=112500"}],"wp:term":[{"taxonomy":"category","embeddable":true,"href":"https:\/\/cdnoticias.com\/index.php\/wp-json\/wp\/v2\/categories?post=112500"},{"taxonomy":"post_tag","embeddable":true,"href":"https:\/\/cdnoticias.com\/index.php\/wp-json\/wp\/v2\/tags?post=112500"}],"curies":[{"name":"wp","href":"https:\/\/api.w.org\/{rel}","templated":true}]}}