{"id":112471,"date":"2024-03-27T08:45:09","date_gmt":"2024-03-27T11:45:09","guid":{"rendered":"https:\/\/cdnoticias.com\/?p=112471"},"modified":"2024-04-03T09:58:07","modified_gmt":"2024-04-03T12:58:07","slug":"el-gobierno-confirmo-que-desde-abril-llega-el-aumento-de-las-tarifas-de-gas","status":"publish","type":"post","link":"https:\/\/cdnoticias.com\/index.php\/2024\/03\/27\/el-gobierno-confirmo-que-desde-abril-llega-el-aumento-de-las-tarifas-de-gas\/","title":{"rendered":"El Gobierno confirm\u00f3 que desde abril llega el aumento de las tarifas de gas"},"content":{"rendered":"<p>La resoluci\u00f3n se firmar\u00e1 la semana pr\u00f3xima. Es por la quita de subsidios a hogares, industrias y comercios. Rondar\u00e1 el 300%.<!--more--><\/p>\n<hr \/>\n<p>El Gobierno nacional <strong>defini\u00f3 el incremento del gas desde abril, con la quita de subsidios al precio mayorista,<\/strong> lo que<strong> impactar\u00e1 mayormente en las boletas de hogares de altos ingresos, comercios e industrias.<\/strong><\/p>\n<p>Este ajuste es parte del recorte de subsidios que est\u00e1 dispuesto a hacer para equilibrar las cuentas fiscales, y la suba en las facturas se sentir\u00e1 principalmente en el invierno, cuando se combinar\u00e1 el mayor consumo con los precios m\u00e1s altos de la energ\u00eda. <strong>Se esperan aumentos de al menos 300%, aunque especialistas del sector estiman que ser\u00e1 mayor.<\/strong><\/p>\n<p>La definici\u00f3n oficial llega con dos meses de retraso. La Secretar\u00eda de Energ\u00eda y el Ente Nacional Regulador del Gas (Enargas) ten\u00edan todo listo para aplicar los aumentos en febrero, pero el ministro de Econom\u00eda, Luis Caputo, baj\u00f3 la orden de esperar para intentar anclar la inflaci\u00f3n en niveles m\u00e1s bajos.<\/p>\n<p>La Secretar\u00eda de Energ\u00eda aclar\u00f3 que los nuevos valores mayoristas se establecieron por la quita de subsidios e impactar\u00e1 en las boletas, porque el precio del gas es uno de los componentes de la tarifa final. <strong>A esto hay que agregarle los componentes de transporte y distribuci\u00f3n<\/strong>, por lo que el impacto final en las boletas ser\u00e1 a\u00fan mayor.<\/p>\n<p>Tal como informaron oficialmente, habr\u00e1 un<strong> aumento en el precio de la producci\u00f3n de gas, el cual representa un 36% de las tarifas final.<\/strong> Hasta diciembre, los hogares pagaron un 17% del costo real del abastecimiento (70 centavos de d\u00f3lar por mill\u00f3n de BTU sobre US$ 4,10) mientras que las empresas pidieron subas mayores al 500% en sus m\u00e1rgenes.<\/p>\n<blockquote><p>Esta suba se har\u00e1 de forma \u201cescalonada\u201d durante los pr\u00f3ximos tres meses. El ajuste tendr\u00e1 su primera actualizaci\u00f3n en abril; la segunda entre mayo y septiembre y la tercera desde octubre a diciembre.<\/p><\/blockquote>\n<h2>Transporte y distribuci\u00f3n<\/h2>\n<p><strong>A\u00fan con estos ajustes, seguir\u00edan faltando otros incrementos en la tarifa de gas.<\/strong> Esto se debe a que a\u00fan resta que la Secretar\u00eda de Energ\u00eda decrete adem\u00e1s alzas en los <strong>servicios de transporte de gas y de distribuci\u00f3n,<\/strong> que tambi\u00e9n est\u00e1n incluidos en el precio final de las boletas.<\/p>\n<p>En la audiencia p\u00fablica, las empresas transportistas (TGN y TGS) pidieron recomponer sus ingresos con aumentos de 524%, mientras que las distribuidoras (Metrogas, Naturgy y Camuzzi, entre otras) solicitaron subas de 462%.<\/p>\n<p><em>Fuente: DIB.<\/em><\/p>\n","protected":false},"excerpt":{"rendered":"<p>La resoluci\u00f3n se firmar\u00e1 la semana pr\u00f3xima. Es por la quita de subsidios a hogares, industrias y comercios. Rondar\u00e1 el<\/p>\n","protected":false},"author":2,"featured_media":112472,"comment_status":"closed","ping_status":"closed","sticky":false,"template":"","format":"standard","meta":{"_jetpack_memberships_contains_paid_content":false,"footnotes":""},"categories":[6,1],"tags":[],"class_list":["post-112471","post","type-post","status-publish","format-standard","has-post-thumbnail","hentry","category-nacionales","category-portada"],"jetpack_featured_media_url":"https:\/\/i0.wp.com\/cdnoticias.com\/wp-content\/uploads\/2024\/03\/gas.png?fit=800%2C445&ssl=1","jetpack_sharing_enabled":true,"_links":{"self":[{"href":"https:\/\/cdnoticias.com\/index.php\/wp-json\/wp\/v2\/posts\/112471","targetHints":{"allow":["GET"]}}],"collection":[{"href":"https:\/\/cdnoticias.com\/index.php\/wp-json\/wp\/v2\/posts"}],"about":[{"href":"https:\/\/cdnoticias.com\/index.php\/wp-json\/wp\/v2\/types\/post"}],"author":[{"embeddable":true,"href":"https:\/\/cdnoticias.com\/index.php\/wp-json\/wp\/v2\/users\/2"}],"replies":[{"embeddable":true,"href":"https:\/\/cdnoticias.com\/index.php\/wp-json\/wp\/v2\/comments?post=112471"}],"version-history":[{"count":0,"href":"https:\/\/cdnoticias.com\/index.php\/wp-json\/wp\/v2\/posts\/112471\/revisions"}],"wp:featuredmedia":[{"embeddable":true,"href":"https:\/\/cdnoticias.com\/index.php\/wp-json\/wp\/v2\/media\/112472"}],"wp:attachment":[{"href":"https:\/\/cdnoticias.com\/index.php\/wp-json\/wp\/v2\/media?parent=112471"}],"wp:term":[{"taxonomy":"category","embeddable":true,"href":"https:\/\/cdnoticias.com\/index.php\/wp-json\/wp\/v2\/categories?post=112471"},{"taxonomy":"post_tag","embeddable":true,"href":"https:\/\/cdnoticias.com\/index.php\/wp-json\/wp\/v2\/tags?post=112471"}],"curies":[{"name":"wp","href":"https:\/\/api.w.org\/{rel}","templated":true}]}}