{"id":11247,"date":"2021-01-12T14:33:59","date_gmt":"2021-01-12T17:33:59","guid":{"rendered":"http:\/\/www.centraldenoticias.com.ar\/?p=11247"},"modified":"2021-01-12T14:33:59","modified_gmt":"2021-01-12T17:33:59","slug":"covid-en-la-provincia-de-buenos-aires-hay-indicadores-que-no-son-buenos","status":"publish","type":"post","link":"https:\/\/cdnoticias.com\/index.php\/2021\/01\/12\/covid-en-la-provincia-de-buenos-aires-hay-indicadores-que-no-son-buenos\/","title":{"rendered":"Covid en la provincia de Buenos Aires: \u201chay indicadores que no son buenos\u201d"},"content":{"rendered":"<p class=\"western\">El ministro de Salud, Daniel Goll\u00e1n, expuso sobre la actualidad de la situaci\u00f3n sanitaria por la pandemia. Apunt\u00f3 a la tasa de crecimiento de casos de Covid y remarc\u00f3 que en el interior \u201cse triplic\u00f3\u201d.<!--more--><\/p>\n<hr \/>\n<p class=\"western\">El <strong>ministro de Salud bonaerense, Daniel Goll\u00e1n<\/strong>, enfatiz\u00f3 que el <strong>aumento de casos de Covid en el \u00e1mbito provincial se registra especialmente en la regi\u00f3n llamada \u201cinterior\u201d<\/strong>, por fuera de la zona AMBA.\u00a0Expuso en la conferencia de la que tambi\u00e9n <a href=\"https:\/\/cdnoticias.com\/index.php\/2021\/01\/12\/axel-kicillof-la-libertad-es-la-vacuna\/\" target=\"_blank\" rel=\"noopener\">particip\u00f3 el gobernador Axel Kicillof<\/a> en la localidad de Mar Chiquita, tras el contacto de la gesti\u00f3n provincial con los intendentes donde se actualiz\u00f3 la nueva etapa del sistema de fases.<\/p>\n<p class=\"western\">\u201cVen\u00edamos mal el martes pasado con un aumento muy importante de los casos confirmados y la utilizaci\u00f3n de camas\u201d dijo el funcionario para subrayar que <strong>\u201chay indicadores que no son buenos\u201d<\/strong>.<\/p>\n<p><img data-recalc-dims=\"1\" loading=\"lazy\" decoding=\"async\" class=\"aligncenter wp-image-11260 size-large\" src=\"https:\/\/i0.wp.com\/cdnoticias.com\/wp-content\/uploads\/2021\/01\/conferencia-situacion-epidemiologica-11.jpeg?resize=800%2C448&#038;ssl=1\" alt=\"\" width=\"800\" height=\"448\" srcset=\"https:\/\/i0.wp.com\/cdnoticias.com\/wp-content\/uploads\/2021\/01\/conferencia-situacion-epidemiologica-11.jpeg?resize=1024%2C574&amp;ssl=1 1024w, https:\/\/i0.wp.com\/cdnoticias.com\/wp-content\/uploads\/2021\/01\/conferencia-situacion-epidemiologica-11.jpeg?resize=300%2C168&amp;ssl=1 300w, https:\/\/i0.wp.com\/cdnoticias.com\/wp-content\/uploads\/2021\/01\/conferencia-situacion-epidemiologica-11.jpeg?resize=768%2C430&amp;ssl=1 768w, https:\/\/i0.wp.com\/cdnoticias.com\/wp-content\/uploads\/2021\/01\/conferencia-situacion-epidemiologica-11.jpeg?w=1123&amp;ssl=1 1123w\" sizes=\"auto, (max-width: 800px) 100vw, 800px\" \/><\/p>\n<p>&nbsp;<\/p>\n<blockquote>\n<p class=\"western\">\u201cEl interior de la provincia comienza a asemejarse en las tasas de mortalidad y letalidad al conjunto de la Provincia, vemos que el interior avanza much\u00edsimo en cantidad de casos\u201d dijo Goll\u00e1n.<\/p>\n<\/blockquote>\n<p class=\"western\">La Provincia registra hasta el momento <strong>725.134 casos<\/strong>. En cuanto a los casos confirmados, <strong>en el AMBA se alcanz\u00f3 a casi 3.000 casos confirmados promedio diario por semana<\/strong>. \u201cCrece m\u00e1s r\u00e1pido la cantidad de casos que lo que tuvimos en la primera oleada\u201d defini\u00f3.<\/p>\n<p><strong>\u201cPeor es lo que pasa en el resto de la provincia, estamos en 1.529 casos diario promedio por semana, se triplic\u00f3\u201d<\/strong> lament\u00f3 Goll\u00e1n.<\/p>\n<p><img data-recalc-dims=\"1\" loading=\"lazy\" decoding=\"async\" class=\"aligncenter wp-image-11262 size-large\" src=\"https:\/\/i0.wp.com\/cdnoticias.com\/wp-content\/uploads\/2021\/01\/conferencia-situacion-epidemiologica-10.jpeg?resize=800%2C444&#038;ssl=1\" alt=\"\" width=\"800\" height=\"444\" srcset=\"https:\/\/i0.wp.com\/cdnoticias.com\/wp-content\/uploads\/2021\/01\/conferencia-situacion-epidemiologica-10.jpeg?resize=1024%2C568&amp;ssl=1 1024w, https:\/\/i0.wp.com\/cdnoticias.com\/wp-content\/uploads\/2021\/01\/conferencia-situacion-epidemiologica-10.jpeg?resize=300%2C166&amp;ssl=1 300w, https:\/\/i0.wp.com\/cdnoticias.com\/wp-content\/uploads\/2021\/01\/conferencia-situacion-epidemiologica-10.jpeg?resize=768%2C426&amp;ssl=1 768w, https:\/\/i0.wp.com\/cdnoticias.com\/wp-content\/uploads\/2021\/01\/conferencia-situacion-epidemiologica-10.jpeg?resize=800%2C445&amp;ssl=1 800w, https:\/\/i0.wp.com\/cdnoticias.com\/wp-content\/uploads\/2021\/01\/conferencia-situacion-epidemiologica-10.jpeg?w=1119&amp;ssl=1 1119w\" sizes=\"auto, (max-width: 800px) 100vw, 800px\" \/><\/p>\n<p class=\"western\">En ese punto, consider\u00f3 que despu\u00e9s de la baja de casos que se registr\u00f3 hasta mediados de diciembre en toda la provincia \u201cla sociedad en su conjunto se relaj\u00f3 mucho pero despu\u00e9s empez\u00f3 a ver lo que est\u00e1 pasando\u201d. Plante\u00f3 con ello que <strong>\u201chay un proceso de toma de conciencia\u201d<\/strong>, lo cual ejemplific\u00f3 con las expresiones de los intendentes de los distritos costeros y apunt\u00f3 a que \u201cson tres d\u00edas consecutivos en que la curva de los llamados al 148 (de s\u00edntomas de Covid) se ha aplanado\u201d.<\/p>\n<p class=\"western\">M\u00e1s adelante tambi\u00e9n mencion\u00f3 que \u201cse ha estancado\u201d el porcentaje de <strong>positividad de casos<\/strong> aunque se mantiene en ascenso -\u201ccrece en forma importante\u201d, dijo- la <strong>ocupaci\u00f3n de camas de terapia intensiva<\/strong>.<\/p>\n<p><img data-recalc-dims=\"1\" loading=\"lazy\" decoding=\"async\" class=\"aligncenter wp-image-11252\" src=\"https:\/\/i0.wp.com\/cdnoticias.com\/wp-content\/uploads\/2021\/01\/conferencia-situacion-epidemiologica-13.jpeg?resize=500%2C225&#038;ssl=1\" alt=\"\" width=\"500\" height=\"225\" srcset=\"https:\/\/i0.wp.com\/cdnoticias.com\/wp-content\/uploads\/2021\/01\/conferencia-situacion-epidemiologica-13.jpeg?resize=300%2C135&amp;ssl=1 300w, https:\/\/i0.wp.com\/cdnoticias.com\/wp-content\/uploads\/2021\/01\/conferencia-situacion-epidemiologica-13.jpeg?resize=768%2C346&amp;ssl=1 768w, https:\/\/i0.wp.com\/cdnoticias.com\/wp-content\/uploads\/2021\/01\/conferencia-situacion-epidemiologica-13.jpeg?resize=1024%2C461&amp;ssl=1 1024w, https:\/\/i0.wp.com\/cdnoticias.com\/wp-content\/uploads\/2021\/01\/conferencia-situacion-epidemiologica-13.jpeg?w=1073&amp;ssl=1 1073w\" sizes=\"auto, (max-width: 500px) 100vw, 500px\" \/><\/p>\n<p class=\"western\">Por \u00faltimo, el ministro Goll\u00e1n se refiri\u00f3 a la vacunaci\u00f3n, Inform\u00f3 que <strong>se han inscripto unos 730 mil bonaerenses para recibir las vacunas de Covid<\/strong>.<\/p>\n<p class=\"western\">La Provincia ya recibi\u00f3 las 123 mil dosis asignadas y ya <strong>se han vacunado unas 51 mil personas<\/strong>, casi todos trabajadores de la salud. \u201cTriplicamos los grupos seleccionados para vacunar vinculado al personal de salud\u201d indic\u00f3 al tiempo que adelant\u00f3 que <strong>en febrero la Provincia tendr\u00e1 una cantidad muy importante de dosis para vacunar a otros grupos de riesgo<\/strong>.<\/p>\n<p><img data-recalc-dims=\"1\" loading=\"lazy\" decoding=\"async\" class=\"aligncenter wp-image-11263 size-large\" src=\"https:\/\/i0.wp.com\/cdnoticias.com\/wp-content\/uploads\/2021\/01\/conferencia-situacion-epidemiologica-8.jpeg?resize=800%2C446&#038;ssl=1\" alt=\"\" width=\"800\" height=\"446\" srcset=\"https:\/\/i0.wp.com\/cdnoticias.com\/wp-content\/uploads\/2021\/01\/conferencia-situacion-epidemiologica-8.jpeg?resize=1024%2C571&amp;ssl=1 1024w, https:\/\/i0.wp.com\/cdnoticias.com\/wp-content\/uploads\/2021\/01\/conferencia-situacion-epidemiologica-8.jpeg?resize=300%2C167&amp;ssl=1 300w, https:\/\/i0.wp.com\/cdnoticias.com\/wp-content\/uploads\/2021\/01\/conferencia-situacion-epidemiologica-8.jpeg?resize=768%2C429&amp;ssl=1 768w, https:\/\/i0.wp.com\/cdnoticias.com\/wp-content\/uploads\/2021\/01\/conferencia-situacion-epidemiologica-8.jpeg?resize=800%2C445&amp;ssl=1 800w, https:\/\/i0.wp.com\/cdnoticias.com\/wp-content\/uploads\/2021\/01\/conferencia-situacion-epidemiologica-8.jpeg?w=1113&amp;ssl=1 1113w\" sizes=\"auto, (max-width: 800px) 100vw, 800px\" \/><\/p>\n<p>&nbsp;<\/p>\n","protected":false},"excerpt":{"rendered":"<p>El ministro de Salud, Daniel Goll\u00e1n, expuso sobre la actualidad de la situaci\u00f3n sanitaria por la pandemia. Apunt\u00f3 a la<\/p>\n","protected":false},"author":4,"featured_media":11259,"comment_status":"closed","ping_status":"closed","sticky":false,"template":"","format":"standard","meta":{"_jetpack_memberships_contains_paid_content":false,"footnotes":""},"categories":[6,1],"tags":[],"class_list":["post-11247","post","type-post","status-publish","format-standard","has-post-thumbnail","hentry","category-nacionales","category-portada"],"jetpack_featured_media_url":"https:\/\/i0.wp.com\/cdnoticias.com\/wp-content\/uploads\/2021\/01\/conferencia-gollan-1.jpeg?fit=809%2C559&ssl=1","jetpack_sharing_enabled":true,"_links":{"self":[{"href":"https:\/\/cdnoticias.com\/index.php\/wp-json\/wp\/v2\/posts\/11247","targetHints":{"allow":["GET"]}}],"collection":[{"href":"https:\/\/cdnoticias.com\/index.php\/wp-json\/wp\/v2\/posts"}],"about":[{"href":"https:\/\/cdnoticias.com\/index.php\/wp-json\/wp\/v2\/types\/post"}],"author":[{"embeddable":true,"href":"https:\/\/cdnoticias.com\/index.php\/wp-json\/wp\/v2\/users\/4"}],"replies":[{"embeddable":true,"href":"https:\/\/cdnoticias.com\/index.php\/wp-json\/wp\/v2\/comments?post=11247"}],"version-history":[{"count":0,"href":"https:\/\/cdnoticias.com\/index.php\/wp-json\/wp\/v2\/posts\/11247\/revisions"}],"wp:featuredmedia":[{"embeddable":true,"href":"https:\/\/cdnoticias.com\/index.php\/wp-json\/wp\/v2\/media\/11259"}],"wp:attachment":[{"href":"https:\/\/cdnoticias.com\/index.php\/wp-json\/wp\/v2\/media?parent=11247"}],"wp:term":[{"taxonomy":"category","embeddable":true,"href":"https:\/\/cdnoticias.com\/index.php\/wp-json\/wp\/v2\/categories?post=11247"},{"taxonomy":"post_tag","embeddable":true,"href":"https:\/\/cdnoticias.com\/index.php\/wp-json\/wp\/v2\/tags?post=11247"}],"curies":[{"name":"wp","href":"https:\/\/api.w.org\/{rel}","templated":true}]}}