{"id":11240,"date":"2022-02-06T11:23:10","date_gmt":"2022-02-06T14:23:10","guid":{"rendered":"http:\/\/centraldeportes.com.ar\/?p=11240"},"modified":"2025-02-02T11:04:10","modified_gmt":"2025-02-02T14:04:10","slug":"reunion-de-fos-pensando-en-el-inicio-de-la-temporada","status":"publish","type":"post","link":"https:\/\/cdnoticias.com\/index.php\/2022\/02\/06\/reunion-de-fos-pensando-en-el-inicio-de-la-temporada\/","title":{"rendered":"Reuni\u00f3n de FOS pensando en el inicio de la temporada"},"content":{"rendered":"<p>El cambio de mes en el calendario indic\u00f3 al F\u00fatbol Olavarriense S\u00e9nior que es hora de planificar el regreso y por eso hubo una reuni\u00f3n el pasado martes con delegados de los clubes participantes. Habr\u00e1 una nueva divisional.<!--more--><\/p>\n<hr \/>\n<p>La nueva comisi\u00f3n de F\u00fatbol S\u00e9nior encabezada por su presidente Hugo Fayan\u00e1s se reuni\u00f3 con 30 delegados en las instalaciones de la Sociedad de Fomento Mariano Moreno para comenzar a diagramar la actividad del 2022 del futbol mayor ya que en la primera semana de marzo comenzar\u00e1 el Torneo Apertura con la ya tradicionales categor\u00edas y el estreno de Mayores de 56 a\u00f1os.<\/p>\n<p>&nbsp;<\/p>\n<p>\u201cFue una excelente reuni\u00f3n con los delegados ya que pudieron escuchar y sentirse escuchados. Vamos a tener una buena temporada 2022 ya que los mismos est\u00e1n motivados para comenzar a armar las plantillas de cada equipo, y el pr\u00f3ximo martes 8 de febrero desde las 19:00 a 20:30 entregaremos las planillas de Buena Fe para que cada categor\u00eda comience a armarse\u201d, sostuvo Hugo Fayan\u00e1s.<\/p>\n<p>&nbsp;<\/p>\n<p>Asistieron un buen n\u00famero de representantes que opinaron sobre los formatos de competencia que luego fueron aprobados por la Comisi\u00f3n Directiva.<\/p>\n<p>&nbsp;<\/p>\n<p>Por otro lado, se anunci\u00f3 que la venidera semana comenzar\u00e1n a realizar reuniones los \u00e1rbitros encargados de impartir justicia en el F\u00fatbol Olavarriense S\u00e9nior.<\/p>\n","protected":false},"excerpt":{"rendered":"<p>El cambio de mes en el calendario indic\u00f3 al F\u00fatbol Olavarriense S\u00e9nior que es hora de planificar el regreso y<\/p>\n","protected":false},"author":96739694,"featured_media":146817,"comment_status":"closed","ping_status":"closed","sticky":false,"template":"","format":"standard","meta":{"_jetpack_memberships_contains_paid_content":false,"footnotes":""},"categories":[35,1,50],"tags":[],"class_list":["post-11240","post","type-post","status-publish","format-standard","has-post-thumbnail","hentry","category-futbol","category-portada","category-veteranos"],"jetpack_featured_media_url":"https:\/\/i0.wp.com\/cdnoticias.com\/wp-content\/uploads\/2022\/02\/IMG-20220201-WA0072.jpg?fit=1600%2C900&ssl=1","jetpack_sharing_enabled":true,"_links":{"self":[{"href":"https:\/\/cdnoticias.com\/index.php\/wp-json\/wp\/v2\/posts\/11240","targetHints":{"allow":["GET"]}}],"collection":[{"href":"https:\/\/cdnoticias.com\/index.php\/wp-json\/wp\/v2\/posts"}],"about":[{"href":"https:\/\/cdnoticias.com\/index.php\/wp-json\/wp\/v2\/types\/post"}],"author":[{"embeddable":true,"href":"https:\/\/cdnoticias.com\/index.php\/wp-json\/wp\/v2\/users\/96739694"}],"replies":[{"embeddable":true,"href":"https:\/\/cdnoticias.com\/index.php\/wp-json\/wp\/v2\/comments?post=11240"}],"version-history":[{"count":0,"href":"https:\/\/cdnoticias.com\/index.php\/wp-json\/wp\/v2\/posts\/11240\/revisions"}],"wp:featuredmedia":[{"embeddable":true,"href":"https:\/\/cdnoticias.com\/index.php\/wp-json\/wp\/v2\/media\/146817"}],"wp:attachment":[{"href":"https:\/\/cdnoticias.com\/index.php\/wp-json\/wp\/v2\/media?parent=11240"}],"wp:term":[{"taxonomy":"category","embeddable":true,"href":"https:\/\/cdnoticias.com\/index.php\/wp-json\/wp\/v2\/categories?post=11240"},{"taxonomy":"post_tag","embeddable":true,"href":"https:\/\/cdnoticias.com\/index.php\/wp-json\/wp\/v2\/tags?post=11240"}],"curies":[{"name":"wp","href":"https:\/\/api.w.org\/{rel}","templated":true}]}}