{"id":112350,"date":"2024-03-25T18:32:23","date_gmt":"2024-03-25T21:32:23","guid":{"rendered":"https:\/\/cdnoticias.com\/?p=112350"},"modified":"2024-03-25T18:32:25","modified_gmt":"2024-03-25T21:32:25","slug":"la-comunidad-del-colegio-estrada-realizo-un-abrazo-simbolico-para-la-seno-sil","status":"publish","type":"post","link":"https:\/\/cdnoticias.com\/index.php\/2024\/03\/25\/la-comunidad-del-colegio-estrada-realizo-un-abrazo-simbolico-para-la-seno-sil\/","title":{"rendered":"La comunidad del Colegio Estrada realiz\u00f3 un abrazo simb\u00f3lico para la \u201cse\u00f1o Sil\u201d"},"content":{"rendered":"<p>Fue ante el corrimiento de Silvina Barili de su rol de catequista de la instituci\u00f3n educativa y de la Pastoral San Vicente.<!--more--><\/p>\n<hr \/>\n<p>Este lunes se realiz\u00f3 un <strong>abrazo simb\u00f3lico para la \u201cse\u00f1o\u201d Silvina Barili,<\/strong> una <strong>catequista del Colegio Estrada y de la Pastoral San Vicente<\/strong> que fue <strong>separada de sus cargos.<\/strong> Ante esta situaci\u00f3n, alumnos, madres, padres y familias decidieron pedir la revisi\u00f3n de esta decisi\u00f3n.<\/p>\n<p>\u201c<em>Esta carta nace del coraz\u00f3n de muchas familias que tenemos hijos en la instituci\u00f3n J.M Estrada<\/em>\u201d, indicaron y detallaron que \u201c<em>la primera semana de clases nos enteramos que la querida \u2018Se\u00f1o Sil\u2019 dejaba de estar a cargo de toda la pastoral y solo iba a estar como catequista\u201d.<\/em><\/p>\n<p>Sin embargo, la situaci\u00f3n continu\u00f3 y \u201ca fines de este mes de marzo, nos enteramos de que no la alejaron s\u00f3lo de la pastoral, sino tambi\u00e9n como catequista de la instituci\u00f3n\u201d.<\/p>\n<p><img data-recalc-dims=\"1\" loading=\"lazy\" decoding=\"async\" class=\"size-full wp-image-112359 aligncenter\" src=\"https:\/\/i0.wp.com\/cdnoticias.com\/wp-content\/uploads\/2024\/03\/seno-silvi1.png?resize=800%2C476&#038;ssl=1\" alt=\"\" width=\"800\" height=\"476\" srcset=\"https:\/\/i0.wp.com\/cdnoticias.com\/wp-content\/uploads\/2024\/03\/seno-silvi1.png?w=871&amp;ssl=1 871w, https:\/\/i0.wp.com\/cdnoticias.com\/wp-content\/uploads\/2024\/03\/seno-silvi1.png?resize=300%2C178&amp;ssl=1 300w, https:\/\/i0.wp.com\/cdnoticias.com\/wp-content\/uploads\/2024\/03\/seno-silvi1.png?resize=768%2C457&amp;ssl=1 768w\" sizes=\"auto, (max-width: 800px) 100vw, 800px\" \/><\/p>\n<p>Ante esta situaci\u00f3n pidieron a los <strong>\u201cresponsables legales, obispado o qui\u00e9n tenga poder en estas decisiones\u201d,<\/strong> <strong>rever la situaci\u00f3n<\/strong> y considerar que Silvina Barili \u201c<strong>siga trabajando como lo ven\u00eda haciendo\u201d.<\/strong><\/p>\n<p><em>\u201cPermitan que siga transmitiendo a nuestros ni\u00f1os y ni\u00f1as la fe en nuestro Padre Dios; que su vocaci\u00f3n y testimonio no se pierdan en intereses contrapuestos\u201d<\/em>, valoraron.<\/p>\n<p><img data-recalc-dims=\"1\" loading=\"lazy\" decoding=\"async\" class=\"size-full wp-image-112360 aligncenter\" src=\"https:\/\/i0.wp.com\/cdnoticias.com\/wp-content\/uploads\/2024\/03\/seno-silvi2.png?resize=800%2C463&#038;ssl=1\" alt=\"\" width=\"800\" height=\"463\" srcset=\"https:\/\/i0.wp.com\/cdnoticias.com\/wp-content\/uploads\/2024\/03\/seno-silvi2.png?w=831&amp;ssl=1 831w, https:\/\/i0.wp.com\/cdnoticias.com\/wp-content\/uploads\/2024\/03\/seno-silvi2.png?resize=300%2C174&amp;ssl=1 300w, https:\/\/i0.wp.com\/cdnoticias.com\/wp-content\/uploads\/2024\/03\/seno-silvi2.png?resize=768%2C445&amp;ssl=1 768w\" sizes=\"auto, (max-width: 800px) 100vw, 800px\" \/><\/p>\n","protected":false},"excerpt":{"rendered":"<p>Fue ante el corrimiento de Silvina Barili de su rol de catequista de la instituci\u00f3n educativa y de la Pastoral<\/p>\n","protected":false},"author":2,"featured_media":112358,"comment_status":"closed","ping_status":"closed","sticky":false,"template":"","format":"standard","meta":{"_jetpack_memberships_contains_paid_content":false,"footnotes":""},"categories":[5,1],"tags":[],"class_list":["post-112350","post","type-post","status-publish","format-standard","has-post-thumbnail","hentry","category-informacion-general","category-portada"],"jetpack_featured_media_url":"https:\/\/i0.wp.com\/cdnoticias.com\/wp-content\/uploads\/2024\/03\/seno-silvi.png?fit=882%2C445&ssl=1","jetpack_sharing_enabled":true,"_links":{"self":[{"href":"https:\/\/cdnoticias.com\/index.php\/wp-json\/wp\/v2\/posts\/112350","targetHints":{"allow":["GET"]}}],"collection":[{"href":"https:\/\/cdnoticias.com\/index.php\/wp-json\/wp\/v2\/posts"}],"about":[{"href":"https:\/\/cdnoticias.com\/index.php\/wp-json\/wp\/v2\/types\/post"}],"author":[{"embeddable":true,"href":"https:\/\/cdnoticias.com\/index.php\/wp-json\/wp\/v2\/users\/2"}],"replies":[{"embeddable":true,"href":"https:\/\/cdnoticias.com\/index.php\/wp-json\/wp\/v2\/comments?post=112350"}],"version-history":[{"count":0,"href":"https:\/\/cdnoticias.com\/index.php\/wp-json\/wp\/v2\/posts\/112350\/revisions"}],"wp:featuredmedia":[{"embeddable":true,"href":"https:\/\/cdnoticias.com\/index.php\/wp-json\/wp\/v2\/media\/112358"}],"wp:attachment":[{"href":"https:\/\/cdnoticias.com\/index.php\/wp-json\/wp\/v2\/media?parent=112350"}],"wp:term":[{"taxonomy":"category","embeddable":true,"href":"https:\/\/cdnoticias.com\/index.php\/wp-json\/wp\/v2\/categories?post=112350"},{"taxonomy":"post_tag","embeddable":true,"href":"https:\/\/cdnoticias.com\/index.php\/wp-json\/wp\/v2\/tags?post=112350"}],"curies":[{"name":"wp","href":"https:\/\/api.w.org\/{rel}","templated":true}]}}