{"id":112349,"date":"2024-03-25T17:34:56","date_gmt":"2024-03-25T20:34:56","guid":{"rendered":"https:\/\/cdnoticias.com\/?p=112349"},"modified":"2024-03-25T17:34:59","modified_gmt":"2024-03-25T20:34:59","slug":"casos-losa-y-fabi-la-revision-de-las-penas-beneficio-a-los-imputados","status":"publish","type":"post","link":"https:\/\/cdnoticias.com\/index.php\/2024\/03\/25\/casos-losa-y-fabi-la-revision-de-las-penas-beneficio-a-los-imputados\/","title":{"rendered":"Casos Losa y Fabi: la revisi\u00f3n de las penas benefici\u00f3 a los imputados"},"content":{"rendered":"\n<p>La mayor\u00eda de los acusados fueron absueltos. No se consider\u00f3 la existencia de delitos de lesa humanidad, por lo que los cr\u00edmenes prescriben.\u00a0<\/p>\n\n\n\n<hr class=\"wp-block-separator aligncenter has-alpha-channel-opacity\"\/>\n\n\n\n<p><em>Por: Fernanda \u00c1lvarez &#8211; Agencia Comunica<\/em><\/p>\n\n\n\n<p><\/p>\n\n\n\n<p>El Tribunal Oral Penal de Mar del Plata <strong>dictamin\u00f3 sentencia<\/strong> el pasado viernes en<strong> torno a los delitos contra operarios de Losa y Fabi<\/strong> y contra el <strong>detenido Jos\u00e9 Alfredo Pareja.<\/strong><\/p>\n\n\n\n<p><\/p>\n\n\n\n<p>Si bien en la sentencia de 2019 se defini\u00f3 que los delitos no incurr\u00edan en lesa humanidad, la Sala IV de la C\u00e1mara de Casaci\u00f3n Penal <strong>revis\u00f3 la sentencia, <\/strong>anul\u00f3 las absoluciones y reenvi\u00f3 las causas al Tribunal Oral Federal de Mar del Plata para un nuevo juzgamiento.<\/p>\n\n\n\n<p><\/p>\n\n\n\n<p>El viernes, antes de leer la sentencia sobre este nuevo juicio, <strong>se les dio a los acusados la posibilidad de dirigirse al tribunal<\/strong>. Los mismos <strong>negaron todos los hechos que se les imputaban<\/strong>. Uno a uno, fueron tomando la palabra para desvincularse de los casos.<\/p>\n\n\n\n<p><\/p>\n\n\n\n<p>Roberto Casares dijo que se trat\u00f3 de \u201c<strong>hechos estrictamente policiales<\/strong>\u201d y<strong> neg\u00f3 que hayan sido delitos de lesa humanidad,<\/strong> del mismo modo que neg\u00f3 la existencia de pruebas sobre su participaci\u00f3n.<\/p>\n\n\n\n<figure class=\"wp-block-image aligncenter size-full\"><img data-recalc-dims=\"1\" loading=\"lazy\" decoding=\"async\" width=\"800\" height=\"600\" src=\"https:\/\/i0.wp.com\/cdnoticias.com\/wp-content\/uploads\/2024\/03\/causa-fabi-losa.jpg?resize=800%2C600&#038;ssl=1\" alt=\"\" class=\"wp-image-112352\" srcset=\"https:\/\/i0.wp.com\/cdnoticias.com\/wp-content\/uploads\/2024\/03\/causa-fabi-losa.jpg?w=900&amp;ssl=1 900w, https:\/\/i0.wp.com\/cdnoticias.com\/wp-content\/uploads\/2024\/03\/causa-fabi-losa.jpg?resize=300%2C225&amp;ssl=1 300w, https:\/\/i0.wp.com\/cdnoticias.com\/wp-content\/uploads\/2024\/03\/causa-fabi-losa.jpg?resize=768%2C576&amp;ssl=1 768w\" sizes=\"auto, (max-width: 800px) 100vw, 800px\" \/><\/figure>\n\n\n\n<p><\/p>\n\n\n\n<p>N\u00e9stor Omar Vapore, por su lado, eligi\u00f3 no agregar nada<strong> \u201cpor cuanto no he cometido ninguna clase de delito\u201d,<\/strong> dijo.<\/p>\n\n\n\n<p><\/p>\n\n\n\n<p>En el mismo sentido se expres\u00f3 Edgardo Viviani, quien manifest\u00f3 que \u201c<strong>tengo 87 a\u00f1os, soy inocente, no particip\u00e9 en esos hechos. No detuve ni atorment\u00e9 a nadie\u201d.<\/strong><\/p>\n\n\n\n<p><\/p>\n\n\n\n<p>Tambi\u00e9n <strong>se declararon inocentes<\/strong> Julio Cazaux y Roberto Fantini. Horacio Leites y Julio Tula no agregaron palabras y H\u00e9ctor Rinaldi manifest\u00f3 que estuvo a cargo \u201c<em>de la Subcomisar\u00eda de Sierras Bayas del \u00b475 al \u00b482 en forma ininterrumpida. Jam\u00e1s actu\u00e9 en comisar\u00eda de Loma Negra por lo que desconozco lo ocurrido en ella y resulta ajeno a cualquier imputaci\u00f3n\u201d.<\/em><\/p>\n\n\n\n<p><\/p>\n\n\n\n<p>Luego de un cuarto intermedio, el tribunal retom\u00f3 la transmisi\u00f3n de la audiencia para decidir que <strong>solo recibir\u00eda pena uno de los acusados<\/strong>. Se trata de <strong>N\u00e9stor Vapore, <\/strong>quien fue <strong>condenado a 7 a\u00f1os de prisi\u00f3n<\/strong> por ser coautor penalmente responsable del <strong>delito de privaci\u00f3n ilegal de la libertad, <\/strong>cometido por ser funcionario p\u00fablico agravado por mediar violencia y amenazas con tormentos, de la que result\u00f3 v\u00edctima Nicol\u00e1s Guti\u00e9rrez.<\/p>\n\n\n\n<p><\/p>\n\n\n\n<figure class=\"wp-block-image aligncenter size-full\"><img data-recalc-dims=\"1\" loading=\"lazy\" decoding=\"async\" width=\"800\" height=\"600\" src=\"https:\/\/i0.wp.com\/cdnoticias.com\/wp-content\/uploads\/2024\/03\/causa-fabi-losa2.jpg?resize=800%2C600&#038;ssl=1\" alt=\"\" class=\"wp-image-112354\" srcset=\"https:\/\/i0.wp.com\/cdnoticias.com\/wp-content\/uploads\/2024\/03\/causa-fabi-losa2.jpg?w=900&amp;ssl=1 900w, https:\/\/i0.wp.com\/cdnoticias.com\/wp-content\/uploads\/2024\/03\/causa-fabi-losa2.jpg?resize=300%2C225&amp;ssl=1 300w, https:\/\/i0.wp.com\/cdnoticias.com\/wp-content\/uploads\/2024\/03\/causa-fabi-losa2.jpg?resize=768%2C576&amp;ssl=1 768w\" sizes=\"auto, (max-width: 800px) 100vw, 800px\" \/><\/figure>\n\n\n\n<p><\/p>\n\n\n\n<p>En tanto, <strong>se absolvi\u00f3 por unanimidad <\/strong>a Horacio Leites y a Julio C\u00e9sar Tula por el delito contra Jos\u00e9 Pareja. En torno a los hechos contra los operarios de las f\u00e1bricas Fabi y Losa, <strong>el tribunal defini\u00f3 que no fueron delitos de lesa humanidad.<\/strong><\/p>\n\n\n\n<p><\/p>\n\n\n\n<p>En consecuencia, se absolvi\u00f3 a Roberto Casares, Julio Cesar Tula, Edgardo Viviani, Roberto Fantini, H\u00e9ctor Rinaldi y Julio Cazaux. <strong>Los delitos que les imputaron quedaron prescriptos<\/strong> y la sensaci\u00f3n de impunidad se sinti\u00f3 fuertemente.<\/p>\n","protected":false},"excerpt":{"rendered":"<p>La mayor\u00eda de los acusados fueron absueltos. No se consider\u00f3 la existencia de delitos de lesa humanidad, por lo que<\/p>\n","protected":false},"author":6,"featured_media":112353,"comment_status":"closed","ping_status":"closed","sticky":false,"template":"","format":"standard","meta":{"_jetpack_memberships_contains_paid_content":false,"footnotes":""},"categories":[5,1],"tags":[],"class_list":["post-112349","post","type-post","status-publish","format-standard","has-post-thumbnail","hentry","category-informacion-general","category-portada"],"jetpack_featured_media_url":"https:\/\/i0.wp.com\/cdnoticias.com\/wp-content\/uploads\/2024\/03\/causa-fabi-losa1.jpg?fit=900%2C675&ssl=1","jetpack_sharing_enabled":true,"_links":{"self":[{"href":"https:\/\/cdnoticias.com\/index.php\/wp-json\/wp\/v2\/posts\/112349","targetHints":{"allow":["GET"]}}],"collection":[{"href":"https:\/\/cdnoticias.com\/index.php\/wp-json\/wp\/v2\/posts"}],"about":[{"href":"https:\/\/cdnoticias.com\/index.php\/wp-json\/wp\/v2\/types\/post"}],"author":[{"embeddable":true,"href":"https:\/\/cdnoticias.com\/index.php\/wp-json\/wp\/v2\/users\/6"}],"replies":[{"embeddable":true,"href":"https:\/\/cdnoticias.com\/index.php\/wp-json\/wp\/v2\/comments?post=112349"}],"version-history":[{"count":0,"href":"https:\/\/cdnoticias.com\/index.php\/wp-json\/wp\/v2\/posts\/112349\/revisions"}],"wp:featuredmedia":[{"embeddable":true,"href":"https:\/\/cdnoticias.com\/index.php\/wp-json\/wp\/v2\/media\/112353"}],"wp:attachment":[{"href":"https:\/\/cdnoticias.com\/index.php\/wp-json\/wp\/v2\/media?parent=112349"}],"wp:term":[{"taxonomy":"category","embeddable":true,"href":"https:\/\/cdnoticias.com\/index.php\/wp-json\/wp\/v2\/categories?post=112349"},{"taxonomy":"post_tag","embeddable":true,"href":"https:\/\/cdnoticias.com\/index.php\/wp-json\/wp\/v2\/tags?post=112349"}],"curies":[{"name":"wp","href":"https:\/\/api.w.org\/{rel}","templated":true}]}}