{"id":112338,"date":"2024-03-25T16:42:58","date_gmt":"2024-03-25T19:42:58","guid":{"rendered":"https:\/\/cdnoticias.com\/?p=112338"},"modified":"2024-03-25T20:18:43","modified_gmt":"2024-03-25T23:18:43","slug":"medidas-de-fuerza-de-trabajadores-de-camuzzi-en-reclamo-de-aumento-salarial","status":"publish","type":"post","link":"https:\/\/cdnoticias.com\/index.php\/2024\/03\/25\/medidas-de-fuerza-de-trabajadores-de-camuzzi-en-reclamo-de-aumento-salarial\/","title":{"rendered":"Medidas de fuerza de trabajadores de Camuzzi en reclamo de aumento salarial"},"content":{"rendered":"<p>Desde este martes se llevar\u00e1n a cabo las acciones de protesta. Habr\u00e1 movilizaci\u00f3n a las sedes centrales y la semana pr\u00f3xima, paro de 72 horas. Desde Olavarr\u00eda se manifestar\u00e1n en Buenos Aires.<!--more--><\/p>\n<hr \/>\n<p><strong>Los trabajadores de la empresa Camuzzi<\/strong> iniciar\u00e1n este martes<strong> medidas de protesta<\/strong> en reclamo de <strong>aumento salarial<\/strong>.<\/p>\n<p>La primera acci\u00f3n ser\u00e1 una<strong> movilizaci\u00f3n<\/strong> y para la semana pr\u00f3xima se program\u00f3 un<strong> paro de 72 horas<\/strong>.<\/p>\n<blockquote><p>\u201cNo ha habido respuestas por parte de las empresas Camuzzi y Ecogas al pedido de recomposici\u00f3n urgente de nuestros salarios\u201d inform\u00f3 la Federaci\u00f3n de Trabajadores de la Industria del Gas Natural (FETIGNRA) a trav\u00e9s de un comunicado.\u00a0Con ello se definieron medidas de fuerza que consisten en \u201cmovilizaci\u00f3n a sedes centrales\u201d para este martes 26 de marzo y \u201cparo total de actividades por 72 horas, a partir del d\u00eda 5 de abril\u201d.<\/p><\/blockquote>\n<p>Tales medidas fueron <strong>acordadas en FETIGNRA por los sindicatos de distintas provincias y regionales<\/strong>, entre ellas el<strong> plenario de STIGAS de Bah\u00eda Blanca<\/strong> que incluye a los <strong>trabajadores de Camuzzi de Olavarr\u00eda<\/strong>.<\/p>\n<p><em>\u201cEsperamos que dichas empresas revean su posici\u00f3n y se alineen con el avance favorable en materia paritaria que se logr\u00f3 con el resto de la industria\u201d<\/em> cerr\u00f3 la Federaci\u00f3n el comunicado.<\/p>\n<p>Desde <strong>STIGAS Olavarr\u00eda<\/strong> se inform\u00f3 que <strong>este martes se movilizar\u00e1n hacia Buenos Aires<\/strong> en las manifestaciones que se llevar\u00e1n cabo frente a las sedes de las empresas Camuzzi y de Ecogas.<\/p>\n","protected":false},"excerpt":{"rendered":"<p>Desde este martes se llevar\u00e1n a cabo las acciones de protesta. Habr\u00e1 movilizaci\u00f3n a las sedes centrales y la semana<\/p>\n","protected":false},"author":4,"featured_media":20518,"comment_status":"closed","ping_status":"closed","sticky":false,"template":"","format":"standard","meta":{"_jetpack_memberships_contains_paid_content":false,"footnotes":""},"categories":[5,1],"tags":[],"class_list":["post-112338","post","type-post","status-publish","format-standard","has-post-thumbnail","hentry","category-informacion-general","category-portada"],"jetpack_featured_media_url":"https:\/\/i0.wp.com\/cdnoticias.com\/wp-content\/uploads\/2021\/05\/camuzzi-00.jpg?fit=800%2C445&ssl=1","jetpack_sharing_enabled":true,"_links":{"self":[{"href":"https:\/\/cdnoticias.com\/index.php\/wp-json\/wp\/v2\/posts\/112338","targetHints":{"allow":["GET"]}}],"collection":[{"href":"https:\/\/cdnoticias.com\/index.php\/wp-json\/wp\/v2\/posts"}],"about":[{"href":"https:\/\/cdnoticias.com\/index.php\/wp-json\/wp\/v2\/types\/post"}],"author":[{"embeddable":true,"href":"https:\/\/cdnoticias.com\/index.php\/wp-json\/wp\/v2\/users\/4"}],"replies":[{"embeddable":true,"href":"https:\/\/cdnoticias.com\/index.php\/wp-json\/wp\/v2\/comments?post=112338"}],"version-history":[{"count":0,"href":"https:\/\/cdnoticias.com\/index.php\/wp-json\/wp\/v2\/posts\/112338\/revisions"}],"wp:featuredmedia":[{"embeddable":true,"href":"https:\/\/cdnoticias.com\/index.php\/wp-json\/wp\/v2\/media\/20518"}],"wp:attachment":[{"href":"https:\/\/cdnoticias.com\/index.php\/wp-json\/wp\/v2\/media?parent=112338"}],"wp:term":[{"taxonomy":"category","embeddable":true,"href":"https:\/\/cdnoticias.com\/index.php\/wp-json\/wp\/v2\/categories?post=112338"},{"taxonomy":"post_tag","embeddable":true,"href":"https:\/\/cdnoticias.com\/index.php\/wp-json\/wp\/v2\/tags?post=112338"}],"curies":[{"name":"wp","href":"https:\/\/api.w.org\/{rel}","templated":true}]}}