{"id":112327,"date":"2024-03-25T13:30:37","date_gmt":"2024-03-25T16:30:37","guid":{"rendered":"https:\/\/cdnoticias.com\/?p=112327"},"modified":"2024-03-25T13:30:40","modified_gmt":"2024-03-25T16:30:40","slug":"horacio-ismael-suarez-zorrino-q-e-p-d","status":"publish","type":"post","link":"https:\/\/cdnoticias.com\/index.php\/2024\/03\/25\/horacio-ismael-suarez-zorrino-q-e-p-d\/","title":{"rendered":"Horacio Ismael Suarez &#8220;Zorrino&#8221; (Q.E.P.D.)"},"content":{"rendered":"<p>Falleci\u00f3 en Olavarr\u00eda el d\u00eda 25 de marzo de 2024 a los 88 a\u00f1os de edad.<\/p>\n<p>Su esposa N\u00e9lida Alicia Jarrie. Su hijo Horacio Ricardo Suarez. Su hija pol\u00edtica Miriam Veneciano. Sus nietas Samantha y Bel\u00e9n Suarez. Sus nietos pol\u00edticos Fernando y Juli\u00e1n. Sus bisnietos Sofia e Ignacio Gonz\u00e1lez. Sus hermanos. Sus hermanos pol\u00edticos.  Sus sobrinos y dem\u00e1s deudos participan su fallecimiento.<\/p>\n<p>Sin velatorio. Sin responso. Inhumaci\u00f3n: Cementerio Loma de Paz, martes 26 de marzo a las 9:30 horas. Servicio adherido a Coopelectric.<\/p>\n<p>Vecino de barrio Belgrano.<\/p>\n<p>Nacido en Laprida.<\/p>\n<p>Actividad que desarrollaba: Jubilado Ferroviario.<\/p>\n","protected":false},"excerpt":{"rendered":"<p>Falleci\u00f3 en Olavarr\u00eda el d\u00eda 25 de marzo de 2024 a los 88 a\u00f1os de edad. Su esposa N\u00e9lida Alicia<\/p>\n","protected":false},"author":4,"featured_media":51544,"comment_status":"closed","ping_status":"closed","sticky":false,"template":"","format":"standard","meta":{"_jetpack_memberships_contains_paid_content":false,"footnotes":""},"categories":[10],"tags":[],"class_list":["post-112327","post","type-post","status-publish","format-standard","has-post-thumbnail","hentry","category-necrologicas"],"jetpack_featured_media_url":"https:\/\/i0.wp.com\/cdnoticias.com\/wp-content\/uploads\/2022\/04\/necrologicas-390-x-240.jpg?fit=390%2C240&ssl=1","jetpack_sharing_enabled":true,"_links":{"self":[{"href":"https:\/\/cdnoticias.com\/index.php\/wp-json\/wp\/v2\/posts\/112327","targetHints":{"allow":["GET"]}}],"collection":[{"href":"https:\/\/cdnoticias.com\/index.php\/wp-json\/wp\/v2\/posts"}],"about":[{"href":"https:\/\/cdnoticias.com\/index.php\/wp-json\/wp\/v2\/types\/post"}],"author":[{"embeddable":true,"href":"https:\/\/cdnoticias.com\/index.php\/wp-json\/wp\/v2\/users\/4"}],"replies":[{"embeddable":true,"href":"https:\/\/cdnoticias.com\/index.php\/wp-json\/wp\/v2\/comments?post=112327"}],"version-history":[{"count":0,"href":"https:\/\/cdnoticias.com\/index.php\/wp-json\/wp\/v2\/posts\/112327\/revisions"}],"wp:featuredmedia":[{"embeddable":true,"href":"https:\/\/cdnoticias.com\/index.php\/wp-json\/wp\/v2\/media\/51544"}],"wp:attachment":[{"href":"https:\/\/cdnoticias.com\/index.php\/wp-json\/wp\/v2\/media?parent=112327"}],"wp:term":[{"taxonomy":"category","embeddable":true,"href":"https:\/\/cdnoticias.com\/index.php\/wp-json\/wp\/v2\/categories?post=112327"},{"taxonomy":"post_tag","embeddable":true,"href":"https:\/\/cdnoticias.com\/index.php\/wp-json\/wp\/v2\/tags?post=112327"}],"curies":[{"name":"wp","href":"https:\/\/api.w.org\/{rel}","templated":true}]}}