{"id":112323,"date":"2024-03-25T12:51:21","date_gmt":"2024-03-25T15:51:21","guid":{"rendered":"https:\/\/cdnoticias.com\/?p=112323"},"modified":"2024-03-25T12:51:23","modified_gmt":"2024-03-25T15:51:23","slug":"alberto-oscar-orsatti-zorro-q-e-p-d","status":"publish","type":"post","link":"https:\/\/cdnoticias.com\/index.php\/2024\/03\/25\/alberto-oscar-orsatti-zorro-q-e-p-d\/","title":{"rendered":"Alberto Oscar Orsatti &#8220;Zorro&#8221; (Q.E.P.D.)"},"content":{"rendered":"<p>Falleci\u00f3 en Olavarr\u00eda el d\u00eda 24 de marzo de 2024 a los 75 a\u00f1os de edad.<\/p>\n<p>Su hija Paola. Su hijo pol\u00edtico Daniel. Sus nietos Nicol\u00e1s, Lucia y Mat\u00edas y dem\u00e1s deudos participan su fallecimiento.<\/p>\n<p>Velatorio: Sala velatoria de Sierras Bayas. Responso: Capilla Ardiente. Inhumaci\u00f3n: Cementerio de Colonia San Miguel, lunes 25 de marzo a las 14:00 horas. Servicio adherido a Coopelectric.<\/p>\n<p>Vecino de Colonia San Miguel.<\/p>\n<p>Nacido en Olavarr\u00eda.<\/p>\n<p>Actividad que desarrollaba: Jubilado y Pensionado.<\/p>\n","protected":false},"excerpt":{"rendered":"<p>Falleci\u00f3 en Olavarr\u00eda el d\u00eda 24 de marzo de 2024 a los 75 a\u00f1os de edad. Su hija Paola. Su<\/p>\n","protected":false},"author":4,"featured_media":51544,"comment_status":"closed","ping_status":"closed","sticky":false,"template":"","format":"standard","meta":{"_jetpack_memberships_contains_paid_content":false,"footnotes":""},"categories":[10],"tags":[],"class_list":["post-112323","post","type-post","status-publish","format-standard","has-post-thumbnail","hentry","category-necrologicas"],"jetpack_featured_media_url":"https:\/\/i0.wp.com\/cdnoticias.com\/wp-content\/uploads\/2022\/04\/necrologicas-390-x-240.jpg?fit=390%2C240&ssl=1","jetpack_sharing_enabled":true,"_links":{"self":[{"href":"https:\/\/cdnoticias.com\/index.php\/wp-json\/wp\/v2\/posts\/112323","targetHints":{"allow":["GET"]}}],"collection":[{"href":"https:\/\/cdnoticias.com\/index.php\/wp-json\/wp\/v2\/posts"}],"about":[{"href":"https:\/\/cdnoticias.com\/index.php\/wp-json\/wp\/v2\/types\/post"}],"author":[{"embeddable":true,"href":"https:\/\/cdnoticias.com\/index.php\/wp-json\/wp\/v2\/users\/4"}],"replies":[{"embeddable":true,"href":"https:\/\/cdnoticias.com\/index.php\/wp-json\/wp\/v2\/comments?post=112323"}],"version-history":[{"count":0,"href":"https:\/\/cdnoticias.com\/index.php\/wp-json\/wp\/v2\/posts\/112323\/revisions"}],"wp:featuredmedia":[{"embeddable":true,"href":"https:\/\/cdnoticias.com\/index.php\/wp-json\/wp\/v2\/media\/51544"}],"wp:attachment":[{"href":"https:\/\/cdnoticias.com\/index.php\/wp-json\/wp\/v2\/media?parent=112323"}],"wp:term":[{"taxonomy":"category","embeddable":true,"href":"https:\/\/cdnoticias.com\/index.php\/wp-json\/wp\/v2\/categories?post=112323"},{"taxonomy":"post_tag","embeddable":true,"href":"https:\/\/cdnoticias.com\/index.php\/wp-json\/wp\/v2\/tags?post=112323"}],"curies":[{"name":"wp","href":"https:\/\/api.w.org\/{rel}","templated":true}]}}