{"id":112300,"date":"2024-03-25T11:56:25","date_gmt":"2024-03-25T14:56:25","guid":{"rendered":"https:\/\/cdnoticias.com\/?p=112300"},"modified":"2024-03-25T16:43:14","modified_gmt":"2024-03-25T19:43:14","slug":"san-patricio-en-olavarria-festival-cervecero-en-parque-mitre","status":"publish","type":"post","link":"https:\/\/cdnoticias.com\/index.php\/2024\/03\/25\/san-patricio-en-olavarria-festival-cervecero-en-parque-mitre\/","title":{"rendered":"San Patricio en Olavarr\u00eda: Festival Cervecero en Parque Mitre"},"content":{"rendered":"<p>Se realizar\u00e1 el 1\u00ba de abril, a partir de las 18 horas. El evento tendr\u00e1 el show musical de Rey Garufa y sus Timadores.<\/p>\n<p><!--more--><\/p>\n<hr \/>\n<p>Este fin de semana, <strong>llega el Festival Cervecero, organizado por cerveceros locales<\/strong>, en el marco de la tradicional <strong>celebraci\u00f3n de San Patricio<\/strong>, que se celebra en marzo.<\/p>\n<p>El evento se realizar\u00e1 el d\u00eda<strong> lunes 1\u00ba de abril, en el Parque Mitre<\/strong>, en Brown entre Belgrano y Dorrego.<\/p>\n<p>A partir de las<strong> 18 horas<\/strong>, el p\u00fablico podr\u00e1 probar <strong>distintas variedades de cervezas artesanales producidas en Olavarr\u00eda.<\/strong><\/p>\n<p>Entre los atractivos, el festival tendr\u00e1 el<strong> show musical de Rey Garufa y sus Timadores.<\/strong><\/p>\n<p>El encuentro reunir\u00e1 en torno al parque a productores locales: <em>Rab, Del Fondo, Fenchel, Sur del Sur, Monos Sabios, Kabalah y Planeta Nueva<\/em>, quienes interactuar\u00e1n con el p\u00fablico sobre las distintas especialidades.<\/p>\n<p><em>&#8220;El Municipio de Olavarr\u00eda apoya este evento con la finalidad de impulsar una actividad econ\u00f3mica que ha crecido mucho en los \u00faltimos a\u00f1os, que adem\u00e1s impulsa el turismo local, teniendo las distintas f\u00e1bricas que se encuentran distribuidas en el Partido&#8221;<\/em> se inform\u00f3.<\/p>\n","protected":false},"excerpt":{"rendered":"<p>Se realizar\u00e1 el 1\u00ba de abril, a partir de las 18 horas. El evento tendr\u00e1 el show musical de Rey<\/p>\n","protected":false},"author":4,"featured_media":27098,"comment_status":"closed","ping_status":"closed","sticky":false,"template":"","format":"standard","meta":{"_jetpack_memberships_contains_paid_content":false,"footnotes":""},"categories":[9,1],"tags":[],"class_list":["post-112300","post","type-post","status-publish","format-standard","has-post-thumbnail","hentry","category-cultura","category-portada"],"jetpack_featured_media_url":"https:\/\/i0.wp.com\/cdnoticias.com\/wp-content\/uploads\/2021\/07\/f608x342-99056_128779_1.jpg?fit=608%2C342&ssl=1","jetpack_sharing_enabled":true,"_links":{"self":[{"href":"https:\/\/cdnoticias.com\/index.php\/wp-json\/wp\/v2\/posts\/112300","targetHints":{"allow":["GET"]}}],"collection":[{"href":"https:\/\/cdnoticias.com\/index.php\/wp-json\/wp\/v2\/posts"}],"about":[{"href":"https:\/\/cdnoticias.com\/index.php\/wp-json\/wp\/v2\/types\/post"}],"author":[{"embeddable":true,"href":"https:\/\/cdnoticias.com\/index.php\/wp-json\/wp\/v2\/users\/4"}],"replies":[{"embeddable":true,"href":"https:\/\/cdnoticias.com\/index.php\/wp-json\/wp\/v2\/comments?post=112300"}],"version-history":[{"count":0,"href":"https:\/\/cdnoticias.com\/index.php\/wp-json\/wp\/v2\/posts\/112300\/revisions"}],"wp:featuredmedia":[{"embeddable":true,"href":"https:\/\/cdnoticias.com\/index.php\/wp-json\/wp\/v2\/media\/27098"}],"wp:attachment":[{"href":"https:\/\/cdnoticias.com\/index.php\/wp-json\/wp\/v2\/media?parent=112300"}],"wp:term":[{"taxonomy":"category","embeddable":true,"href":"https:\/\/cdnoticias.com\/index.php\/wp-json\/wp\/v2\/categories?post=112300"},{"taxonomy":"post_tag","embeddable":true,"href":"https:\/\/cdnoticias.com\/index.php\/wp-json\/wp\/v2\/tags?post=112300"}],"curies":[{"name":"wp","href":"https:\/\/api.w.org\/{rel}","templated":true}]}}