{"id":11221,"date":"2021-01-12T09:21:59","date_gmt":"2021-01-12T12:21:59","guid":{"rendered":"http:\/\/www.centraldenoticias.com.ar\/?p=11221"},"modified":"2021-01-12T09:48:06","modified_gmt":"2021-01-12T12:48:06","slug":"tras-20-dias-hubo-acuerdo-y-los-trabajadores-de-ola-bus-levantan-el-paro","status":"publish","type":"post","link":"https:\/\/cdnoticias.com\/index.php\/2021\/01\/12\/tras-20-dias-hubo-acuerdo-y-los-trabajadores-de-ola-bus-levantan-el-paro\/","title":{"rendered":"Tras 20 d\u00edas, hubo acuerdo y los trabajadores de Ola Bus levantaron el paro"},"content":{"rendered":"<p>As\u00ed lo confirmaron desde el gremio a Central de Noticias. El dep\u00f3sito del subsidio, finalmente, fue transferido a las cuentas de los trabajadores y se sald\u00f3 la deuda.<!--more--><\/p>\n<hr \/>\n<p>En la ma\u00f1ana de este martes, <strong>se confirm\u00f3 el final del paro de trabajadores de OlaBus tras 20 d\u00edas de conflicto por falta de pagos.<\/strong> As\u00ed lo confirmaron desde el gremio a Central de Noticias.<\/p>\n<p>&nbsp;<\/p>\n<p>Seg\u00fan Jorge Pad\u00edn, delegado de UTA en la empresa, <strong>\u201ccobramos lo adeudado y ya est\u00e1 en nuestra cuenta\u201d<\/strong>. Destac\u00f3 que <strong>desde las 8 de este martes se reanudaron los servicios<\/strong> desde y hacia las localidades del Partido.<\/p>\n<p>&nbsp;<\/p>\n<p>Recordemos que el conflicto<a href=\"https:\/\/cdnoticias.com\/index.php\/2020\/12\/23\/paro-de-colectiveros-de-la-empresa-ola-bus\/\"> inici\u00f3 hace 20 d\u00edas<\/a>, cuando <strong>los trabajadores de la concesionaria del transporte p\u00fablico interurbano decidieron comenzar con un paro por tiempo indeterminado por una deuda que manten\u00eda la empresa.<\/strong><\/p>\n<p>&nbsp;<\/p>\n<p>La misma constaba del pago de varias sumas acordadas con Ola Bus, sumado al pago del medio aguinaldo del mes de diciembre. <strong>La empresa adujo, por ese entonces, que la falta de pagos de los subsidios nacionales hizo que no pueda afrontar dichos compromisos.\u00a0<\/strong><\/p>\n<p>&nbsp;<\/p>\n<p>En el medio, hubo<strong> protestas de vecinos de las localidades, pedidos de soluci\u00f3n inmediata y, tambi\u00e9n, intervenci\u00f3n del Ministerio de Trabajo con algunas audiencias de conciliaci\u00f3n.<\/strong> Llegado el pago, y tal como se hab\u00eda adelantado, el paro se levant\u00f3 autom\u00e1ticamente y <strong>desde la ma\u00f1ana de este martes los micros interurbanos ya circulan por la ciudad. <\/strong><\/p>\n","protected":false},"excerpt":{"rendered":"<p>As\u00ed lo confirmaron desde el gremio a Central de Noticias. El dep\u00f3sito del subsidio, finalmente, fue transferido a las cuentas<\/p>\n","protected":false},"author":2,"featured_media":1449,"comment_status":"closed","ping_status":"closed","sticky":false,"template":"","format":"standard","meta":{"_jetpack_memberships_contains_paid_content":false,"footnotes":""},"categories":[5,1],"tags":[],"class_list":["post-11221","post","type-post","status-publish","format-standard","has-post-thumbnail","hentry","category-informacion-general","category-portada"],"jetpack_featured_media_url":"https:\/\/i0.wp.com\/cdnoticias.com\/wp-content\/uploads\/2020\/09\/olabus.jpeg?fit=800%2C523&ssl=1","jetpack_sharing_enabled":true,"_links":{"self":[{"href":"https:\/\/cdnoticias.com\/index.php\/wp-json\/wp\/v2\/posts\/11221","targetHints":{"allow":["GET"]}}],"collection":[{"href":"https:\/\/cdnoticias.com\/index.php\/wp-json\/wp\/v2\/posts"}],"about":[{"href":"https:\/\/cdnoticias.com\/index.php\/wp-json\/wp\/v2\/types\/post"}],"author":[{"embeddable":true,"href":"https:\/\/cdnoticias.com\/index.php\/wp-json\/wp\/v2\/users\/2"}],"replies":[{"embeddable":true,"href":"https:\/\/cdnoticias.com\/index.php\/wp-json\/wp\/v2\/comments?post=11221"}],"version-history":[{"count":0,"href":"https:\/\/cdnoticias.com\/index.php\/wp-json\/wp\/v2\/posts\/11221\/revisions"}],"wp:featuredmedia":[{"embeddable":true,"href":"https:\/\/cdnoticias.com\/index.php\/wp-json\/wp\/v2\/media\/1449"}],"wp:attachment":[{"href":"https:\/\/cdnoticias.com\/index.php\/wp-json\/wp\/v2\/media?parent=11221"}],"wp:term":[{"taxonomy":"category","embeddable":true,"href":"https:\/\/cdnoticias.com\/index.php\/wp-json\/wp\/v2\/categories?post=11221"},{"taxonomy":"post_tag","embeddable":true,"href":"https:\/\/cdnoticias.com\/index.php\/wp-json\/wp\/v2\/tags?post=11221"}],"curies":[{"name":"wp","href":"https:\/\/api.w.org\/{rel}","templated":true}]}}