{"id":112154,"date":"2024-03-24T15:51:47","date_gmt":"2024-03-24T18:51:47","guid":{"rendered":"https:\/\/cdnoticias.com\/?p=112154"},"modified":"2024-03-24T15:51:50","modified_gmt":"2024-03-24T18:51:50","slug":"federico-manuel-pereyra-q-e-p-d","status":"publish","type":"post","link":"https:\/\/cdnoticias.com\/index.php\/2024\/03\/24\/federico-manuel-pereyra-q-e-p-d\/","title":{"rendered":"Federico Manuel Pereyra (Q.E.P.D.)"},"content":{"rendered":"\n<p>Falleci\u00f3 en Hinojo el 24 de marzo de 2024 a los 72 a\u00f1os.<\/p>\n\n\n\n<p>Su esposa Sonia Hermosill. Sus hijos Marcelo, Liliana, Federico, Jes\u00fas, Ver\u00f3nica y Griselda. Sus hermanas Estela, Ana y Mar\u00eda. Sus hijos pol\u00edticos. Sus nietos y dem\u00e1s deudos participan su fallecimiento.<\/p>\n\n\n\n<p>Velatorio: Sala &#8221;A&#8221; de Sierras Bayas, 24 de marzo de 2024 de 17:00 a 22:00 horas. Reabre el lunes 25 a las 8:00. Responso: Capilla Ardiente. Inhumaci\u00f3n: Cementerio Municipal de Sierras Bayas, lunes 25 a las 11:30 horas. Servicio adherido a Coopelectric.<\/p>\n\n\n\n<p>Barrio en el que viv\u00eda: Vecino de Sierras Bayas<\/p>\n\n\n\n<p>Lugar de nacimiento: Olavarr\u00eda<\/p>\n\n\n\n<p>Actividad que desarrollaba: Jubilado de Polcecal<\/p>\n","protected":false},"excerpt":{"rendered":"<p>Falleci\u00f3 en Hinojo el 24 de marzo de 2024 a los 72 a\u00f1os. Su esposa Sonia Hermosill. Sus hijos Marcelo,<\/p>\n","protected":false},"author":6,"featured_media":67646,"comment_status":"closed","ping_status":"closed","sticky":false,"template":"","format":"standard","meta":{"_jetpack_memberships_contains_paid_content":false,"footnotes":""},"categories":[10],"tags":[],"class_list":["post-112154","post","type-post","status-publish","format-standard","has-post-thumbnail","hentry","category-necrologicas"],"jetpack_featured_media_url":"https:\/\/i0.wp.com\/cdnoticias.com\/wp-content\/uploads\/2022\/10\/necrologicas-390-x-240.jpg?fit=390%2C240&ssl=1","jetpack_sharing_enabled":true,"_links":{"self":[{"href":"https:\/\/cdnoticias.com\/index.php\/wp-json\/wp\/v2\/posts\/112154","targetHints":{"allow":["GET"]}}],"collection":[{"href":"https:\/\/cdnoticias.com\/index.php\/wp-json\/wp\/v2\/posts"}],"about":[{"href":"https:\/\/cdnoticias.com\/index.php\/wp-json\/wp\/v2\/types\/post"}],"author":[{"embeddable":true,"href":"https:\/\/cdnoticias.com\/index.php\/wp-json\/wp\/v2\/users\/6"}],"replies":[{"embeddable":true,"href":"https:\/\/cdnoticias.com\/index.php\/wp-json\/wp\/v2\/comments?post=112154"}],"version-history":[{"count":0,"href":"https:\/\/cdnoticias.com\/index.php\/wp-json\/wp\/v2\/posts\/112154\/revisions"}],"wp:featuredmedia":[{"embeddable":true,"href":"https:\/\/cdnoticias.com\/index.php\/wp-json\/wp\/v2\/media\/67646"}],"wp:attachment":[{"href":"https:\/\/cdnoticias.com\/index.php\/wp-json\/wp\/v2\/media?parent=112154"}],"wp:term":[{"taxonomy":"category","embeddable":true,"href":"https:\/\/cdnoticias.com\/index.php\/wp-json\/wp\/v2\/categories?post=112154"},{"taxonomy":"post_tag","embeddable":true,"href":"https:\/\/cdnoticias.com\/index.php\/wp-json\/wp\/v2\/tags?post=112154"}],"curies":[{"name":"wp","href":"https:\/\/api.w.org\/{rel}","templated":true}]}}