{"id":112152,"date":"2024-03-24T13:19:13","date_gmt":"2024-03-24T16:19:13","guid":{"rendered":"https:\/\/cdnoticias.com\/?p=112152"},"modified":"2024-03-24T17:31:12","modified_gmt":"2024-03-24T20:31:12","slug":"emergencia-y-estructura-las-claves-de-una-politica-en-alerta","status":"publish","type":"post","link":"https:\/\/cdnoticias.com\/index.php\/2024\/03\/24\/emergencia-y-estructura-las-claves-de-una-politica-en-alerta\/","title":{"rendered":"Emergencia y estructura, las claves de una pol\u00edtica en alerta"},"content":{"rendered":"\n<p>Los coletazos pol\u00edticos de las lluvias, tormentas y anegamientos en la ciudad y las localidades. Las paritarias municipales, con final abierto. El transporte y su salida de la emergencia. Memoria, verdad y justicia. Los rearmados pol\u00edticos.<\/p>\n\n\n\n<hr class=\"wp-block-separator aligncenter has-alpha-channel-opacity\"\/>\n\n\n\n<p><em>Volver a las Fuentes, por Josefina Bargas y Alexis Grierson<\/em><\/p>\n\n\n\n<p class=\"has-large-font-size\"><strong>\u00a1Alerta, alerta!<\/strong><\/p>\n\n\n\n<figure class=\"wp-block-image size-large\"><img data-recalc-dims=\"1\" loading=\"lazy\" decoding=\"async\" width=\"800\" height=\"445\" src=\"https:\/\/i0.wp.com\/cdnoticias.com\/wp-content\/uploads\/2024\/03\/alerta-tormenta-lluvia-olavarria3.jpg?resize=800%2C445&#038;ssl=1\" alt=\"\" class=\"wp-image-111672\" srcset=\"https:\/\/i0.wp.com\/cdnoticias.com\/wp-content\/uploads\/2024\/03\/alerta-tormenta-lluvia-olavarria3.jpg?resize=1024%2C570&amp;ssl=1 1024w, https:\/\/i0.wp.com\/cdnoticias.com\/wp-content\/uploads\/2024\/03\/alerta-tormenta-lluvia-olavarria3.jpg?resize=300%2C167&amp;ssl=1 300w, https:\/\/i0.wp.com\/cdnoticias.com\/wp-content\/uploads\/2024\/03\/alerta-tormenta-lluvia-olavarria3.jpg?resize=768%2C427&amp;ssl=1 768w, https:\/\/i0.wp.com\/cdnoticias.com\/wp-content\/uploads\/2024\/03\/alerta-tormenta-lluvia-olavarria3.jpg?resize=800%2C445&amp;ssl=1 800w, https:\/\/i0.wp.com\/cdnoticias.com\/wp-content\/uploads\/2024\/03\/alerta-tormenta-lluvia-olavarria3.jpg?w=1280&amp;ssl=1 1280w\" sizes=\"auto, (max-width: 800px) 100vw, 800px\" \/><\/figure>\n\n\n\n<p><strong>116 mil\u00edmetros en una noche. <\/strong>Esa cantidad de lluvia fue suficiente para que <strong>en Olavarr\u00eda se vivan horas dram\u00e1ticas, con anegamientos m\u00e1s que importantes, trabajos de emergencia y una nueva prueba para la gesti\u00f3n Wesner vinculado a un factor clim\u00e1tico.<\/strong><\/p>\n\n\n\n<p><strong>Fue una semana plagada de alertas, con un temporal que no pas\u00f3 a mayores, clases suspendidas y mucho trabajo<\/strong>. No vamos a ahondar puntualmente en lo vivido o algunas cuestiones que ya repasaron los medios locales, de importante trabajo en los \u00faltimos d\u00edas. Vayamos a los condimentos pol\u00edticos de la emergencia.<\/p>\n\n\n\n<p>Primer an\u00e1lisis evidente:<strong> se vio un armado, en la urgencia, muy arm\u00f3nico. <\/strong>La expresi\u00f3n m\u00e1s adecuada es que para responder y ponerle el cuerpo todas las horas que sean necesarias ante la demanda de respuestas r\u00e1pidas y concretas, <strong>la comodidad de la gesti\u00f3n es absoluta. <\/strong>Para sumar a todos los sectores del Comit\u00e9 de Crisis, para tomar las decisiones necesarias y para actuar.<\/p>\n\n\n\n<p><strong>Es hasta curioso ver c\u00f3mo en este tipo de contextos las respuestas son tan efectivas,<\/strong> mucho m\u00e1s que en otros donde quiz\u00e1s hay m\u00e1s tiempo para decidir y para actuar (aunque analizaremos otras cosas que pasaron esta semana).<\/p>\n\n\n\n<p>Tal como pas\u00f3 en diciembre, <strong>se declar\u00f3 la Emergencia en el Partido de Olavarr\u00eda.<\/strong> La importancia de ese decreto firmado por el Intendente y los secretarios es que permite contratar empresas de forma directa para realizar trabajos, y tomar decisiones con herramientas menos burocr\u00e1ticas y m\u00e1s urgentes a tono con lo sucedido.<\/p>\n\n\n\n<figure class=\"wp-block-image size-large\"><img data-recalc-dims=\"1\" loading=\"lazy\" decoding=\"async\" width=\"800\" height=\"445\" src=\"https:\/\/i0.wp.com\/cdnoticias.com\/wp-content\/uploads\/2024\/03\/conferencia-landivar1.jpg?resize=800%2C445&#038;ssl=1\" alt=\"\" class=\"wp-image-111703\" srcset=\"https:\/\/i0.wp.com\/cdnoticias.com\/wp-content\/uploads\/2024\/03\/conferencia-landivar1-scaled.jpg?resize=1024%2C570&amp;ssl=1 1024w, https:\/\/i0.wp.com\/cdnoticias.com\/wp-content\/uploads\/2024\/03\/conferencia-landivar1-scaled.jpg?resize=300%2C167&amp;ssl=1 300w, https:\/\/i0.wp.com\/cdnoticias.com\/wp-content\/uploads\/2024\/03\/conferencia-landivar1-scaled.jpg?resize=768%2C427&amp;ssl=1 768w, https:\/\/i0.wp.com\/cdnoticias.com\/wp-content\/uploads\/2024\/03\/conferencia-landivar1-scaled.jpg?resize=1536%2C855&amp;ssl=1 1536w, https:\/\/i0.wp.com\/cdnoticias.com\/wp-content\/uploads\/2024\/03\/conferencia-landivar1-scaled.jpg?resize=2048%2C1140&amp;ssl=1 2048w, https:\/\/i0.wp.com\/cdnoticias.com\/wp-content\/uploads\/2024\/03\/conferencia-landivar1-scaled.jpg?resize=800%2C445&amp;ssl=1 800w, https:\/\/i0.wp.com\/cdnoticias.com\/wp-content\/uploads\/2024\/03\/conferencia-landivar1-scaled.jpg?w=1600&amp;ssl=1 1600w, https:\/\/i0.wp.com\/cdnoticias.com\/wp-content\/uploads\/2024\/03\/conferencia-landivar1-scaled.jpg?w=2400&amp;ssl=1 2400w\" sizes=\"auto, (max-width: 800px) 100vw, 800px\" \/><\/figure>\n\n\n\n<p>Nos vamos a quedar, de todo, con algunos datos y contrapuntos. El primer dato positivo<strong> es el buen comportamiento del arroyo Tapalqu\u00e9 y todas sus obras, que aguantaron -sobre todo en lugares no tan visibles- sin desbordes y sin situaciones que podr\u00edan haber complejizado mucho m\u00e1s la situaci\u00f3n. Se habl\u00f3 de un \u201cbuen mantenimiento\u201d de los principales desag\u00fces del arroyo <\/strong>y que hubo un buen escurrimiento, m\u00e1s all\u00e1 de diversas maniobras que se realizaron con las compuertas.<\/p>\n\n\n\n<p>El problema estuvo en otro lado.<strong> El buen trabajo en el arroyo Tapalqu\u00e9 dej\u00f3 en evidencia que en otros sectores la falta de obras y mantenimiento generaron graves anegamientos, incluso sectores inundados por poco m\u00e1s de 24 horas.<\/strong><\/p>\n\n\n\n<p>En conferencia de prensa del Comit\u00e9 de Crisis, el secretario de Obras P\u00fablicas Orfel Fari\u00f1a se\u00f1al\u00f3 esto y otro punto para nada menor: el cambio de paradigma en torno a las obras que se deben hacer de ahora en m\u00e1s. <strong>Antes el foco estaba puesto de lleno en el arroyo Tapalqu\u00e9\u2026hoy la cosa es m\u00e1s compleja.<\/strong><\/p>\n\n\n\n<p>Tan distinta, que el punto neur\u00e1lgico de los hechos estuvo en un lugar que ya hab\u00eda generado \u201cciertos problemas\u201d pero que con tanta lluvia fue uno de los principales responsables de los anegamientos en las localidades de Sierra Chica, Colonia Hinojo e Hinojo<strong>. \u201cEl laguito\u201d ten\u00eda una compuerta que, seg\u00fan especificaron, deb\u00eda derrumbarse para una mejor circulaci\u00f3n del agua en caso de fuertes lluvias. Eso se hizo de emergencia durante el lunes mismo \u2026 pero gener\u00f3 que el agua suba en las localidades, al menos por unas horas. Una decisi\u00f3n que se deb\u00eda tomar y ven\u00eda con consecuencias.<\/strong><\/p>\n\n\n\n<figure class=\"wp-block-image size-large\"><img data-recalc-dims=\"1\" loading=\"lazy\" decoding=\"async\" width=\"800\" height=\"445\" src=\"https:\/\/i0.wp.com\/cdnoticias.com\/wp-content\/uploads\/2024\/03\/conferencia-orfel-obras.jpg?resize=800%2C445&#038;ssl=1\" alt=\"\" class=\"wp-image-111704\" srcset=\"https:\/\/i0.wp.com\/cdnoticias.com\/wp-content\/uploads\/2024\/03\/conferencia-orfel-obras-scaled.jpg?resize=1024%2C570&amp;ssl=1 1024w, https:\/\/i0.wp.com\/cdnoticias.com\/wp-content\/uploads\/2024\/03\/conferencia-orfel-obras-scaled.jpg?resize=300%2C167&amp;ssl=1 300w, https:\/\/i0.wp.com\/cdnoticias.com\/wp-content\/uploads\/2024\/03\/conferencia-orfel-obras-scaled.jpg?resize=768%2C427&amp;ssl=1 768w, https:\/\/i0.wp.com\/cdnoticias.com\/wp-content\/uploads\/2024\/03\/conferencia-orfel-obras-scaled.jpg?resize=1536%2C855&amp;ssl=1 1536w, https:\/\/i0.wp.com\/cdnoticias.com\/wp-content\/uploads\/2024\/03\/conferencia-orfel-obras-scaled.jpg?resize=2048%2C1140&amp;ssl=1 2048w, https:\/\/i0.wp.com\/cdnoticias.com\/wp-content\/uploads\/2024\/03\/conferencia-orfel-obras-scaled.jpg?resize=800%2C445&amp;ssl=1 800w, https:\/\/i0.wp.com\/cdnoticias.com\/wp-content\/uploads\/2024\/03\/conferencia-orfel-obras-scaled.jpg?w=1600&amp;ssl=1 1600w, https:\/\/i0.wp.com\/cdnoticias.com\/wp-content\/uploads\/2024\/03\/conferencia-orfel-obras-scaled.jpg?w=2400&amp;ssl=1 2400w\" sizes=\"auto, (max-width: 800px) 100vw, 800px\" \/><\/figure>\n\n\n\n<p>Todo sumado, claro, a la situaci\u00f3n de los desag\u00fces de los costados de las v\u00edas y tambi\u00e9n de la ruta 226, que no soportaron tanta agua y generaron complicaciones, por ejemplo, en el barrio Eucaliptus.<\/p>\n\n\n\n<p>En la conferencia, tanto Orfel Fari\u00f1a como Mercedes Land\u00edvar deslizaron que si bien la problem\u00e1tica n\u00famero uno fueron los 116 mil\u00edmetros en una noche, la falta de mantenimiento de algunos sectores sumado a la falta de obras -y obras mal realizadas, como lo sucedido con los trabajos en el barrio Carlos Pellegrini e incluso con el reasfaltado de avenida Alberdi- generaron \u201cnuevos problemas\u201d que deber\u00e1n atenderse de ahora en m\u00e1s.<\/p>\n\n\n\n<p><strong>La acusaci\u00f3n gener\u00f3 una r\u00e9plica algunas horas despu\u00e9s: el ex secretario de Gobierno y actual concejal Hilario Galli carg\u00f3 contra los dichos de los funcionarios. Titul\u00f3 \u201cLa mentira como bandera\u201d<\/strong> su mensaje para hablar de lo realizado en los \u00faltimos 8 a\u00f1os en la gesti\u00f3n de Ezequiel Galli: \u201cCon obras mayores como el encauzamiento del arroyo Tapalqu\u00e9 hasta limpieza de canales y sumideros, trabajos constantes que permitieron que las calles no se anegaran como vimos estos \u00faltimos meses. Siempre hay que prevenir\u201d.<\/p>\n\n\n\n<p>Dijo que de nada sirve <strong>\u201cpasearse por los medios y las redes mintiendo\u201d dado que \u201ceso no soluciona los problemas\u201d.\u00a0<\/strong><\/p>\n\n\n\n<p><em><strong>\u201cA ustedes los eligieron para gestionar, por el bien de todos los vecinos, ded\u00edquense a trabajar (que a\u00fan hay restos del temporal de diciembre)\u201d.<\/strong><\/em><\/p>\n\n\n\n<figure class=\"wp-block-embed is-type-rich is-provider-twitter wp-block-embed-twitter\"><div class=\"wp-block-embed__wrapper\">\n<blockquote class=\"twitter-tweet\" data-width=\"550\" data-dnt=\"true\"><p lang=\"es\" dir=\"ltr\">LA MENTIRA COMO BANDERA<br><br>A lo largo de los 8 a\u00f1os de gesti\u00f3n de Ezequiel Galli se ha mantenido una pol\u00edtica de gesti\u00f3n hidr\u00e1ulica concreta y activa. <a href=\"https:\/\/t.co\/EucU0K7eOh\">pic.twitter.com\/EucU0K7eOh<\/a><\/p>&mdash; Hilario Galli (@HilarioGalli) <a href=\"https:\/\/twitter.com\/HilarioGalli\/status\/1769876150107472311?ref_src=twsrc%5Etfw\">March 18, 2024<\/a><\/blockquote><script async src=\"https:\/\/platform.twitter.com\/widgets.js\" charset=\"utf-8\"><\/script>\n<\/div><\/figure>\n\n\n\n<p>A las horas, Mercedes Land\u00edvar lo cruz\u00f3 en Desayuno con Noticias, con Claudia Bilbao: \u201chay ciertas actitudes que me preocupan, sobre todo porque creo que en estas instancias habr\u00eda que trabajar en conjunto m\u00e1s que hacer este tipo de cr\u00edticas. Lo digo por la gente, porque lo que menos quiere en este momento un vecino o una vecina que verdaderamente la est\u00e1 pasando muy mal y que ha perdido todo producto del esfuerzo y que tiene que volver a recuperarlo, me parece que la mirada tiene que estar puesta ah\u00ed\u201d dijo.<\/p>\n\n\n\n<figure class=\"wp-block-embed is-type-rich is-provider-instagram wp-block-embed-instagram\"><div class=\"wp-block-embed__wrapper\">\n<blockquote class=\"instagram-media\" data-instgrm-captioned data-instgrm-permalink=\"https:\/\/www.instagram.com\/reel\/C4saPz6uTWb\/?utm_source=ig_embed&amp;utm_campaign=loading\" data-instgrm-version=\"14\" style=\" background:#FFF; border:0; border-radius:3px; box-shadow:0 0 1px 0 rgba(0,0,0,0.5),0 1px 10px 0 rgba(0,0,0,0.15); margin: 1px; max-width:658px; min-width:326px; padding:0; width:99.375%; width:-webkit-calc(100% - 2px); width:calc(100% - 2px);\"><div style=\"padding:16px;\"> <a href=\"https:\/\/www.instagram.com\/reel\/C4saPz6uTWb\/?utm_source=ig_embed&amp;utm_campaign=loading\" style=\" background:#FFFFFF; line-height:0; padding:0 0; text-align:center; text-decoration:none; width:100%;\" target=\"_blank\"> <div style=\" display: flex; flex-direction: row; align-items: center;\"> <div style=\"background-color: #F4F4F4; border-radius: 50%; flex-grow: 0; height: 40px; margin-right: 14px; width: 40px;\"><\/div> <div style=\"display: flex; flex-direction: column; flex-grow: 1; justify-content: center;\"> <div style=\" background-color: #F4F4F4; border-radius: 4px; flex-grow: 0; height: 14px; margin-bottom: 6px; width: 100px;\"><\/div> <div style=\" background-color: #F4F4F4; border-radius: 4px; flex-grow: 0; height: 14px; width: 60px;\"><\/div><\/div><\/div><div style=\"padding: 19% 0;\"><\/div> <div style=\"display:block; height:50px; margin:0 auto 12px; width:50px;\"><svg width=\"50px\" height=\"50px\" viewBox=\"0 0 60 60\" version=\"1.1\" xmlns=\"https:\/\/www.w3.org\/2000\/svg\" xmlns:xlink=\"https:\/\/www.w3.org\/1999\/xlink\"><g stroke=\"none\" stroke-width=\"1\" fill=\"none\" fill-rule=\"evenodd\"><g transform=\"translate(-511.000000, -20.000000)\" fill=\"#000000\"><g><path d=\"M556.869,30.41 C554.814,30.41 553.148,32.076 553.148,34.131 C553.148,36.186 554.814,37.852 556.869,37.852 C558.924,37.852 560.59,36.186 560.59,34.131 C560.59,32.076 558.924,30.41 556.869,30.41 M541,60.657 C535.114,60.657 530.342,55.887 530.342,50 C530.342,44.114 535.114,39.342 541,39.342 C546.887,39.342 551.658,44.114 551.658,50 C551.658,55.887 546.887,60.657 541,60.657 M541,33.886 C532.1,33.886 524.886,41.1 524.886,50 C524.886,58.899 532.1,66.113 541,66.113 C549.9,66.113 557.115,58.899 557.115,50 C557.115,41.1 549.9,33.886 541,33.886 M565.378,62.101 C565.244,65.022 564.756,66.606 564.346,67.663 C563.803,69.06 563.154,70.057 562.106,71.106 C561.058,72.155 560.06,72.803 558.662,73.347 C557.607,73.757 556.021,74.244 553.102,74.378 C549.944,74.521 548.997,74.552 541,74.552 C533.003,74.552 532.056,74.521 528.898,74.378 C525.979,74.244 524.393,73.757 523.338,73.347 C521.94,72.803 520.942,72.155 519.894,71.106 C518.846,70.057 518.197,69.06 517.654,67.663 C517.244,66.606 516.755,65.022 516.623,62.101 C516.479,58.943 516.448,57.996 516.448,50 C516.448,42.003 516.479,41.056 516.623,37.899 C516.755,34.978 517.244,33.391 517.654,32.338 C518.197,30.938 518.846,29.942 519.894,28.894 C520.942,27.846 521.94,27.196 523.338,26.654 C524.393,26.244 525.979,25.756 528.898,25.623 C532.057,25.479 533.004,25.448 541,25.448 C548.997,25.448 549.943,25.479 553.102,25.623 C556.021,25.756 557.607,26.244 558.662,26.654 C560.06,27.196 561.058,27.846 562.106,28.894 C563.154,29.942 563.803,30.938 564.346,32.338 C564.756,33.391 565.244,34.978 565.378,37.899 C565.522,41.056 565.552,42.003 565.552,50 C565.552,57.996 565.522,58.943 565.378,62.101 M570.82,37.631 C570.674,34.438 570.167,32.258 569.425,30.349 C568.659,28.377 567.633,26.702 565.965,25.035 C564.297,23.368 562.623,22.342 560.652,21.575 C558.743,20.834 556.562,20.326 553.369,20.18 C550.169,20.033 549.148,20 541,20 C532.853,20 531.831,20.033 528.631,20.18 C525.438,20.326 523.257,20.834 521.349,21.575 C519.376,22.342 517.703,23.368 516.035,25.035 C514.368,26.702 513.342,28.377 512.574,30.349 C511.834,32.258 511.326,34.438 511.181,37.631 C511.035,40.831 511,41.851 511,50 C511,58.147 511.035,59.17 511.181,62.369 C511.326,65.562 511.834,67.743 512.574,69.651 C513.342,71.625 514.368,73.296 516.035,74.965 C517.703,76.634 519.376,77.658 521.349,78.425 C523.257,79.167 525.438,79.673 528.631,79.82 C531.831,79.965 532.853,80.001 541,80.001 C549.148,80.001 550.169,79.965 553.369,79.82 C556.562,79.673 558.743,79.167 560.652,78.425 C562.623,77.658 564.297,76.634 565.965,74.965 C567.633,73.296 568.659,71.625 569.425,69.651 C570.167,67.743 570.674,65.562 570.82,62.369 C570.966,59.17 571,58.147 571,50 C571,41.851 570.966,40.831 570.82,37.631\"><\/path><\/g><\/g><\/g><\/svg><\/div><div style=\"padding-top: 8px;\"> <div style=\" color:#3897f0; font-family:Arial,sans-serif; font-size:14px; font-style:normal; font-weight:550; line-height:18px;\">View this post on Instagram<\/div><\/div><div style=\"padding: 12.5% 0;\"><\/div> <div style=\"display: flex; flex-direction: row; margin-bottom: 14px; align-items: center;\"><div> <div style=\"background-color: #F4F4F4; border-radius: 50%; height: 12.5px; width: 12.5px; transform: translateX(0px) translateY(7px);\"><\/div> <div style=\"background-color: #F4F4F4; height: 12.5px; transform: rotate(-45deg) translateX(3px) translateY(1px); width: 12.5px; flex-grow: 0; margin-right: 14px; margin-left: 2px;\"><\/div> <div style=\"background-color: #F4F4F4; border-radius: 50%; height: 12.5px; width: 12.5px; transform: translateX(9px) translateY(-18px);\"><\/div><\/div><div style=\"margin-left: 8px;\"> <div style=\" background-color: #F4F4F4; border-radius: 50%; flex-grow: 0; height: 20px; width: 20px;\"><\/div> <div style=\" width: 0; height: 0; border-top: 2px solid transparent; border-left: 6px solid #f4f4f4; border-bottom: 2px solid transparent; transform: translateX(16px) translateY(-4px) rotate(30deg)\"><\/div><\/div><div style=\"margin-left: auto;\"> <div style=\" width: 0px; border-top: 8px solid #F4F4F4; border-right: 8px solid transparent; transform: translateY(16px);\"><\/div> <div style=\" background-color: #F4F4F4; flex-grow: 0; height: 12px; width: 16px; transform: translateY(-4px);\"><\/div> <div style=\" width: 0; height: 0; border-top: 8px solid #F4F4F4; border-left: 8px solid transparent; transform: translateY(-4px) translateX(8px);\"><\/div><\/div><\/div> <div style=\"display: flex; flex-direction: column; flex-grow: 1; justify-content: center; margin-bottom: 24px;\"> <div style=\" background-color: #F4F4F4; border-radius: 4px; flex-grow: 0; height: 14px; margin-bottom: 6px; width: 224px;\"><\/div> <div style=\" background-color: #F4F4F4; border-radius: 4px; flex-grow: 0; height: 14px; width: 144px;\"><\/div><\/div><\/a><p style=\" color:#c9c8cd; font-family:Arial,sans-serif; font-size:14px; line-height:17px; margin-bottom:0; margin-top:8px; overflow:hidden; padding:8px 0 7px; text-align:center; text-overflow:ellipsis; white-space:nowrap;\"><a href=\"https:\/\/www.instagram.com\/reel\/C4saPz6uTWb\/?utm_source=ig_embed&amp;utm_campaign=loading\" style=\" color:#c9c8cd; font-family:Arial,sans-serif; font-size:14px; font-style:normal; font-weight:normal; line-height:17px; text-decoration:none;\" target=\"_blank\">A post shared by Claudia Bilbao \u2615 (@desayunoconnoticias)<\/a><\/p><\/div><\/blockquote><script async src=\"\/\/platform.instagram.com\/en_US\/embeds.js\"><\/script>\n<\/div><\/figure>\n\n\n\n<p>Hay una realidad y es que si bien se vieron colectas de diversos elementos, en esta ocasi\u00f3n hubo much\u00edsima m\u00e1s distancia con respecto a otros hechos, las tormentas de diciembre, sin ir m\u00e1s lejos.&nbsp;<\/p>\n\n\n\n<p>Lo concreto es que despu\u00e9s de lo sucedido el lunes,<strong> el clima fue medianamente benevolente y salvo un temporal de viento y lluvia el mi\u00e9rcoles a la madrugada, los alertas amarillo y naranja no llegaron a \u201cdescargar\u201d en la ciudad<\/strong> y otra compleja semana de temporales pas\u00f3. Queda en el tintero una discusi\u00f3n sobre las nuevas problem\u00e1ticas hidr\u00e1ulicas en la ciudad, y tambi\u00e9n la exposici\u00f3n pol\u00edtica de, por un lado un oficialismo que ante la emergencia se maneja como pez en el agua, y una relaci\u00f3n con la oposici\u00f3n que se enfr\u00eda cada vez m\u00e1s.<\/p>\n\n\n\n<p class=\"has-large-font-size\"><strong>\u00a1Alerta, alerta! (Parte 2)<\/strong><\/p>\n\n\n\n<p>Como si estuvi\u00e9ramos viviendo las plagas de Egipto, <strong>el doctor Fernando Al\u00ed, del Consejo Administrativo de Salud, confirmaba que Olavarr\u00eda tuvo su primer caso de dengue aut\u00f3ctono. M\u00e1s olavarriense que bautizar como \u201ccapital de\u201d a cualquier actividad local, podr\u00edamos decir.<\/strong><\/p>\n\n\n\n<p>Junto a la directora de Epidemiolog\u00eda, Mar\u00eda del Carmen Weis, la subsecretaria de Atenci\u00f3n Primaria de la Salud, Florencia Lestrada, y los integrantes del equipo de direcci\u00f3n doctores Nicol\u00e1s Pereyra D\u00edaz y Pablo Nagel, <strong>Al\u00ed adem\u00e1s de confirmar el caso dijo que hubo 24 casos sospechosos de los cuales 8 dieron positivo, 8 fueron descartados y los otros 8 se encuentran, a\u00fan, en estudio.\u00a0<\/strong><\/p>\n\n\n\n<figure class=\"wp-block-image size-full\"><img data-recalc-dims=\"1\" loading=\"lazy\" decoding=\"async\" width=\"800\" height=\"445\" src=\"https:\/\/i0.wp.com\/cdnoticias.com\/wp-content\/uploads\/2024\/03\/ali-dengue.jpg?resize=800%2C445&#038;ssl=1\" alt=\"\" class=\"wp-image-111923\" srcset=\"https:\/\/i0.wp.com\/cdnoticias.com\/wp-content\/uploads\/2024\/03\/ali-dengue.jpg?w=800&amp;ssl=1 800w, https:\/\/i0.wp.com\/cdnoticias.com\/wp-content\/uploads\/2024\/03\/ali-dengue.jpg?resize=300%2C167&amp;ssl=1 300w, https:\/\/i0.wp.com\/cdnoticias.com\/wp-content\/uploads\/2024\/03\/ali-dengue.jpg?resize=768%2C427&amp;ssl=1 768w\" sizes=\"auto, (max-width: 800px) 100vw, 800px\" \/><\/figure>\n\n\n\n<p>La particularidad es que el paciente fue dado de alta ya: los estudios suelen llevar varios d\u00edas y mientras se curaba, se analiz\u00f3 para determinar si el mosquito transmisor de la enfermedad estaba en Olavarr\u00eda. Y as\u00ed fue.<\/p>\n\n\n\n<p>Si lo miramos desde el contexto, no podr\u00eda ser una peor noticia: <strong>las lluvias, la humedad y demases potenciaron la proliferaci\u00f3n de mosquitos y obviamente del transmisor del dengue, el Aedes aegypti.\u00a0<\/strong><\/p>\n\n\n\n<figure class=\"wp-block-image size-full\"><img data-recalc-dims=\"1\" loading=\"lazy\" decoding=\"async\" width=\"800\" height=\"445\" src=\"https:\/\/i0.wp.com\/cdnoticias.com\/wp-content\/uploads\/2024\/03\/Conferencia-dengue-21-marzo-3-scaled-1.jpg?resize=800%2C445&#038;ssl=1\" alt=\"\" class=\"wp-image-111933\" srcset=\"https:\/\/i0.wp.com\/cdnoticias.com\/wp-content\/uploads\/2024\/03\/Conferencia-dengue-21-marzo-3-scaled-1.jpg?w=800&amp;ssl=1 800w, https:\/\/i0.wp.com\/cdnoticias.com\/wp-content\/uploads\/2024\/03\/Conferencia-dengue-21-marzo-3-scaled-1.jpg?resize=300%2C167&amp;ssl=1 300w, https:\/\/i0.wp.com\/cdnoticias.com\/wp-content\/uploads\/2024\/03\/Conferencia-dengue-21-marzo-3-scaled-1.jpg?resize=768%2C427&amp;ssl=1 768w\" sizes=\"auto, (max-width: 800px) 100vw, 800px\" \/><\/figure>\n\n\n\n<p>Se aclaro que<strong> lo m\u00e1ximo que se puede hacer es trabajar en prevenci\u00f3n y concientizaci\u00f3n sobre el pedido de descacharrar elementos y evitar la concentraci\u00f3n de agua en macetas o recipientes, y tambi\u00e9n proliferaron \u2026 los pedidos de vaciamiento de piletas ya sucias para evitar darle lugares a los mosquitos para que se reproduzcan.<\/strong> \u00bfUna perla? Uno de los principales reclamos estuvo en la obra de la pileta del club Racing, que pr\u00e1cticamente se llen\u00f3 con las lluvias. Fue dragado por personal de Bomberos. \u00bfEl dato curioso? El presidente de Racing (desde hace pocas semanas) y el titular de la Asociaci\u00f3n de Bomberos son la misma persona, Hugo Fayan\u00e1s.<\/p>\n\n\n\n<figure class=\"wp-block-image size-large\"><img data-recalc-dims=\"1\" loading=\"lazy\" decoding=\"async\" width=\"800\" height=\"600\" src=\"https:\/\/i0.wp.com\/cdnoticias.com\/wp-content\/uploads\/2024\/03\/OBRAS-RACING-FOTO.jpeg?resize=800%2C600&#038;ssl=1\" alt=\"\" class=\"wp-image-111957\" srcset=\"https:\/\/i0.wp.com\/cdnoticias.com\/wp-content\/uploads\/2024\/03\/OBRAS-RACING-FOTO.jpeg?resize=1024%2C768&amp;ssl=1 1024w, https:\/\/i0.wp.com\/cdnoticias.com\/wp-content\/uploads\/2024\/03\/OBRAS-RACING-FOTO.jpeg?resize=300%2C225&amp;ssl=1 300w, https:\/\/i0.wp.com\/cdnoticias.com\/wp-content\/uploads\/2024\/03\/OBRAS-RACING-FOTO.jpeg?resize=768%2C576&amp;ssl=1 768w, https:\/\/i0.wp.com\/cdnoticias.com\/wp-content\/uploads\/2024\/03\/OBRAS-RACING-FOTO.jpeg?resize=1536%2C1152&amp;ssl=1 1536w, https:\/\/i0.wp.com\/cdnoticias.com\/wp-content\/uploads\/2024\/03\/OBRAS-RACING-FOTO.jpeg?w=1600&amp;ssl=1 1600w\" sizes=\"auto, (max-width: 800px) 100vw, 800px\" \/><\/figure>\n\n\n\n<p>Y, otra vez, <strong>se explic\u00f3 por qu\u00e9 la fumigaci\u00f3n no tiene los resultados que uno espera<\/strong>: \u201cLa importancia es evitar los criaderos del mosquito. La fumigaci\u00f3n dura unas horas y no va a cambiar todo lo dem\u00e1s. Puede crear falsas expectativas, porque la persona dice \u2018fumigu\u00e9, no tengo que hacer m\u00e1s nada\u2019, cuando en realidad no estamos trabajando realmente con el foco donde se va a desarrollar el mosquito\u201d, dijo Weis.\u00a0<\/p>\n\n\n\n<p class=\"has-large-font-size\"><strong>La novela de las paritarias suma otro cap\u00edtulo<\/strong><\/p>\n\n\n\n<p>Y as\u00ed como quien no quiere la cosa, el Intendente confirm\u00f3 no una, no dos, \u00a1tres! ofertas paritarias realizadas al sindicato en el marco de las negociaciones retomadas desde la declaraci\u00f3n de la conciliaci\u00f3n obligatoria.<\/p>\n\n\n\n<figure class=\"wp-block-image size-full\"><img data-recalc-dims=\"1\" loading=\"lazy\" decoding=\"async\" width=\"800\" height=\"445\" src=\"https:\/\/i0.wp.com\/cdnoticias.com\/wp-content\/uploads\/2024\/03\/wesner-01.jpg?resize=800%2C445&#038;ssl=1\" alt=\"\" class=\"wp-image-112025\" srcset=\"https:\/\/i0.wp.com\/cdnoticias.com\/wp-content\/uploads\/2024\/03\/wesner-01.jpg?w=800&amp;ssl=1 800w, https:\/\/i0.wp.com\/cdnoticias.com\/wp-content\/uploads\/2024\/03\/wesner-01.jpg?resize=300%2C167&amp;ssl=1 300w, https:\/\/i0.wp.com\/cdnoticias.com\/wp-content\/uploads\/2024\/03\/wesner-01.jpg?resize=768%2C427&amp;ssl=1 768w\" sizes=\"auto, (max-width: 800px) 100vw, 800px\" \/><\/figure>\n\n\n\n<p>No vamos a especificar nuevamente la noticia, los medios locales lo han hecho muy bien y seguro ya conoc\u00e9s los datos.<strong> Vayamos a la disputa que por lo bajo el Municipio y el gremio encabezado por Jos\u00e9 Stuppia tienen y se evidencia cada vez m\u00e1s.<\/strong><\/p>\n\n\n\n<p><strong>La gesti\u00f3n local insiste con marcar sus reglas del juego<\/strong>. No hay problema en negociar, pero no ser\u00e1 igual que lo que suced\u00eda en tiempos de Ezequiel Galli. Esto ya lo dijimos, pero nunca est\u00e1 de m\u00e1s recordarlo:<strong> no es ni mejor, ni peor, es distinto. <\/strong>Y a eso, uno entiende, se deben adaptar.<\/p>\n\n\n\n<p>El signo de cambio de l\u00f3gica m\u00e1s grande es la forma de comunicar las negociaciones:<strong> lo que antes surg\u00eda por los medios o en una asamblea de la que no todos participaban -y se enteraban por los medios- ahora sale de primera mano por el Intendente Wesner al correo electr\u00f3nico de cada uno de los trabajadores municipales.<\/strong><\/p>\n\n\n\n<p>En una nota con fecha del mi\u00e9rcoles pasado,<strong> Wesner le cont\u00f3 a los empleados c\u00f3mo fueron las negociaciones, con siete reuniones y una puesta en com\u00fan no solo en lo salarial sino tambi\u00e9n en las cuestiones con las que el STMO llev\u00f3 adelante medidas de fuerza, como el reclamo por las condiciones de seguridad e higiene en el Hospital.<\/strong><\/p>\n\n\n\n<p>Esa forma de comunicarse genera otro clima, otra expectativa y obviamente, otra presi\u00f3n para el gremio: trabajadores de diversos sectores admitieron a este newsletter que la oferta \u201cno es perfecta ni la m\u00e1s ideal\u201d pero que <strong><em>\u201ces bastante buena para los tiempos que corren\u201d. <\/em><\/strong>Y los tiempos que corren son r\u00e1pidos.<\/p>\n\n\n\n<p>No s\u00f3lo por la velocidad de la devaluaci\u00f3n e inflaci\u00f3n,<strong> literalmente porque se deben liquidar los sueldos y se necesita una respuesta. <\/strong>M\u00e1s presi\u00f3n para el sindicato.<\/p>\n\n\n\n<p><strong>La oferta final fue un aumento de 25%, 10% y 10%, sobre la base del mes de febrero y un bono de $ 80.000 para los trabajadores que perciban al mes de febrero de 2024 menos de $ 300.000 sin considerar las horas extras y asignaciones familiares o de $ 50.000 para los trabajadores que perciban entre $ 300.000 y $900.000, a percibir en los meses de marzo, abril y mayo, y por cada uno de los meses. A eso se le suma el presentismo, se le suma el \u201cPlan de reparaci\u00f3n\u201d de los trabajadores municipales, entre algunos etc\u00e9teras.<\/strong><\/p>\n\n\n\n<p>En paralelo se dej\u00f3 saber que el \u00e1rea de quir\u00f3fanos, el Hospital de Hinojo, y varios sectores de infraestructura ya est\u00e1n en obra para ofrecer no s\u00f3lo un mejor servicio al vecino, sino mejores condiciones laborales para los trabajadores, algo que el STMO hab\u00eda pedido con mucho \u00e9nfasis.<\/p>\n\n\n\n<figure class=\"wp-block-image size-full\"><img data-recalc-dims=\"1\" loading=\"lazy\" decoding=\"async\" width=\"800\" height=\"532\" src=\"https:\/\/i0.wp.com\/cdnoticias.com\/wp-content\/uploads\/2024\/03\/hospital-hinojo-marzo-20241.jpg?resize=800%2C532&#038;ssl=1\" alt=\"\" class=\"wp-image-112044\" srcset=\"https:\/\/i0.wp.com\/cdnoticias.com\/wp-content\/uploads\/2024\/03\/hospital-hinojo-marzo-20241.jpg?w=1000&amp;ssl=1 1000w, https:\/\/i0.wp.com\/cdnoticias.com\/wp-content\/uploads\/2024\/03\/hospital-hinojo-marzo-20241.jpg?resize=300%2C200&amp;ssl=1 300w, https:\/\/i0.wp.com\/cdnoticias.com\/wp-content\/uploads\/2024\/03\/hospital-hinojo-marzo-20241.jpg?resize=768%2C511&amp;ssl=1 768w, https:\/\/i0.wp.com\/cdnoticias.com\/wp-content\/uploads\/2024\/03\/hospital-hinojo-marzo-20241.jpg?resize=272%2C182&amp;ssl=1 272w\" sizes=\"auto, (max-width: 800px) 100vw, 800px\" \/><\/figure>\n\n\n\n<p>Adem\u00e1s, Wesner se plant\u00f3 en dejar expl\u00edcito el error conceptual que tiene el sindicato con su visi\u00f3n de \u201crepartir en partes iguales\u201d el dinero disponible para aumentos salariales.\u201cla propuesta del Sindicato no calcula, en el monto a repartir por trabajador, que el valor individual por trabajador que pasar\u00eda como remunerativo (e ir\u00eda al b\u00e1sico) trae aparejados su r\u00e9plica en conceptos tales como antig\u00fcedad, turnos prolongados, horas extras, aportes patronales, que hacen que el monto que se comunica no sea el correcto sino considerablemente inferior, atento a que esos conceptos hay que descont\u00e1rselos al monto que se pretende otorgar como suma fija\u201d. Justamente, valoraron el instrumento de suma fija teniendo en cuenta la situaci\u00f3n econ\u00f3mica de la comuna, que a\u00fan contin\u00faa en rojo Ferrari.<\/p>\n\n\n\n<p>El sindicato, con la presi\u00f3n de llevar una respuesta que adem\u00e1s responda a las necesidades de los trabajadores, volvi\u00f3 a exponer que se enteraron de la oferta del Ejecutivo \u201cpor ustedes\u201d teniendo en cuenta la nota enviada por Wesner a los trabajadores.<strong> Y, otra vez, marcaron la diferencia que el Intendente ya hab\u00eda explicado en su nota: \u201cestamos de acuerdo con la masa de dinero para la recomposici\u00f3n salarial\u201d pero \u201cno en su distribuci\u00f3n\u201d y agregaron que \u201clos aumentos por % del Ejecutivo contin\u00faan perpetuando a los compa\u00f1eros a la indigencia\u201d.<\/strong><\/p>\n\n\n\n<p>\u201cTodos los % son con base a febrero, es decir no son acumulativos\u201d, continuaron y reiteraron que \u201cnos verbalizaron que tienen 2 mil millones a repartir en 3 meses\u201d por lo tanto la propuesta que sostuvieron consiste en que \u201c2 mil millones dividido 3 meses, da aproximadamente 666 millones cada mes\u201d y \u201cdividido 2400 trabajadores da aproximadamente 277 mil pesos brutos por trabajador\/a\u201d. Para reiterar, Wesner ac\u00e1 deja en claro que no se contemplan otros \u00edtems en los recibos de sueldo que hacen la diferencia en la suba.&nbsp;<\/p>\n\n\n\n<p><strong>\u201cEn los cuatro meses de gesti\u00f3n hemos perdido m\u00e1s de 30 puntos de poder adquisitivo como consecuencia de una injusta distribuci\u00f3n del dinero\u201d y se mostraron \u201cabiertos al di\u00e1logo\u201d<\/strong> no sin antes convocar a una asamblea este lunes en inmediaciones del Hospital.\u00a0<\/p>\n\n\n\n<p>Ser\u00e1 interesante ver, adem\u00e1s, la convocatoria y el an\u00e1lisis de la oferta por parte del gremio:<strong> la \u00faltima vez que se realiz\u00f3 la asamblea en el Hospital, la convocatoria no fue la esperada e incluso se expusieron diferencias con la Asociaci\u00f3n de Profesionales que dieron pie al quiebre. <\/strong>Hoy con un conflicto abierto, \u00bfse los ver\u00e1 juntos en este encuentro?<\/p>\n\n\n\n<figure class=\"wp-block-image size-full\"><img data-recalc-dims=\"1\" loading=\"lazy\" decoding=\"async\" width=\"800\" height=\"445\" src=\"https:\/\/i0.wp.com\/cdnoticias.com\/wp-content\/uploads\/2024\/02\/stmo-asamblea-febrero-20204-01.jpg?resize=800%2C445&#038;ssl=1\" alt=\"\" class=\"wp-image-107991\" srcset=\"https:\/\/i0.wp.com\/cdnoticias.com\/wp-content\/uploads\/2024\/02\/stmo-asamblea-febrero-20204-01.jpg?w=800&amp;ssl=1 800w, https:\/\/i0.wp.com\/cdnoticias.com\/wp-content\/uploads\/2024\/02\/stmo-asamblea-febrero-20204-01.jpg?resize=300%2C167&amp;ssl=1 300w, https:\/\/i0.wp.com\/cdnoticias.com\/wp-content\/uploads\/2024\/02\/stmo-asamblea-febrero-20204-01.jpg?resize=768%2C427&amp;ssl=1 768w\" sizes=\"auto, (max-width: 800px) 100vw, 800px\" \/><\/figure>\n\n\n\n<p>Otra vez final abierto para una negociaci\u00f3n paritaria. Mientras, podemos sospechar que \u201caumento por decreto\u201d est\u00e1 en el banco de suplentes a punto de salir a hacer el calentamiento previo.<\/p>\n\n\n\n<p>Tambi\u00e9n vale mencionarlo en este punto porque form\u00f3 parte de las negociaciones. <strong>Como gestos que Wesner muestra hacia afuera de gesti\u00f3n, pero hacia dentro con los trabajadores, estuvo en el Hospital de Hinojo donde anunci\u00f3 obras pero tambi\u00e9n se expuso el mal estado edilicio.<\/strong> \u201cEs preocupante la situaci\u00f3n en la que encontramos la infraestructura de este lugar\u201d, expres\u00f3 Wesner al tiempo que detall\u00f3: \u201cFiltraciones, techos ca\u00eddos, salas directamente clausuradas, mobiliario muy antiguo, una instalaci\u00f3n el\u00e9ctrica muy precaria. Se nota la falta de inversi\u00f3n y el abandono durante a\u00f1os\u201d. Miren c\u00f3mo los temas se van hilando, aunque llueva 116 o se negocie una paritaria\u2026<\/p>\n\n\n\n<p class=\"has-large-font-size\"><strong>Suban al colectivo con subsidio<\/strong><\/p>\n\n\n\n<p>Finalmente, y tambi\u00e9n con tiempos cada vez m\u00e1s apretados, <strong>el Municipio confirm\u00f3 que el boleto de transporte urbano subir\u00e1 a 550 pesos. <\/strong>Hace una semana les dec\u00edamos que era entre 550 y 600 pesos, \u201cm\u00e1s tirando a 550\u201d. Bueno, literalmente fue esa cifra.\u00a0<\/p>\n\n\n\n<figure class=\"wp-block-image size-full\"><img data-recalc-dims=\"1\" loading=\"lazy\" decoding=\"async\" width=\"800\" height=\"445\" src=\"https:\/\/i0.wp.com\/cdnoticias.com\/wp-content\/uploads\/2023\/05\/colectivo-las-sierras-interurbano-0.jpg?resize=800%2C445&#038;ssl=1\" alt=\"\" class=\"wp-image-85719\" srcset=\"https:\/\/i0.wp.com\/cdnoticias.com\/wp-content\/uploads\/2023\/05\/colectivo-las-sierras-interurbano-0.jpg?w=800&amp;ssl=1 800w, https:\/\/i0.wp.com\/cdnoticias.com\/wp-content\/uploads\/2023\/05\/colectivo-las-sierras-interurbano-0.jpg?resize=300%2C167&amp;ssl=1 300w, https:\/\/i0.wp.com\/cdnoticias.com\/wp-content\/uploads\/2023\/05\/colectivo-las-sierras-interurbano-0.jpg?resize=768%2C427&amp;ssl=1 768w\" sizes=\"auto, (max-width: 800px) 100vw, 800px\" \/><\/figure>\n\n\n\n<p>El boleto final del transporte urbano dista y mucho de lo que se esperaba tras la quita del Fondo Compensador del Transporte. \u00bfSe acuerdan que Federico Aguilera hab\u00eda adelantado un boleto cercano a los 1000 pesos sin subsidios? Bueno, la herramienta para evitar el fuerte impacto se implement\u00f3\u2026en Olavarr\u00eda.<\/p>\n\n\n\n<p>En total,<strong> ser\u00e1n 53 millones de pesos por mes para subvencionar el valor de dos boletos importantes: 31 millones ser\u00e1n para financiar el Boleto Estudiantil Gratuito que, tal como se hab\u00eda adelantado, se har\u00eda todo lo posible para sostenerlo; mientras que 23 millones de pesos ser\u00e1n para subsidiar el 40% del pasaje del total.\u00a0<\/strong><\/p>\n\n\n\n<p>Si analizamos lo que expusieron las empresas de transporte urbano e interurbano en la Mesa de Emergencia del Transporte, tanto \u201cTu Bus\u201d y \u201cLas Sierras\u201d informaron que ten\u00edan un d\u00e9ficit superior al 200% frente al aumento de los costos, lo que implicaba un incremento del valor de $875 en la tarifa plana de l\u00ednea urbana y alrededor de $900 en la interurbana para garantizar que las empresas vuelvan a regularizar su servicio.<\/p>\n\n\n\n<figure class=\"wp-block-image size-large\"><img data-recalc-dims=\"1\" loading=\"lazy\" decoding=\"async\" width=\"800\" height=\"533\" src=\"https:\/\/i0.wp.com\/cdnoticias.com\/wp-content\/uploads\/2024\/03\/mesa-1.jpg?resize=800%2C533&#038;ssl=1\" alt=\"\" class=\"wp-image-110708\" srcset=\"https:\/\/i0.wp.com\/cdnoticias.com\/wp-content\/uploads\/2024\/03\/mesa-1.jpg?resize=1024%2C682&amp;ssl=1 1024w, https:\/\/i0.wp.com\/cdnoticias.com\/wp-content\/uploads\/2024\/03\/mesa-1.jpg?resize=300%2C200&amp;ssl=1 300w, https:\/\/i0.wp.com\/cdnoticias.com\/wp-content\/uploads\/2024\/03\/mesa-1.jpg?resize=768%2C512&amp;ssl=1 768w, https:\/\/i0.wp.com\/cdnoticias.com\/wp-content\/uploads\/2024\/03\/mesa-1.jpg?resize=1536%2C1023&amp;ssl=1 1536w, https:\/\/i0.wp.com\/cdnoticias.com\/wp-content\/uploads\/2024\/03\/mesa-1.jpg?resize=272%2C182&amp;ssl=1 272w, https:\/\/i0.wp.com\/cdnoticias.com\/wp-content\/uploads\/2024\/03\/mesa-1.jpg?w=1600&amp;ssl=1 1600w\" sizes=\"auto, (max-width: 800px) 100vw, 800px\" \/><\/figure>\n\n\n\n<p>De todas maneras -y con aumento incluido- las empresas no pueden normalizar inmediatamente el servicio. Es por ello que <strong>se determin\u00f3 reconocer la estructura de costo del boleto y se consensuaron \u201cservicios esenciales\u201d para garantizar frecuencias m\u00e1ximas de 22 minutos en horarios picos.\u00a0<\/strong><\/p>\n\n\n\n<p>Un dato no menor es que<strong> el subsidio de la tarifa plana es una medida \u201ctransitoria\u201d del Municipio \u201cpor la emergencia\u201d. Es decir, mientras tanto buscar\u00e1n otras opciones para evitar subas considerables en el transporte p\u00fablico.\u00a0<\/strong><\/p>\n\n\n\n<p>Si bien en el comunicado emitido por el Municipio se indic\u00f3 que hubo un an\u00e1lisis de las estructuras de costos por parte de todos los sectores que conforman la Mesa de Emergencia -entre ellas Ahora Olavarr\u00eda- <strong>el espacio que a\u00fan encabeza Celeste Arouxet emiti\u00f3 una nota pidiendo informaci\u00f3n \u201cante el silencio por parte del Departamento Ejecutivo y a la falta de informaci\u00f3n que tenemos en el Concejo Deliberante en cuanto al c\u00e1lculo del boleto y los subsidios otorgados\u201d. <\/strong>\u00bfSe discutir\u00e1 este tema en la pr\u00f3xima reuni\u00f3n de la Mesa?<\/p>\n\n\n\n<p><strong>Son seis puntos entre los que se destacan el detalle del c\u00e1lculo del costo del boleto urbano e interurbano<\/strong> (corte de boleto estimado en todos sus niveles, kil\u00f3metros de dise\u00f1o de la propuesta mensual promedio y pasajeros promedios diferenciando los boletos estudiantiles) sumado a si se present\u00f3 la documentaci\u00f3n correspondiente a las frecuencias, las auditor\u00edas y las estructuras de costos. Es decir, lo que el bloque libertario hab\u00eda pedido unos d\u00edas antes de la reuni\u00f3n de la Mesa de Emergencia del Transporte.<\/p>\n\n\n\n<p class=\"has-large-font-size\"><strong>Trabajadores despedidos de Anses<\/strong><\/p>\n\n\n\n<figure class=\"wp-block-image size-full\"><img data-recalc-dims=\"1\" loading=\"lazy\" decoding=\"async\" width=\"800\" height=\"445\" src=\"https:\/\/i0.wp.com\/cdnoticias.com\/wp-content\/uploads\/2023\/02\/anses-fachada.jpg?resize=800%2C445&#038;ssl=1\" alt=\"\" class=\"wp-image-77853\" srcset=\"https:\/\/i0.wp.com\/cdnoticias.com\/wp-content\/uploads\/2023\/02\/anses-fachada.jpg?w=800&amp;ssl=1 800w, https:\/\/i0.wp.com\/cdnoticias.com\/wp-content\/uploads\/2023\/02\/anses-fachada.jpg?resize=300%2C167&amp;ssl=1 300w, https:\/\/i0.wp.com\/cdnoticias.com\/wp-content\/uploads\/2023\/02\/anses-fachada.jpg?resize=768%2C427&amp;ssl=1 768w\" sizes=\"auto, (max-width: 800px) 100vw, 800px\" \/><\/figure>\n\n\n\n<p>Mientras la resoluci\u00f3n por la designaci\u00f3n de Celeste Arouxet se hace esperar (al menos p\u00fablicamente), <strong>el gobierno nacional sostiene su pol\u00edtica de motosierra y ech\u00f3 a m\u00e1s de 1.300 trabajadores de Anses en todo el pa\u00eds.\u00a0<\/strong><\/p>\n\n\n\n<p>Lamentablemente, <strong>hubo olavarrienses en esa lista y la UDAI local tuvo despidos que se suman a los del Centro de Referencia del Ministerio de Capital Humano, el despido de un trabajador de la Agencia Nacional de Discapacidad, entre otros ceses en dependencias nacionales.\u00a0<\/strong><\/p>\n\n\n\n<p>Particularmente lo sucedido en Anses parece un paso m\u00e1s: <strong>en esta lucha cultural del supuesto \u201cdespido de \u00f1oquis\u201d que busca imponer Javier Milei, en el camino quedan personas, sus historias, proyectos y familias. Tambi\u00e9n un intento -perverso, por cierto- de echar a personas que militan ideas, algo que forma parte de su vida, <\/strong>como las de los que creemos leen este newsletter. Una forma de concebir el mundo. <strong>\u00bfEsa sola raz\u00f3n es v\u00e1lida para un despido?<\/strong><\/p>\n\n\n\n<p>La Jefa de Gabinete Mercedes Land\u00edvar se solidariz\u00f3 con los trabajadores y expres\u00f3 que <strong>\u201cesto ya lo vivimos en el 2016 y volvemos a vivirlo nuevamente, persecuci\u00f3n a quienes todos los d\u00edas trabajan con dedicaci\u00f3n y responsabilidad\u201d.<\/strong><\/p>\n\n\n\n<p>Dedic\u00f3 sentidas palabras a dos de los trabajadores en particular por \u201csu dedicaci\u00f3n, compromiso y amorosidad para con el otro, algo que cada vez hace m\u00e1s falta. <strong>Siempre juntos, nada nos va a amedrentar, al odio se le gana con m\u00e1s amor<\/strong>\u201d dijo la funcionaria.<\/p>\n\n\n\n<p>Veremos c\u00f3mo contin\u00faa esta historia porque a\u00fan le faltan cap\u00edtulos: se estiman despidos masivos en diversos sectores de todo el Estado Nacional y eso puede acarrear consecuencias m\u00e1s profundas.&nbsp;<\/p>\n\n\n\n<p class=\"has-large-font-size\"><strong>Memoria, verdad, justicia<\/strong><\/p>\n\n\n\n<figure class=\"wp-block-image size-large\"><img data-recalc-dims=\"1\" loading=\"lazy\" decoding=\"async\" width=\"800\" height=\"445\" src=\"https:\/\/i0.wp.com\/cdnoticias.com\/wp-content\/uploads\/2024\/03\/libro-memoria2.jpg?resize=800%2C445&#038;ssl=1\" alt=\"\" class=\"wp-image-111980\" srcset=\"https:\/\/i0.wp.com\/cdnoticias.com\/wp-content\/uploads\/2024\/03\/libro-memoria2-scaled.jpg?resize=1024%2C570&amp;ssl=1 1024w, https:\/\/i0.wp.com\/cdnoticias.com\/wp-content\/uploads\/2024\/03\/libro-memoria2-scaled.jpg?resize=300%2C167&amp;ssl=1 300w, https:\/\/i0.wp.com\/cdnoticias.com\/wp-content\/uploads\/2024\/03\/libro-memoria2-scaled.jpg?resize=768%2C427&amp;ssl=1 768w, https:\/\/i0.wp.com\/cdnoticias.com\/wp-content\/uploads\/2024\/03\/libro-memoria2-scaled.jpg?resize=1536%2C854&amp;ssl=1 1536w, https:\/\/i0.wp.com\/cdnoticias.com\/wp-content\/uploads\/2024\/03\/libro-memoria2-scaled.jpg?resize=2048%2C1139&amp;ssl=1 2048w, https:\/\/i0.wp.com\/cdnoticias.com\/wp-content\/uploads\/2024\/03\/libro-memoria2-scaled.jpg?resize=800%2C445&amp;ssl=1 800w, https:\/\/i0.wp.com\/cdnoticias.com\/wp-content\/uploads\/2024\/03\/libro-memoria2-scaled.jpg?w=1600&amp;ssl=1 1600w, https:\/\/i0.wp.com\/cdnoticias.com\/wp-content\/uploads\/2024\/03\/libro-memoria2-scaled.jpg?w=2400&amp;ssl=1 2400w\" sizes=\"auto, (max-width: 800px) 100vw, 800px\" \/><\/figure>\n\n\n\n<p>Son banderas eternas que construimos con el legado de la historia de este pa\u00eds: la defensa de los derechos humanos. <strong>Nacidas desde el dolor, sostenidas desde la fortaleza de madres y abuelas que no claudicaron en su lucha, basadas en la convicci\u00f3n de que la acci\u00f3n de la justicia es un deber del estado.<\/strong><\/p>\n\n\n\n<p>Hoy esas banderas parecen estar en duda.<strong> Otros vientos soplan que pretendiendo hacernos mirar para otro lado, se referencian en el pasado m\u00e1s oscuro.<\/strong><\/p>\n\n\n\n<p>Para no olvidar de d\u00f3nde venimos repasemos lo que pas\u00f3 hace pocos d\u00edas: desde la Facultad de Ciencias Sociales <a href=\"https:\/\/www.soc.unicen.edu.ar\/index.php\/noticias\/5471-a-sala-llena-se-presentaron-dos-producciones-que-reivindican-la-memoria-la-verdad-y-la-justicia\" target=\"_blank\" rel=\"noreferrer noopener\">se present\u00f3 el \u201cInforme de la Verdad y la Justicia\u201d -una continuaci\u00f3n del trabajo desarrollado en 2001 desde el HCD local- y la p\u00e1gina web del Espacio de Memoria Monte Pelloni.<\/a> Para este acto, estuvo el subsecretario de Derechos Humanos de la Provincia, Mat\u00edas Moreno.<\/p>\n\n\n\n<p>En tanto, para <strong>hoy se program\u00f3 la sesi\u00f3n especial del Concejo Deliberante que comenzar\u00e1 a las 12 en Monte Pelloni. Habr\u00e1 dos proyectos en debate, ambos presentados por Uni\u00f3n Por la Patria: una manifestaci\u00f3n por el &#8220;Sendero de la Memoria&#8221; y la plantaci\u00f3n de \u00e1rboles en el Parque de la Memoria y otra expresi\u00f3n de &#8220;repudio y rechazo&#8221; al caso registrado en Bah\u00eda Blanca de &#8220;atentado contra la vida contra una integrante de la Agrupaci\u00f3n HIJOS&#8221;.<\/strong><\/p>\n\n\n\n<p>A las 16 la Comisi\u00f3n por la Memoria convoc\u00f3 a un acto en el Parque de la Memoria y una marcha \u201cA 48 a\u00f1os del golpe genocida, 30 mil razones para defender la Patria, nunca m\u00e1s miseria planificada\u201d. Cuenta con el apoyo de la Coordinadora \u201cMemoria, Verdad y Justicia\u201d Olavarr\u00eda que defini\u00f3 que se har\u00e1 una \u201cmarcha unificada&#8221; y tendr\u00e1 como punto de actividad el Paseo Mend\u00eda.<\/p>\n\n\n\n<p>En los primeros minutos de hoy, la Municipalidad emiti\u00f3 un spot que centraliza su mensaje en \u201cNunca m\u00e1s\u201d y pone la mirada en el rol de los medios de comunicaci\u00f3n. Con eso, <a href=\"https:\/\/www.facebook.com\/olavarriamunicipio\/videos\/hoy-m%C3%A1s-que-nunca-nunca-m%C3%A1s\/3838036676415868\/?mibextid=WC7FNe\" target=\"_blank\" rel=\"noreferrer noopener\">se habilit\u00f3 el acceso p\u00fablico a los ejemplares del diario El Popular que se imprimieron durante la \u00faltima dictadura c\u00edvico militar. Es un trabajo en proceso, se aclar\u00f3, pero nada de todo esto est\u00e1 de m\u00e1s.<\/a><\/p>\n\n\n\n<p>En estas \u00e9pocas en que la democracia est\u00e1 en riesgo y donde las relaciones pol\u00edticas (y las formas de relacionarnos en general) deber\u00edan estar en el centro de los an\u00e1lisis, la fecha no es una m\u00e1s. <strong>Por el presente y por el futuro, lo que fundamenta el constante ejercicio de la memoria, por la verdad y la justicia.<\/strong><\/p>\n\n\n\n<p class=\"has-large-font-size\"><strong>Movimientos partidarios<\/strong><\/p>\n\n\n\n<p>En los \u00faltimos d\u00edas hubo novedades de distintos sectores partidarios. Hay movimientos internos, que prefiguran los reacomodamientos en este nuevo contexto pos elecciones del a\u00f1o pasado y su mirada al futuro.<\/p>\n\n\n\n<figure class=\"wp-block-image size-large\"><img data-recalc-dims=\"1\" loading=\"lazy\" decoding=\"async\" width=\"800\" height=\"432\" src=\"https:\/\/i0.wp.com\/cdnoticias.com\/wp-content\/uploads\/2024\/03\/enderelobos.jpg?resize=800%2C432&#038;ssl=1\" alt=\"\" class=\"wp-image-112134\" srcset=\"https:\/\/i0.wp.com\/cdnoticias.com\/wp-content\/uploads\/2024\/03\/enderelobos-scaled.jpg?resize=1024%2C553&amp;ssl=1 1024w, https:\/\/i0.wp.com\/cdnoticias.com\/wp-content\/uploads\/2024\/03\/enderelobos-scaled.jpg?resize=300%2C162&amp;ssl=1 300w, https:\/\/i0.wp.com\/cdnoticias.com\/wp-content\/uploads\/2024\/03\/enderelobos-scaled.jpg?resize=768%2C415&amp;ssl=1 768w, https:\/\/i0.wp.com\/cdnoticias.com\/wp-content\/uploads\/2024\/03\/enderelobos-scaled.jpg?resize=1536%2C829&amp;ssl=1 1536w, https:\/\/i0.wp.com\/cdnoticias.com\/wp-content\/uploads\/2024\/03\/enderelobos-scaled.jpg?resize=2048%2C1106&amp;ssl=1 2048w, https:\/\/i0.wp.com\/cdnoticias.com\/wp-content\/uploads\/2024\/03\/enderelobos-scaled.jpg?w=1600&amp;ssl=1 1600w, https:\/\/i0.wp.com\/cdnoticias.com\/wp-content\/uploads\/2024\/03\/enderelobos-scaled.jpg?w=2400&amp;ssl=1 2400w\" sizes=\"auto, (max-width: 800px) 100vw, 800px\" \/><\/figure>\n\n\n\n<p>El diputado provincial Mart\u00edn Endere estuvo en Lobos, en el encuentro de legisladores nacionales y provinciales e intendentes del Pro bonaerense.<\/p>\n\n\n\n<p>\u00bfDe qu\u00e9 se habl\u00f3? Debatieron sobre \u201cel futuro\u201d del partido y dieron un \u201cfuerte apoyo\u201d a la nueva conducci\u00f3n nacional de Mauricio Macri y Soledad Mart\u00ednez.<strong> \u201cFue un momento oportuno para planificar el futuro y hacer las correcciones necesarias\u201d dijo Endere.<\/strong><\/p>\n\n\n\n<p>El Pro oficializ\u00f3 su jugada del lado del oficialismo nacional: \u201csomos conscientes que la sociedad ped\u00eda un cambio profundo para la conducci\u00f3n del pa\u00eds y en este sentido es que el PRO es el garante de la gobernabilidad del Presidente\u201d en palabras de Endere.<\/p>\n\n\n\n<p>Interesante, porque adem\u00e1s este newsletter logr\u00f3 saber que los cuestionamientos a Milei estuvieron.<strong> El Pro intent\u00f3 plantarse como una \u201cgarant\u00eda republicana\u201d de sostener las instituciones en caso de que el gobierno del liberar libertario termine antes. No es un deseo, es un an\u00e1lisis: el inminente aumento feroz de las tarifas -se habla de un 600% en el gas, por ejemplo- ser\u00eda suficiente para que la ciudadan\u00eda diga basta.\u00a0<\/strong><\/p>\n\n\n\n<p>Pero ojo, <strong>del lado bullrichista tambi\u00e9n hubo novedades a nivel S\u00e9ptima secci\u00f3n. Se inform\u00f3 que hubo reuni\u00f3n en el Ministerio de Seguridad de la Naci\u00f3n con distintas autoridades del organismo.<\/strong><\/p>\n\n\n\n<p><strong>All\u00ed estuvo la olavarriense Andrea Coronel<\/strong>: \u201cacompa\u00f1amos al Gobierno como nos ha pedido la ministra Patricia Bullrich\u201d dijo. Y no, no hubo foto con Patricia.\u00a0<\/p>\n\n\n\n<p>Del otro lado tambi\u00e9n hay cosas para contar. <strong>El massismo tambi\u00e9n se reagrupa. Se realiz\u00f3 el Congreso Nacional del Frente Renovador y all\u00ed estuvo Eduardo Rodr\u00edguez, congresal nacional en representaci\u00f3n de Olavarr\u00eda: \u201cse defini\u00f3 dar lugar a nuevas voces, nuevas ideas y propuestas provenientes de todas las provincias\u201d adelant\u00f3.<\/strong><\/p>\n\n\n\n<figure class=\"wp-block-image size-full\"><img data-recalc-dims=\"1\" loading=\"lazy\" decoding=\"async\" width=\"800\" height=\"449\" src=\"https:\/\/i0.wp.com\/cdnoticias.com\/wp-content\/uploads\/2024\/03\/congreso-fr1.jpg?resize=800%2C449&#038;ssl=1\" alt=\"\" class=\"wp-image-112106\" srcset=\"https:\/\/i0.wp.com\/cdnoticias.com\/wp-content\/uploads\/2024\/03\/congreso-fr1.jpg?w=800&amp;ssl=1 800w, https:\/\/i0.wp.com\/cdnoticias.com\/wp-content\/uploads\/2024\/03\/congreso-fr1.jpg?resize=300%2C168&amp;ssl=1 300w, https:\/\/i0.wp.com\/cdnoticias.com\/wp-content\/uploads\/2024\/03\/congreso-fr1.jpg?resize=768%2C431&amp;ssl=1 768w\" sizes=\"auto, (max-width: 800px) 100vw, 800px\" \/><\/figure>\n\n\n\n<p>Una fuente del espacio se\u00f1al\u00f3 que el pedido de Massa fue, adem\u00e1s, generar un \u201carmado distrital con una organizaci\u00f3n flexible y adecuada a los tiempos, al esp\u00edritu de \u00e9poca y militancia digital\u201d. Este \u00faltimo punto es m\u00e1s que interesante sobre todo porque es la arena de los libertarios, un espacio que ya se concibe como 100% pol\u00edtico y de trabajo territorial<strong>. Digital, pero territorial al fin.\u00a0<\/strong><\/p>\n\n\n\n<p>La idea es tener y trabajar<strong> \u201cun perfil propio de mirada del pa\u00eds con modelo de producci\u00f3n, un Estado eficiente haciendo eje en propuestas para Seguridad, Educaci\u00f3n y una sociedad democr\u00e1tica abierta y plural\u201d.<\/strong><\/p>\n\n\n\n<p>Diego Giuliano, diputado por Santa Fe, fue electo presidente. En abril se elegir\u00e1n autoridades del massismo de Olavarr\u00eda.<\/p>\n\n\n\n<p class=\"has-large-font-size\"><strong>Una audiencia \u2026 no vinculante<\/strong><\/p>\n\n\n\n<figure class=\"wp-block-image size-large\"><img data-recalc-dims=\"1\" loading=\"lazy\" decoding=\"async\" width=\"800\" height=\"480\" src=\"https:\/\/i0.wp.com\/cdnoticias.com\/wp-content\/uploads\/2022\/11\/audiencia-agua4.jpg?resize=800%2C480&#038;ssl=1\" alt=\"\" class=\"wp-image-69105\" srcset=\"https:\/\/i0.wp.com\/cdnoticias.com\/wp-content\/uploads\/2022\/11\/audiencia-agua4-scaled.jpg?resize=1024%2C614&amp;ssl=1 1024w, https:\/\/i0.wp.com\/cdnoticias.com\/wp-content\/uploads\/2022\/11\/audiencia-agua4-scaled.jpg?resize=300%2C180&amp;ssl=1 300w, https:\/\/i0.wp.com\/cdnoticias.com\/wp-content\/uploads\/2022\/11\/audiencia-agua4-scaled.jpg?resize=768%2C461&amp;ssl=1 768w, https:\/\/i0.wp.com\/cdnoticias.com\/wp-content\/uploads\/2022\/11\/audiencia-agua4-scaled.jpg?resize=1536%2C922&amp;ssl=1 1536w, https:\/\/i0.wp.com\/cdnoticias.com\/wp-content\/uploads\/2022\/11\/audiencia-agua4-scaled.jpg?resize=2048%2C1229&amp;ssl=1 2048w, https:\/\/i0.wp.com\/cdnoticias.com\/wp-content\/uploads\/2022\/11\/audiencia-agua4-scaled.jpg?w=1600&amp;ssl=1 1600w, https:\/\/i0.wp.com\/cdnoticias.com\/wp-content\/uploads\/2022\/11\/audiencia-agua4-scaled.jpg?w=2400&amp;ssl=1 2400w\" sizes=\"auto, (max-width: 800px) 100vw, 800px\" \/><\/figure>\n\n\n\n<p>Este lunes se realizar\u00e1 la audiencia para tratar el pedido de aumento de la tarifa de agua y cloacas de Coopelectric. La convocatoria es a las 19 en el CEMO.<\/p>\n\n\n\n<p>Ya lo contamos,<strong> la cooperativa pretende un incremento de 230%. El gerente Oscar L\u00f3pez estim\u00f3 que la mayor\u00eda de los usuarios pasar\u00e1n a pagar entre 5.000 y 6.000 pesos.<\/strong><\/p>\n\n\n\n<p>La inscripci\u00f3n para participar como oradores se realiz\u00f3 entre el 7 y el 20 de marzo. \u00bfCu\u00e1ntas personas se anotaron?<strong> Red alert: seg\u00fan pudimos saber, hay 11 personas registradas. Pero en realidad, s\u00f3lo tres ser\u00e1n oradores y los restantes dejaron sus preguntas para que sean respondidas en la audiencia.<\/strong><\/p>\n\n\n\n<p><strong>El escenario es similar a la \u00faltima audiencia que se hab\u00eda convocado en noviembre de 2022, cuando Coopelectric ped\u00eda tambi\u00e9n casi 250% de aumento.<\/strong> En aquella ocasi\u00f3n, que tambi\u00e9n se hizo en el CEMO, hubo seis oradores de los cuales cuatro plantearon sus reparos sobre el pedido de suba y dos fueron a elogiar la conducci\u00f3n de la cooperativa.<\/p>\n\n\n\n<p><strong>A principios de marzo la Lista Verde -decidida a competir en las elecciones de Coopelectric de este a\u00f1o- anunci\u00f3 que no participar\u00eda de la audiencia y hace pocos d\u00edas consider\u00f3 \u201cun fracaso\u201d la audiencia por la falta de anotados con cr\u00edticas a Coopelectric por la convocatoria. <\/strong>\u201cCuando la ciudadan\u00eda no participa, m\u00e1s arbitrarias son las decisiones de la secta de amigos que dirigen la instituci\u00f3n\u201d lanzaron. Tienen su propia convocatoria para \u2026 el d\u00eda siguiente: el martes a las 19 en 25 de Mayo 2627.<\/p>\n\n\n\n<p class=\"has-large-font-size\"><strong>Cortitas<\/strong><\/p>\n\n\n\n<p><strong>La Provincia sigue financiando cultura.<\/strong> Volvi\u00f3 la directora del Instituto Cultural de la provincia de Buenos Aires, Florencia Saintout esta semana y anunci\u00f3 apoyo para nuevas ediciones de los festivales de M\u00fasica, Teatro y Libros en Olavarr\u00eda. Adem\u00e1s, dijo que la Provincia tiene en carpeta la obra para convertir la ex estaci\u00f3n de tren de El Provincial en un centro cultural ya que Naci\u00f3n no asign\u00f3 los fondos que se hab\u00edan previsto el a\u00f1o pasado: \u201cla decisi\u00f3n es que esto se va a hacer\u201d afirm\u00f3 la funcionaria. Despu\u00e9s mantuvo una reuni\u00f3n interna con integrantes del sector cultural de Olavarr\u00eda.<\/p>\n\n\n\n<p><strong>Bali de regreso.<\/strong> El bolivarense Eduardo Bucca reasumi\u00f3 su banca en el Senado de la Provincia. Eso significa que Liliana Schwindt est\u00e1 en condiciones de volver a su banca en el Concejo Deliberante de Olavarr\u00eda. \u00bfLo har\u00e1 hoy en la sesi\u00f3n especial?<\/p>\n\n\n\n<p><strong>Quejas contra la suba del Inmobiliario Rural.<\/strong> Desde la Sociedad Rural de Olavarr\u00eda y los productores rurales autoconvocados expresaron rechazo al incremento impositivo que aplic\u00f3 la Provincia que llega a 600% y que, adem\u00e1s, se quit\u00f3 el descuento para los cumplidores. \u201cAumento confiscatorio\u201d y \u201crecaudar para seguir financiando el despilfarro provincial\u201d defini\u00f3 SRO. Los autoconvocados se diferenciaron: \u201cno discutimos la afectaci\u00f3n del dinero que corresponde al ejecutivo de turno, aunque nos gustar\u00eda que se destine m\u00e1s al desarrollo rural, pero s\u00ed rechazamos aumentos desmedidos y por encima de lo legislado\u201d.<\/p>\n\n\n\n<p><strong>Manifestaci\u00f3n por despidos en el Conicet.<\/strong> \u201cEn defensa del sistema cient\u00edfico universitario\u201d es el lema de la convocatoria para el lunes a las 18 en el Paseo Mend\u00eda. ATE pidi\u00f3 la renuncia del presidente del Conicet, Daniel Salamone.<\/p>\n\n\n\n<p class=\"has-large-font-size\"><strong>El newsletter<\/strong><\/p>\n\n\n\n<p>Esta publicaci\u00f3n es <a href=\"https:\/\/mailchi.mp\/81ae9da5b7b0\/las-claves-de-una-poltica-en-alerta?e=b6c762679c\">la edici\u00f3n de este domingo del newsletter Volver a las Fuentes<\/a> que escriben Alexis Grierson y Josefina Bargas.<a href=\"https:\/\/linktr.ee\/volveralasfuentes\"> Tiene un sistema de suscripci\u00f3n econ\u00f3mica y aportes \u00fanicos al que se puede acceder aqu\u00ed.<\/a><\/p>\n","protected":false},"excerpt":{"rendered":"<p>Los coletazos pol\u00edticos de las lluvias, tormentas y anegamientos en la ciudad y las localidades. Las paritarias municipales, con final<\/p>\n","protected":false},"author":2,"featured_media":111712,"comment_status":"closed","ping_status":"closed","sticky":false,"template":"","format":"standard","meta":{"_jetpack_memberships_contains_paid_content":false,"footnotes":""},"categories":[4,1],"tags":[],"class_list":["post-112152","post","type-post","status-publish","format-standard","has-post-thumbnail","hentry","category-politica","category-portada"],"jetpack_featured_media_url":"https:\/\/i0.wp.com\/cdnoticias.com\/wp-content\/uploads\/2024\/03\/WhatsApp-Image-2024-03-18-at-15.47.23.jpeg?fit=1600%2C1200&ssl=1","jetpack_sharing_enabled":true,"_links":{"self":[{"href":"https:\/\/cdnoticias.com\/index.php\/wp-json\/wp\/v2\/posts\/112152","targetHints":{"allow":["GET"]}}],"collection":[{"href":"https:\/\/cdnoticias.com\/index.php\/wp-json\/wp\/v2\/posts"}],"about":[{"href":"https:\/\/cdnoticias.com\/index.php\/wp-json\/wp\/v2\/types\/post"}],"author":[{"embeddable":true,"href":"https:\/\/cdnoticias.com\/index.php\/wp-json\/wp\/v2\/users\/2"}],"replies":[{"embeddable":true,"href":"https:\/\/cdnoticias.com\/index.php\/wp-json\/wp\/v2\/comments?post=112152"}],"version-history":[{"count":0,"href":"https:\/\/cdnoticias.com\/index.php\/wp-json\/wp\/v2\/posts\/112152\/revisions"}],"wp:featuredmedia":[{"embeddable":true,"href":"https:\/\/cdnoticias.com\/index.php\/wp-json\/wp\/v2\/media\/111712"}],"wp:attachment":[{"href":"https:\/\/cdnoticias.com\/index.php\/wp-json\/wp\/v2\/media?parent=112152"}],"wp:term":[{"taxonomy":"category","embeddable":true,"href":"https:\/\/cdnoticias.com\/index.php\/wp-json\/wp\/v2\/categories?post=112152"},{"taxonomy":"post_tag","embeddable":true,"href":"https:\/\/cdnoticias.com\/index.php\/wp-json\/wp\/v2\/tags?post=112152"}],"curies":[{"name":"wp","href":"https:\/\/api.w.org\/{rel}","templated":true}]}}