{"id":112146,"date":"2024-03-24T12:19:37","date_gmt":"2024-03-24T15:19:37","guid":{"rendered":"https:\/\/cdnoticias.com\/?p=112146"},"modified":"2024-03-24T12:20:02","modified_gmt":"2024-03-24T15:20:02","slug":"comenzo-la-campana-de-vacunacion-antigripal-2024","status":"publish","type":"post","link":"https:\/\/cdnoticias.com\/index.php\/2024\/03\/24\/comenzo-la-campana-de-vacunacion-antigripal-2024\/","title":{"rendered":"Comenz\u00f3 la Campa\u00f1a de Vacunaci\u00f3n Antigripal 2024"},"content":{"rendered":"\n<p><\/p>\n\n\n\n<p>Su aplicaci\u00f3n es gratuita y se encuentra disponible en todos los vacunatorios de la provincia de Buenos Aires. \u00bfQui\u00e9nes tienen que vacunarse?<\/p>\n\n\n\n<hr class=\"wp-block-separator has-alpha-channel-opacity\"\/>\n\n\n\n<p>La vacuna antigripal est\u00e1 disponible desde el 21 de marzo en todos los vacunatorios de la provincia de Buenos Aires y <strong>su aplicaci\u00f3n gratuita se realizar\u00e1 de forma escalonada, de acuerdo al nivel de riesgo de cada grupo.<\/strong><\/p>\n\n\n\n<p><\/p>\n\n\n\n<p><strong>\u00bfQui\u00e9nes tienen que vacunarse?<\/strong><\/p>\n\n\n\n<p><\/p>\n\n\n\n<p>-Personal de salud.<\/p>\n\n\n\n<p>-Mayores de 65 a\u00f1os.<\/p>\n\n\n\n<p>-Personas embarazadas (en cualquier trimestre de gestaci\u00f3n).<\/p>\n\n\n\n<p>-Personas pu\u00e9rperas (dentro de los 10 d\u00edas posteriores al parto, preferentemente antes del egreso de la maternidad).<\/p>\n\n\n\n<p>-Ni\u00f1os y ni\u00f1as de entre 6 meses y 2 a\u00f1os.<\/p>\n\n\n\n<p>-Personas de 2 a 64 a\u00f1os con factores de riesgo.<\/p>\n\n\n\n<p>-Personal estrat\u00e9gico.<\/p>\n\n\n\n<p><\/p>\n\n\n\n<p>La <strong>primera etapa<\/strong> comenz\u00f3 a partir del 21 de marzo para <strong>personas embarazadas, personal de salud y mayores de 65.<\/strong><\/p>\n\n\n\n<p><\/p>\n\n\n\n<p>Quienes est\u00e9n<strong> transitando las semanas 32 a 36 de embarazo, tambi\u00e9n podr\u00e1n acceder a la nueva vacuna obligatoria y gratuita, contra el Virus Sincicial Respiratorio (VSR),<\/strong> que previene las formas graves de la bronquiolitis en las y los beb\u00e9s.<\/p>\n\n\n\n<p><\/p>\n\n\n\n<p>Vacunarse cada a\u00f1o reduce las complicaciones, hospitalizaciones, muertes y secuelas ocasionadas por la gripe en los grupos de mayor riesgo y nos protege en los meses de mayor circulaci\u00f3n del virus.<\/p>\n\n\n\n<p><\/p>\n\n\n\n<p>La vacuna <strong>es gratuita<\/strong>, no requiere orden m\u00e9dica y puede aplicarse junto a otras vacunas como la de COVID-19, la vacuna contra el neumococo u otras del Calendario Nacional.<\/p>\n","protected":false},"excerpt":{"rendered":"<p>Su aplicaci\u00f3n es gratuita y se encuentra disponible en todos los vacunatorios de la provincia de Buenos Aires. \u00bfQui\u00e9nes tienen<\/p>\n","protected":false},"author":2,"featured_media":80860,"comment_status":"closed","ping_status":"closed","sticky":false,"template":"","format":"standard","meta":{"_jetpack_memberships_contains_paid_content":false,"footnotes":""},"categories":[6,1],"tags":[],"class_list":["post-112146","post","type-post","status-publish","format-standard","has-post-thumbnail","hentry","category-nacionales","category-portada"],"jetpack_featured_media_url":"https:\/\/i0.wp.com\/cdnoticias.com\/wp-content\/uploads\/2023\/03\/vacuna-antigripal.jpg?fit=800%2C445&ssl=1","jetpack_sharing_enabled":true,"_links":{"self":[{"href":"https:\/\/cdnoticias.com\/index.php\/wp-json\/wp\/v2\/posts\/112146","targetHints":{"allow":["GET"]}}],"collection":[{"href":"https:\/\/cdnoticias.com\/index.php\/wp-json\/wp\/v2\/posts"}],"about":[{"href":"https:\/\/cdnoticias.com\/index.php\/wp-json\/wp\/v2\/types\/post"}],"author":[{"embeddable":true,"href":"https:\/\/cdnoticias.com\/index.php\/wp-json\/wp\/v2\/users\/2"}],"replies":[{"embeddable":true,"href":"https:\/\/cdnoticias.com\/index.php\/wp-json\/wp\/v2\/comments?post=112146"}],"version-history":[{"count":0,"href":"https:\/\/cdnoticias.com\/index.php\/wp-json\/wp\/v2\/posts\/112146\/revisions"}],"wp:featuredmedia":[{"embeddable":true,"href":"https:\/\/cdnoticias.com\/index.php\/wp-json\/wp\/v2\/media\/80860"}],"wp:attachment":[{"href":"https:\/\/cdnoticias.com\/index.php\/wp-json\/wp\/v2\/media?parent=112146"}],"wp:term":[{"taxonomy":"category","embeddable":true,"href":"https:\/\/cdnoticias.com\/index.php\/wp-json\/wp\/v2\/categories?post=112146"},{"taxonomy":"post_tag","embeddable":true,"href":"https:\/\/cdnoticias.com\/index.php\/wp-json\/wp\/v2\/tags?post=112146"}],"curies":[{"name":"wp","href":"https:\/\/api.w.org\/{rel}","templated":true}]}}