{"id":11210,"date":"2021-01-13T08:21:33","date_gmt":"2021-01-13T11:21:33","guid":{"rendered":"http:\/\/www.centraldenoticias.com.ar\/?p=11210"},"modified":"2021-01-13T10:59:49","modified_gmt":"2021-01-13T13:59:49","slug":"organizadores-de-eventos-10-meses-sin-trabajar","status":"publish","type":"post","link":"https:\/\/cdnoticias.com\/index.php\/2021\/01\/13\/organizadores-de-eventos-10-meses-sin-trabajar\/","title":{"rendered":"Organizadores de eventos, 10 meses sin trabajar"},"content":{"rendered":"<p>\u201cTodos los que hacemos eventos estamos capacitados para cuidar a la gente y sabemos de resolver eventualidades\u201d dijo la empresaria Cristina Melo, integrante de la agrupaci\u00f3n local Apseo.<!--more--><\/p>\n<hr \/>\n<p>\u201cSomos un servicio de catering, ambientaci\u00f3n y renta de insumos para eventos. Es una empresa familiar, estamos trabajando hace ya m\u00e1s de 20 a\u00f1os\u201d cont\u00f3 <strong>Cristina Melo<\/strong>, la empresaria local que se refiri\u00f3 al rubro que desde el inicio de la pandemia no logr\u00f3 volver al trabajo. En el plano local conformaron <strong>una agrupaci\u00f3n de proveedores de servicios para eventos de Olavarr\u00eda (Apseo) y esperan la venia de la Provincia.<\/strong><\/p>\n<blockquote><p>\u201cEstamos desde el principio de la pandemia luchando para que se habiliten los eventos\u201d cont\u00f3 a Central de Noticias.<\/p><\/blockquote>\n<p><strong>En las oportunidades en que se han habilitado las reuniones sociales, se permiten al aire libre<\/strong>. Pero desde Apseo piden \u201cque se habiliten los salones, porque estamos autorizados para realizar eventos pero faltan los lugares f\u00edsicos\u201d. Cristina destac\u00f3 que \u201c<strong>el mejor lugar para un evento con cuidado de los protocolos es un sal\u00f3n de eventos por la capacidad que tiene<\/strong>, pensamos que estar\u00eda mucho m\u00e1s cuidada la gente en un sal\u00f3n y no en un restaurant\u201d.<\/p>\n<p><strong>La agrupaci\u00f3n present\u00f3 el pedido a la Municipalidad con un proyecto de protocolo<\/strong>, el cual se elev\u00f3 a la gesti\u00f3n provincial pero nunca fue habilitado. En ese marco, <strong>lleg\u00f3 incluso a debatirse en el Concejo Deliberante<\/strong> donde <strong>a fines de diciembre se aprob\u00f3 por unanimidad<\/strong> la solicitud a la Jefatura de Gabinete bonaerense. Integrantes de Apseo estuvieron presentes en aquella sesi\u00f3n legislativa.<\/p>\n<p><strong>\u201cSomos uno de los sectores que estamos con ingreso cero desde el inicio de la pandemia\u201d<\/strong> defini\u00f3 la empresaria para se\u00f1alar que \u201cpensamos que por ah\u00ed, en esta \u00e9poca de verano y calor es m\u00e1s factible empezar a trabajar porque en invierno se puede complicar m\u00e1s. No se sabe, es tan incierto\u201d.<\/p>\n<blockquote><p>En ese marco, dej\u00f3 en claro que \u201ctodos los que hacemos eventos estamos capacitados para cuidar a la gente y sabemos de resolver eventualidades. Consideramos que somos los que m\u00e1s preparados estamos\u201d.<\/p><\/blockquote>\n<p>M\u00e1s de 100 personas integran Apseo, que conforman empresas de distintos tama\u00f1os, algunas con empleados en relaci\u00f3n de dependencia y hasta con compromisos como alquileres. <strong>\u201cHay empresas que tienden a desaparecer y otras que ya han desaparecido, porque al tener ingreso cero quedamos afuera del sistema\u201d<\/strong> lament\u00f3 Cristina.<\/p>\n","protected":false},"excerpt":{"rendered":"<p>\u201cTodos los que hacemos eventos estamos capacitados para cuidar a la gente y sabemos de resolver eventualidades\u201d dijo la empresaria<\/p>\n","protected":false},"author":4,"featured_media":11212,"comment_status":"closed","ping_status":"closed","sticky":false,"template":"","format":"standard","meta":{"_jetpack_memberships_contains_paid_content":false,"footnotes":""},"categories":[5,1],"tags":[],"class_list":["post-11210","post","type-post","status-publish","format-standard","has-post-thumbnail","hentry","category-informacion-general","category-portada"],"jetpack_featured_media_url":"https:\/\/i0.wp.com\/cdnoticias.com\/wp-content\/uploads\/2021\/01\/hcd-reunion-cristina-melo.jpg?fit=1000%2C555&ssl=1","jetpack_sharing_enabled":true,"_links":{"self":[{"href":"https:\/\/cdnoticias.com\/index.php\/wp-json\/wp\/v2\/posts\/11210","targetHints":{"allow":["GET"]}}],"collection":[{"href":"https:\/\/cdnoticias.com\/index.php\/wp-json\/wp\/v2\/posts"}],"about":[{"href":"https:\/\/cdnoticias.com\/index.php\/wp-json\/wp\/v2\/types\/post"}],"author":[{"embeddable":true,"href":"https:\/\/cdnoticias.com\/index.php\/wp-json\/wp\/v2\/users\/4"}],"replies":[{"embeddable":true,"href":"https:\/\/cdnoticias.com\/index.php\/wp-json\/wp\/v2\/comments?post=11210"}],"version-history":[{"count":0,"href":"https:\/\/cdnoticias.com\/index.php\/wp-json\/wp\/v2\/posts\/11210\/revisions"}],"wp:featuredmedia":[{"embeddable":true,"href":"https:\/\/cdnoticias.com\/index.php\/wp-json\/wp\/v2\/media\/11212"}],"wp:attachment":[{"href":"https:\/\/cdnoticias.com\/index.php\/wp-json\/wp\/v2\/media?parent=11210"}],"wp:term":[{"taxonomy":"category","embeddable":true,"href":"https:\/\/cdnoticias.com\/index.php\/wp-json\/wp\/v2\/categories?post=11210"},{"taxonomy":"post_tag","embeddable":true,"href":"https:\/\/cdnoticias.com\/index.php\/wp-json\/wp\/v2\/tags?post=11210"}],"curies":[{"name":"wp","href":"https:\/\/api.w.org\/{rel}","templated":true}]}}