{"id":112096,"date":"2024-03-23T14:04:13","date_gmt":"2024-03-23T17:04:13","guid":{"rendered":"https:\/\/cdnoticias.com\/?p=112096"},"modified":"2024-03-23T14:11:37","modified_gmt":"2024-03-23T17:11:37","slug":"por-una-actualizacion-de-impuestos-aumentan-otra-vez-los-combustibles","status":"publish","type":"post","link":"https:\/\/cdnoticias.com\/index.php\/2024\/03\/23\/por-una-actualizacion-de-impuestos-aumentan-otra-vez-los-combustibles\/","title":{"rendered":"Por una actualizaci\u00f3n de impuestos, aumentan otra vez los combustibles"},"content":{"rendered":"\n<p>Las ventas cayeron 23% y m\u00e1s consumidores se pasan de premium a s\u00faper.<\/p>\n\n\n\n<hr class=\"wp-block-separator aligncenter has-alpha-channel-opacity\"\/>\n\n\n\n<p>El <strong>precio de los combustibles volver\u00e1 a aumentar en todo el pa\u00eds un 5% <\/strong>en promedio por la entrada de vigencia de un mecanismo de ajuste en un impuesto, en un contexto signado por una profunda recesi\u00f3n que impacto con fuerza en el sector, que <strong>registra una ca\u00edda de ventas que llega al 25% en provincias lim\u00edtrofes.<\/strong><\/p>\n\n\n\n<p><\/p>\n\n\n\n<p>El <strong>incremento correr\u00e1 a partir de 1\u00b0 de abril<\/strong> y se debe a la entrada en vigencia de un mecanismo de indexaci\u00f3n mensual de dos impuestos, el de Combustibles L\u00edquidos y el de Di\u00f3xido de Carbono, que ten\u00edan un retraso comprendido entre el tercer trimestre de 2021 y el mismo per\u00edodo del a\u00f1o pasado, cuando fueron congelados.<\/p>\n\n\n\n<p><\/p>\n\n\n\n<p>Ante las reiteradas subas y la ca\u00edda de las ventas, los estacioneros expresaron su preocupaci\u00f3n. El presidente de la Confederaci\u00f3n de Entidades del Comercio de Hidrocarburos de la Argentina (Cecha), Isabelino Rodr\u00edguez, afirm\u00f3 que <strong>es \u201cpreocupante\u201d la ca\u00edda de la demanda.<\/strong><\/p>\n\n\n\n<p><\/p>\n\n\n\n<p>Es que la crisis y la fuerte disparada de los precios de los combustibles provoc\u00f3 una <strong>fuerte ca\u00edda en el consumo<\/strong>, que seg\u00fan datos oficiales, lleg\u00f3 hasta <strong>23% en enero \u00faltimo,<\/strong> aunque hay provincias que limitan con otros pa\u00edses que registraron bajas de hasta 25%.<\/p>\n\n\n\n<p><\/p>\n\n\n\n<p>Por \u00faltimo, llev\u00f3 a muchos automovilistas a tomar la decisi\u00f3n de <strong>pasarse de nafta premium a s\u00faper.<\/strong><\/p>\n\n\n\n<p><\/p>\n\n\n\n<p><em>Fuente: DIB<\/em><\/p>\n","protected":false},"excerpt":{"rendered":"<p>Las ventas cayeron 23% y m\u00e1s consumidores se pasan de premium a s\u00faper. El precio de los combustibles volver\u00e1 a<\/p>\n","protected":false},"author":6,"featured_media":1894,"comment_status":"closed","ping_status":"closed","sticky":false,"template":"","format":"standard","meta":{"_jetpack_memberships_contains_paid_content":false,"footnotes":""},"categories":[6,1],"tags":[],"class_list":["post-112096","post","type-post","status-publish","format-standard","has-post-thumbnail","hentry","category-nacionales","category-portada"],"jetpack_featured_media_url":"https:\/\/i0.wp.com\/cdnoticias.com\/wp-content\/uploads\/2020\/09\/estacion-de-servicio.jpg?fit=1024%2C580&ssl=1","jetpack_sharing_enabled":true,"_links":{"self":[{"href":"https:\/\/cdnoticias.com\/index.php\/wp-json\/wp\/v2\/posts\/112096","targetHints":{"allow":["GET"]}}],"collection":[{"href":"https:\/\/cdnoticias.com\/index.php\/wp-json\/wp\/v2\/posts"}],"about":[{"href":"https:\/\/cdnoticias.com\/index.php\/wp-json\/wp\/v2\/types\/post"}],"author":[{"embeddable":true,"href":"https:\/\/cdnoticias.com\/index.php\/wp-json\/wp\/v2\/users\/6"}],"replies":[{"embeddable":true,"href":"https:\/\/cdnoticias.com\/index.php\/wp-json\/wp\/v2\/comments?post=112096"}],"version-history":[{"count":0,"href":"https:\/\/cdnoticias.com\/index.php\/wp-json\/wp\/v2\/posts\/112096\/revisions"}],"wp:featuredmedia":[{"embeddable":true,"href":"https:\/\/cdnoticias.com\/index.php\/wp-json\/wp\/v2\/media\/1894"}],"wp:attachment":[{"href":"https:\/\/cdnoticias.com\/index.php\/wp-json\/wp\/v2\/media?parent=112096"}],"wp:term":[{"taxonomy":"category","embeddable":true,"href":"https:\/\/cdnoticias.com\/index.php\/wp-json\/wp\/v2\/categories?post=112096"},{"taxonomy":"post_tag","embeddable":true,"href":"https:\/\/cdnoticias.com\/index.php\/wp-json\/wp\/v2\/tags?post=112096"}],"curies":[{"name":"wp","href":"https:\/\/api.w.org\/{rel}","templated":true}]}}