{"id":112094,"date":"2024-03-23T13:02:55","date_gmt":"2024-03-23T16:02:55","guid":{"rendered":"https:\/\/cdnoticias.com\/?p=112094"},"modified":"2024-03-23T13:02:57","modified_gmt":"2024-03-23T16:02:57","slug":"kreplak-dijo-que-comienza-el-peor-momento-del-brote-de-dengue","status":"publish","type":"post","link":"https:\/\/cdnoticias.com\/index.php\/2024\/03\/23\/kreplak-dijo-que-comienza-el-peor-momento-del-brote-de-dengue\/","title":{"rendered":"Kreplak dijo que comienza el \u201cpeor momento\u201d del brote de dengue"},"content":{"rendered":"\n<p>El ministro de Salud bonaerense se\u00f1al\u00f3 que los casos siguen creciendo y las temperaturas no son todav\u00eda tan bajas como para que el mosquito deje de proliferarse.<\/p>\n\n\n\n<hr class=\"wp-block-separator aligncenter has-alpha-channel-opacity\"\/>\n\n\n\n<p>El ministro de Salud bonaerense, <strong>Nicol\u00e1s Kreplak<\/strong>, sostuvo que <strong>el \u201cpeor momento\u201d del brote de dengue ser\u00e1 entre los meses de marzo y abril,<\/strong> y se\u00f1al\u00f3 que desde la Provincia <strong>solicitar\u00e1n tener la vacuna para el a\u00f1o que viene.<\/strong><\/p>\n\n\n\n<p><\/p>\n\n\n\n<p><em>\u201cEsta es una epidemia que su peor momento comienza ahora, en marzo y en abril. De hecho, todav\u00eda seguimos subiendo la cantidad de casos<\/em>\u201d, sostuvo el titular de la cartera sanitaria bonaerense en el marco de una entrevista con El Destape Radio.<\/p>\n\n\n\n<p><\/p>\n\n\n\n<p>Kreplak explic\u00f3 que \u201c<strong>el mosquito es sensible a la temperatura<\/strong>\u201d, pero que <strong><em>\u201cpara que deje de crecer tenemos que tener la temperatura sostenida por debajo de 17 grados, cosa que no est\u00e1 pasando ni va a pasar preferiblemente en las pr\u00f3ximas 4 o 5 semanas por lo menos\u201d.<\/em><\/strong><\/p>\n\n\n\n<p><\/p>\n\n\n\n<blockquote class=\"wp-block-quote is-layout-flow wp-block-quote-is-layout-flow\">\n<p>El ministro se\u00f1al\u00f3 tambi\u00e9n que el dengue se trata de \u201cuna enfermedad de cuidados comunitarios\u201d y que lo que tienen que hacer las autoridades \u201ces hablar de esto, comunicar, hacer mucho trabajo territorial, llegar casa por casa, para trabajar en la prevenci\u00f3n\u201d.<\/p>\n<\/blockquote>\n\n\n\n<p><\/p>\n\n\n\n<p>Adem\u00e1s, explic\u00f3 que<strong> \u201cel 85% de los contagios se producen\u201d en casas.<\/strong> Asimismo, dijo que las autoridades tambi\u00e9n deben \u201corganizar el sistema de respuesta\u201d a la enfermedad.<\/p>\n\n\n\n<p><\/p>\n\n\n\n<p>En cuanto a la <strong>vacuna contra el dengue<\/strong>, se\u00f1al\u00f3 que \u201c<strong><em>es muy segura y ha demostrado eficacia especialmente entre los 4 y los 60 a\u00f1os\u201d.<\/em><\/strong><\/p>\n\n\n\n<p><\/p>\n\n\n\n<blockquote class=\"wp-block-quote is-layout-flow wp-block-quote-is-layout-flow\">\n<p>\u201cLas personas que tienen m\u00e1s riesgo son aquellas que ya han tenido dengue antes, aunque la verdad que el 35% de los casos pueden ser asintom\u00e1ticos entonces no siempre sabemos, y las personas que tienen enfermedades predisponentes\u201d, explic\u00f3.<\/p>\n<\/blockquote>\n\n\n\n<p><\/p>\n\n\n\n<p>Asimismo agreg\u00f3: \u201c<strong>Vamos a hacer todo lo posible para juntar en la provincia de Buenos Aires la informaci\u00f3n epidemiol\u00f3gica para expon\u00e9rsela a la Naci\u00f3n y solicitar que para la pr\u00f3xima epidemia tengamos esta vacuna\u201d<\/strong>.<\/p>\n\n\n\n<p><\/p>\n\n\n\n<p>Kreplak tambi\u00e9n record\u00f3 que la Provincia lanz\u00f3 \u201c<strong>la campa\u00f1a de vacunaci\u00f3n antigripal\u201d<\/strong>. \u201cLa primera parte es para personas mayores, trabajadores de la salud y personas gestantes. En los pr\u00f3ximos d\u00edas se suman los dem\u00e1s grupos\u201d, detall\u00f3.<\/p>\n\n\n\n<p><\/p>\n\n\n\n<p>Adem\u00e1s, cont\u00f3 que \u201cse agreg\u00f3 una nueva vacuna para el Calendario Nacional de Vacunaci\u00f3n, que es la vacuna contra el <strong>Virus Sincicial Respiratorio <\/strong>(VSR)\u201d.<\/p>\n\n\n\n<p><\/p>\n\n\n\n<p>\u201cEs el virus que produce la enorme mayor\u00eda de las bronquiolitis, que es la <strong>principal causa de muerte infantil despu\u00e9s del nacimiento,<\/strong> en los primeros meses de vida hasta los 2 a\u00f1os. Se vacunan todas las mujeres embarazadas entre la semana 32 y la 36 inclusive\u201d cerr\u00f3.<\/p>\n\n\n\n<p><\/p>\n\n\n\n<p><em>Fuente: DIB<\/em><\/p>\n","protected":false},"excerpt":{"rendered":"<p>El ministro de Salud bonaerense se\u00f1al\u00f3 que los casos siguen creciendo y las temperaturas no son todav\u00eda tan bajas como<\/p>\n","protected":false},"author":6,"featured_media":33631,"comment_status":"closed","ping_status":"closed","sticky":false,"template":"","format":"standard","meta":{"_jetpack_memberships_contains_paid_content":false,"footnotes":""},"categories":[6,1],"tags":[],"class_list":["post-112094","post","type-post","status-publish","format-standard","has-post-thumbnail","hentry","category-nacionales","category-portada"],"jetpack_featured_media_url":"https:\/\/i0.wp.com\/cdnoticias.com\/wp-content\/uploads\/2021\/09\/Nicolas-Kreplak.jpg?fit=1280%2C855&ssl=1","jetpack_sharing_enabled":true,"_links":{"self":[{"href":"https:\/\/cdnoticias.com\/index.php\/wp-json\/wp\/v2\/posts\/112094","targetHints":{"allow":["GET"]}}],"collection":[{"href":"https:\/\/cdnoticias.com\/index.php\/wp-json\/wp\/v2\/posts"}],"about":[{"href":"https:\/\/cdnoticias.com\/index.php\/wp-json\/wp\/v2\/types\/post"}],"author":[{"embeddable":true,"href":"https:\/\/cdnoticias.com\/index.php\/wp-json\/wp\/v2\/users\/6"}],"replies":[{"embeddable":true,"href":"https:\/\/cdnoticias.com\/index.php\/wp-json\/wp\/v2\/comments?post=112094"}],"version-history":[{"count":0,"href":"https:\/\/cdnoticias.com\/index.php\/wp-json\/wp\/v2\/posts\/112094\/revisions"}],"wp:featuredmedia":[{"embeddable":true,"href":"https:\/\/cdnoticias.com\/index.php\/wp-json\/wp\/v2\/media\/33631"}],"wp:attachment":[{"href":"https:\/\/cdnoticias.com\/index.php\/wp-json\/wp\/v2\/media?parent=112094"}],"wp:term":[{"taxonomy":"category","embeddable":true,"href":"https:\/\/cdnoticias.com\/index.php\/wp-json\/wp\/v2\/categories?post=112094"},{"taxonomy":"post_tag","embeddable":true,"href":"https:\/\/cdnoticias.com\/index.php\/wp-json\/wp\/v2\/tags?post=112094"}],"curies":[{"name":"wp","href":"https:\/\/api.w.org\/{rel}","templated":true}]}}