{"id":112088,"date":"2024-03-23T11:55:05","date_gmt":"2024-03-23T14:55:05","guid":{"rendered":"https:\/\/cdnoticias.com\/?p=112088"},"modified":"2024-03-23T11:55:09","modified_gmt":"2024-03-23T14:55:09","slug":"maria-nonilde-ruppel-schneider-viuda-de-martinesfsky-nelda-q-e-p-d","status":"publish","type":"post","link":"https:\/\/cdnoticias.com\/index.php\/2024\/03\/23\/maria-nonilde-ruppel-schneider-viuda-de-martinesfsky-nelda-q-e-p-d\/","title":{"rendered":"Mar\u00eda Nonilde Ruppel Schneider viuda de Martinesfsky \u201cNelda\u201d (Q.E.P.D.)"},"content":{"rendered":"\n<p>Falleci\u00f3 en Olavarr\u00eda el 23 de marzo de 2024 a los 89 a\u00f1os.<\/p>\n\n\n\n<p>Sus hijos: Mario y Juan Carlos; sus hijas pol\u00edticas: Ana y Fernanda; sus nietos; sus nietos pol\u00edticos; sus bisnietos y&nbsp; dem\u00e1s deudos participan su fallecimiento.<\/p>\n\n\n\n<p>Sin velatorio. Responso: Cementerio Municipal de Colonia San Miguel. Inhumaci\u00f3n: Cementerio Municipal de Colonia San Miguel, domingo 24 a las 9:30 horas. Servicio adherido a Coopelectric.<\/p>\n\n\n\n<p>Vecina de Colonia San Miguel<\/p>\n\n\n\n<p>Lugar de nacimiento: Colonia San Miguel<\/p>\n\n\n\n<p>Actividad que desarrollaba: Jubilada y Pensionada<\/p>\n","protected":false},"excerpt":{"rendered":"<p>Falleci\u00f3 en Olavarr\u00eda el 23 de marzo de 2024 a los 89 a\u00f1os. Sus hijos: Mario y Juan Carlos; sus<\/p>\n","protected":false},"author":6,"featured_media":100390,"comment_status":"closed","ping_status":"closed","sticky":false,"template":"","format":"standard","meta":{"_jetpack_memberships_contains_paid_content":false,"footnotes":""},"categories":[10],"tags":[],"class_list":["post-112088","post","type-post","status-publish","format-standard","has-post-thumbnail","hentry","category-necrologicas"],"jetpack_featured_media_url":"https:\/\/i0.wp.com\/cdnoticias.com\/wp-content\/uploads\/2023\/10\/necrologicas-390-x-240.jpg?fit=390%2C240&ssl=1","jetpack_sharing_enabled":true,"_links":{"self":[{"href":"https:\/\/cdnoticias.com\/index.php\/wp-json\/wp\/v2\/posts\/112088","targetHints":{"allow":["GET"]}}],"collection":[{"href":"https:\/\/cdnoticias.com\/index.php\/wp-json\/wp\/v2\/posts"}],"about":[{"href":"https:\/\/cdnoticias.com\/index.php\/wp-json\/wp\/v2\/types\/post"}],"author":[{"embeddable":true,"href":"https:\/\/cdnoticias.com\/index.php\/wp-json\/wp\/v2\/users\/6"}],"replies":[{"embeddable":true,"href":"https:\/\/cdnoticias.com\/index.php\/wp-json\/wp\/v2\/comments?post=112088"}],"version-history":[{"count":0,"href":"https:\/\/cdnoticias.com\/index.php\/wp-json\/wp\/v2\/posts\/112088\/revisions"}],"wp:featuredmedia":[{"embeddable":true,"href":"https:\/\/cdnoticias.com\/index.php\/wp-json\/wp\/v2\/media\/100390"}],"wp:attachment":[{"href":"https:\/\/cdnoticias.com\/index.php\/wp-json\/wp\/v2\/media?parent=112088"}],"wp:term":[{"taxonomy":"category","embeddable":true,"href":"https:\/\/cdnoticias.com\/index.php\/wp-json\/wp\/v2\/categories?post=112088"},{"taxonomy":"post_tag","embeddable":true,"href":"https:\/\/cdnoticias.com\/index.php\/wp-json\/wp\/v2\/tags?post=112088"}],"curies":[{"name":"wp","href":"https:\/\/api.w.org\/{rel}","templated":true}]}}