{"id":112082,"date":"2024-03-23T12:04:05","date_gmt":"2024-03-23T15:04:05","guid":{"rendered":"https:\/\/cdnoticias.com\/?p=112082"},"modified":"2024-03-23T18:11:22","modified_gmt":"2024-03-23T21:11:22","slug":"un-hombre-fallecio-tras-un-vuelco-en-la-ruta-60","status":"publish","type":"post","link":"https:\/\/cdnoticias.com\/index.php\/2024\/03\/23\/un-hombre-fallecio-tras-un-vuelco-en-la-ruta-60\/","title":{"rendered":"Un hombre falleci\u00f3 tras un vuelco en la Ruta 60"},"content":{"rendered":"\n<p>En el operativo de emergencia participaron efectivos policiales de Azul, Bomberos Voluntarios y agentes de Polic\u00eda Cient\u00edfica. <\/p>\n\n\n\n<hr class=\"wp-block-separator aligncenter has-alpha-channel-opacity\"\/>\n\n\n\n<p>Este viernes, en un tramo de la Ruta 60 ubicado a unos 2000 metros del cruce con la Ruta Nacional N\u00famero 3, <strong>se registr\u00f3 un tr\u00e1gico accidente de tr\u00e1nsito que cobr\u00f3 la vida de una persona.<\/strong><\/p>\n\n\n\n<p><\/p>\n\n\n\n<p>El incidente tuvo lugar cuando un <strong>autom\u00f3vil Peugeot 307 perdi\u00f3 el control, se despist\u00f3, y volc\u00f3<\/strong> sobre los pr\u00e9stamos de la ruta que estaban inundados por agua.<\/p>\n\n\n\n<p><\/p>\n\n\n\n<blockquote class=\"wp-block-quote is-layout-flow wp-block-quote-is-layout-flow\">\n<p>Como resultado, el conductor identificado como Aguilar German Orlando, de 73 a\u00f1os y con domicilio en Azul, perdi\u00f3 la vida en el lugar del siniestro.<\/p>\n<\/blockquote>\n\n\n\n<p><\/p>\n\n\n\n<p>En el operativo de emergencia participaron<strong> efectivos policiales de Azul y Bomberos Voluntarios, <\/strong>quienes realizaron labores de rescate para liberar a la persona atrapada dentro del veh\u00edculo.<\/p>\n\n\n\n<p><\/p>\n\n\n\n<p>Adem\u00e1s, se cont\u00f3 con la presencia de agentes de la <strong>Polic\u00eda Cient\u00edfica <\/strong>para realizar las pericias correspondientes.<\/p>\n\n\n\n<p><\/p>\n\n\n\n<p>La causa del accidente est\u00e1 siendo investigada bajo la car\u00e1tula de &#8220;<strong>muerte por accidente<\/strong>&#8220;, con intervenci\u00f3n de la Unidad Fiscal de Instrucci\u00f3n en turno del departamento judicial de Azul.<\/p>\n\n\n\n<p><\/p>\n\n\n\n<p><em>Fuente: Noticias de Azul<\/em><\/p>\n","protected":false},"excerpt":{"rendered":"<p>En el operativo de emergencia participaron efectivos policiales de Azul, Bomberos Voluntarios y agentes de Polic\u00eda Cient\u00edfica. Este viernes, en<\/p>\n","protected":false},"author":6,"featured_media":112083,"comment_status":"closed","ping_status":"closed","sticky":false,"template":"","format":"standard","meta":{"_jetpack_memberships_contains_paid_content":false,"footnotes":""},"categories":[14,1],"tags":[],"class_list":["post-112082","post","type-post","status-publish","format-standard","has-post-thumbnail","hentry","category-policiales","category-portada"],"jetpack_featured_media_url":"https:\/\/i0.wp.com\/cdnoticias.com\/wp-content\/uploads\/2024\/03\/azul-choque.webp?fit=700%2C424&ssl=1","jetpack_sharing_enabled":true,"_links":{"self":[{"href":"https:\/\/cdnoticias.com\/index.php\/wp-json\/wp\/v2\/posts\/112082","targetHints":{"allow":["GET"]}}],"collection":[{"href":"https:\/\/cdnoticias.com\/index.php\/wp-json\/wp\/v2\/posts"}],"about":[{"href":"https:\/\/cdnoticias.com\/index.php\/wp-json\/wp\/v2\/types\/post"}],"author":[{"embeddable":true,"href":"https:\/\/cdnoticias.com\/index.php\/wp-json\/wp\/v2\/users\/6"}],"replies":[{"embeddable":true,"href":"https:\/\/cdnoticias.com\/index.php\/wp-json\/wp\/v2\/comments?post=112082"}],"version-history":[{"count":0,"href":"https:\/\/cdnoticias.com\/index.php\/wp-json\/wp\/v2\/posts\/112082\/revisions"}],"wp:featuredmedia":[{"embeddable":true,"href":"https:\/\/cdnoticias.com\/index.php\/wp-json\/wp\/v2\/media\/112083"}],"wp:attachment":[{"href":"https:\/\/cdnoticias.com\/index.php\/wp-json\/wp\/v2\/media?parent=112082"}],"wp:term":[{"taxonomy":"category","embeddable":true,"href":"https:\/\/cdnoticias.com\/index.php\/wp-json\/wp\/v2\/categories?post=112082"},{"taxonomy":"post_tag","embeddable":true,"href":"https:\/\/cdnoticias.com\/index.php\/wp-json\/wp\/v2\/tags?post=112082"}],"curies":[{"name":"wp","href":"https:\/\/api.w.org\/{rel}","templated":true}]}}