{"id":112058,"date":"2024-03-22T20:28:59","date_gmt":"2024-03-22T23:28:59","guid":{"rendered":"https:\/\/cdnoticias.com\/?p=112058"},"modified":"2024-03-23T12:04:43","modified_gmt":"2024-03-23T15:04:43","slug":"sorprendieron-a-un-adolescente-robando-una-moto","status":"publish","type":"post","link":"https:\/\/cdnoticias.com\/index.php\/2024\/03\/22\/sorprendieron-a-un-adolescente-robando-una-moto\/","title":{"rendered":"Sorprendieron a un adolescente robando una moto"},"content":{"rendered":"\n<p>Fue en Merlo al 2700. Sin violencia, se la llev\u00f3 de un domicilio de esa zona y fue sorprendido por personal policial mientras llevaba el veh\u00edculo a tiro.<\/p>\n\n\n\n<hr class=\"wp-block-separator aligncenter has-alpha-channel-opacity\"\/>\n\n\n\n<p>Este viernes, <strong>un adolescente de 17 a\u00f1os fue imputado tras ser sorprendido mientras se llevaba una moto \u201ca tiro\u201d que hab\u00eda robado de un domicilio en Merlo al 2700.<\/strong><\/p>\n\n\n\n<p>Seg\u00fan inform\u00f3 personal de Polic\u00eda Local, <strong>el adolescente llevaba una moto Mondial gris que, al ser consultado por la procedencia \u201cno pudo acreditar propiedad ni responder su procedencia\u201d por lo que lo retuvieron en el lugar.<\/strong><\/p>\n\n\n\n<p>Minutos despu\u00e9s dieron cuenta que era<strong> la moto de una vecina de la zona \u2013en Rufino Fal al 2000- que la hab\u00edan robado \u201csin violencia de domicilio\u201d.<\/strong><\/p>\n\n\n\n<p>En el lugar se hizo presente la madre del adolescente, los dos fueron trasladados a Comisar\u00eda Primera donde desde la UFI N\u00b017 s<strong>e le comunic\u00f3 la formaci\u00f3n de causa y luego el adolescente fue liberado a cargo de su progenitora.<\/strong><\/p>\n\n\n\n<p>La causa est\u00e1 caratulada como<em><strong> \u201churto in fraganti delito\u201d.<\/strong><\/em><\/p>\n","protected":false},"excerpt":{"rendered":"<p>Fue en Merlo al 2700. Sin violencia, se la llev\u00f3 de un domicilio de esa zona y fue sorprendido por<\/p>\n","protected":false},"author":2,"featured_media":112059,"comment_status":"closed","ping_status":"closed","sticky":false,"template":"","format":"standard","meta":{"_jetpack_memberships_contains_paid_content":false,"footnotes":""},"categories":[14,1],"tags":[],"class_list":["post-112058","post","type-post","status-publish","format-standard","has-post-thumbnail","hentry","category-policiales","category-portada"],"jetpack_featured_media_url":"https:\/\/i0.wp.com\/cdnoticias.com\/wp-content\/uploads\/2024\/03\/WhatsApp-Image-2024-03-22-at-12.06.16.jpeg?fit=900%2C606&ssl=1","jetpack_sharing_enabled":true,"_links":{"self":[{"href":"https:\/\/cdnoticias.com\/index.php\/wp-json\/wp\/v2\/posts\/112058","targetHints":{"allow":["GET"]}}],"collection":[{"href":"https:\/\/cdnoticias.com\/index.php\/wp-json\/wp\/v2\/posts"}],"about":[{"href":"https:\/\/cdnoticias.com\/index.php\/wp-json\/wp\/v2\/types\/post"}],"author":[{"embeddable":true,"href":"https:\/\/cdnoticias.com\/index.php\/wp-json\/wp\/v2\/users\/2"}],"replies":[{"embeddable":true,"href":"https:\/\/cdnoticias.com\/index.php\/wp-json\/wp\/v2\/comments?post=112058"}],"version-history":[{"count":0,"href":"https:\/\/cdnoticias.com\/index.php\/wp-json\/wp\/v2\/posts\/112058\/revisions"}],"wp:featuredmedia":[{"embeddable":true,"href":"https:\/\/cdnoticias.com\/index.php\/wp-json\/wp\/v2\/media\/112059"}],"wp:attachment":[{"href":"https:\/\/cdnoticias.com\/index.php\/wp-json\/wp\/v2\/media?parent=112058"}],"wp:term":[{"taxonomy":"category","embeddable":true,"href":"https:\/\/cdnoticias.com\/index.php\/wp-json\/wp\/v2\/categories?post=112058"},{"taxonomy":"post_tag","embeddable":true,"href":"https:\/\/cdnoticias.com\/index.php\/wp-json\/wp\/v2\/tags?post=112058"}],"curies":[{"name":"wp","href":"https:\/\/api.w.org\/{rel}","templated":true}]}}