{"id":112056,"date":"2024-03-22T19:32:16","date_gmt":"2024-03-22T22:32:16","guid":{"rendered":"https:\/\/cdnoticias.com\/?p=112056"},"modified":"2024-03-22T19:32:19","modified_gmt":"2024-03-22T22:32:19","slug":"cuando-la-desidia-es-tan-grande-como-el-no-saber","status":"publish","type":"post","link":"https:\/\/cdnoticias.com\/index.php\/2024\/03\/22\/cuando-la-desidia-es-tan-grande-como-el-no-saber\/","title":{"rendered":"Cuando la desidia es tan grande como el no saber"},"content":{"rendered":"\n<p>El arquitecto Jos\u00e9 Luis Argui\u00f1ena emiti\u00f3 una nota de opini\u00f3n tras las fuertes lluvias que generaron anegamientos, halag\u00f3 al secretario de Obras P\u00fablicas Orfel Fari\u00f1a y critic\u00f3 duramente a Hilario Galli, ex funcionario y actual concejal.<\/p>\n\n\n\n<hr class=\"wp-block-separator aligncenter has-alpha-channel-opacity\"\/>\n\n\n\n<p>Nota de opini\u00f3n | Jos\u00e9 Luis Argui\u00f1ena &#8211; Arquitecto (Mat. CAPBA 16704)<\/p>\n\n\n\n<p>Todo el mundo sabe que peronista no soy ni lo ser\u00e9 jam\u00e1s. Ahora tengo que reconocer que al fin alguien (Secretario de Obras Publicas de Olavarr\u00eda) dice lo que vengo sosteniendo hace muchos a\u00f1os.<\/p>\n\n\n\n<p>El ejemplo f\u00e1cil para que lo entienda todo el mundo es: si construyo una casa de 100 m\u00b2 donde viven tres personas y tengo un solo ca\u00f1o de desag\u00fce, despu\u00e9s no se puede tener una casa de 200 m\u00b2 donde viven 6 personas y sigo teniendo el mismo ca\u00f1o de desag\u00fce. Es l\u00f3gico que por lo menos tenga dos ca\u00f1os m\u00e1s.<\/p>\n\n\n\n<p>Esto mismo pasa en la ciudad. Si los ca\u00f1os de la ciudad fueron colocados cuando la ciudad ten\u00eda 20.000 hab. y pocas cuadras de desarrollo, no podemos pretender que los mismos sirvan para una ciudad de 130.000 hab. y con un desarrollo no planificado.<\/p>\n\n\n\n<p>Dicho esto, quiero felicitar p\u00fablicamente al Ing. Orfel Fari\u00f1a por sus palabras<\/p>\n\n\n\n<p>\u201cOrfel Fari\u00f1a: Aboga por un cambio de enfoque frente a anegamientos<\/p>\n\n\n\n<p>Fari\u00f1a resalt\u00f3 la naturaleza multicausal de la situaci\u00f3n, atribuyendo los anegamientos a diversos factores como la inusual cantidad de lluvia, el crecimiento urbano y la capacidad limitada de los sistemas de desag\u00fce. Subray\u00f3 la importancia de considerar cada sector de la ciudad y sus particularidades para implementar medidas adecuadas.<\/p>\n\n\n\n<p>En relaci\u00f3n con los desag\u00fces, Fari\u00f1a destac\u00f3 que los grandes conductos son relativamente pocos y sujetos a intervenci\u00f3n, pero la red de desag\u00fce en su conjunto presenta desaf\u00edos significativos debido a su secci\u00f3n peque\u00f1a.<\/p>\n\n\n\n<p>Fari\u00f1a enfatiz\u00f3 la necesidad de adaptar estrategias y fortalecer la infraestructura para enfrentar los anegamientos, reconociendo la complejidad y la multicausalidad del problema\u201d.<\/p>\n\n\n\n<p>Ahora voy a aclarar algo sobre la desidia y el no saber. Como le dije alguna vez al ex intendente Jos\u00e9 Eseverri y sus concejales de entonces, cuando est\u00e1bamos viendo una posible Ordenanza de rivera (arroyo); la rivera es de sendos lados y el arroyo es todo lo que pasa por la ciudad o partido.&nbsp;<\/p>\n\n\n\n<p>Dicho esto, quiero refutar las palabras del actual concejal Hilario Galli (ex representante del ejecutivo municipal.<\/p>\n\n\n\n<p>Hilario Galli: LA MENTIRA COMO BANDERA<\/p>\n\n\n\n<p>\u201cA lo largo de los 8 a\u00f1os de gesti\u00f3n de Ezequiel Galli se ha mantenido una pol\u00edtica de gesti\u00f3n hidr\u00e1ulica concreta y activa.<\/p>\n\n\n\n<p>Con obras mayores como el encauzamiento del arroyo Tapalqu\u00e9 hasta limpieza de canales y sumideros, trabajos constantes que permitieron que las calles no se abnegaran como vimos estos \u00faltimos meses. Siempre hay que prevenir\u201d.<\/p>\n\n\n\n<p>Esto apareci\u00f3 hace unos d\u00edas, en la red social X del actual concejal, incluidas las fotos. Parece que no tiene muchas fotos de hidr\u00e1ulica, \u00bfporque ser\u00e1?<\/p>\n\n\n\n<p>Quiero decirle a la comunidad que esto es mentira. Yo, personalmente cuando fui concejal durante el periodo 2015-2019, discut\u00ed e hice ver que no se estaban haciendo bien las cosas en hidr\u00e1ulica. De hecho, me canse de decir que el arroyo no era solamente de Estudiantes a la ruta nacional 226, que tambi\u00e9n la parte hidr\u00e1ulica del arroyo es todo lo que pasa por el Partido m\u00e1s todos sus canales afluentes (chicos y grandes). Si no se hac\u00eda la limpieza peri\u00f3dica de todo este conjunto a la corta tendr\u00edamos problemas. Ejemplo: si a un ca\u00f1o lo limpiamos en el centro de su desarrollo y no en la punta o en el final se tapar\u00e1. Por cosas como esta de no callarme lo que estaba mal es que dur\u00e9 4 a\u00f1os nada m\u00e1s (obvio porque no solamente \u201cdiscut\u00eda\u201d con la oposici\u00f3n).<\/p>\n\n\n\n<p>Hecho todo este racconto hist\u00f3rico, quiero decir lo siguiente y lo que explicar\u00e9 no es por los anegamientos que existieron en estos d\u00edas por los temporales de lluvia que azotaron a nuestra ciudad (lo vengo diciendo hace muchos a\u00f1os y el que me conoce en lo profesional sabe que es as\u00ed). En Olavarr\u00eda deber\u00eda hacerse con urgencia por lo menos una cosa fundamental, un estudio urbano por especialistas de todo el partido (no solo de la ciudad) y \u00bfpor qu\u00e9 digo esto? toda ciudad cuando ronda los 100.000 hab. debe tener un estudio de, por ejemplo, c\u00f3mo ha crecido y c\u00f3mo debe seguir creciendo la ciudad. Esto implica un mont\u00f3n de cosas, entre ellos la infraestructura de la ciudad (ca\u00f1os pluviales, ca\u00f1er\u00edas de cloacas, agua, gas, sistemas de electricidad, muy da\u00f1ados estos \u00faltimos tambi\u00e9n en las tormentas pasadas, cableados p\u00fablicos en general, etc.) y muchas otras cosas que hacen al buen desarrollo de una ciudad que no tienen que ver con este tema que nos ata\u00f1e ahora.<\/p>\n\n\n\n<p>A mi modesto entender, esto deber\u00eda ser una \u201ccuesti\u00f3n de Estado\u201d y no tendr\u00eda que cambiar seg\u00fan cambie el gobierno de turno. El desarrollo de infraestructura en la ciudad est\u00e1 colapsando desde hace a\u00f1os, en varios lados de la ciudad. Las ca\u00f1er\u00edas y sumideros no dan abasto porque las personas tiramos mugre en la calle y esto va a las bocas de tormenta y estas a su vez est\u00e1n dise\u00f1ada y calculadas, al igual que los ca\u00f1os para una ciudad de 30.000 hab, no de 130.000 hab.<\/p>\n\n\n\n<p>Creo firmemente en defender y decir cuando las cosas se hacen bien y tambi\u00e9n cuando se hacen mal. A m\u00ed no me importa en esto el color pol\u00edtico. Entiendo y soy consciente que todo lo que es infraestructura tiene un costo elevad\u00edsimo. Ahora, si se hace teniendo en cuenta el pasar de los gobiernos (continuidad) ese costo no se har\u00eda tan pesado (a esto me refiero con Cuesti\u00f3n de Estado) y no es cuesti\u00f3n de regalar a los ciudadanos porque antes no se regalaba, se pagaba entre todos para poder volver a hacer otra obra y m\u00e1s con los costos y la realidad argentina de los \u00faltimos 20 a\u00f1os por lo menos.<\/p>\n\n\n\n<p>\u201cLas cosas son m\u00e1s baratas si se hacen bien de movida, si se hacen mal son m\u00e1s caras porque hay que romper y volver a hacer\u201d, esto se aplica a cualquier cosa en la vida, pero m\u00e1s a la construcci\u00f3n. El ejemplo que las cosas no salen m\u00e1s caras cuando se hacen bien que tenemos los olavarrienses es la pol\u00edtica de hidr\u00e1ulica que se tuvo como ciudad hasta el 2015, de hecho, recuerdo una charla que tuvimos junto al Ingeniero Guenzatti con personas de la ciudad de Tapalqu\u00e9 en la Sociedad Rural de dicha ciudad, donde fuimos a exponer los trabajos que se hicieron en nuestra localidad.<\/p>\n\n\n\n<p>La ciudad no es de una fuerza pol\u00edtica o de otra. Podr\u00e1 gobernar un tiempo m\u00e1s largo o m\u00e1s corto alguien, pero la ciudad es para todos y de todos y las cosas hay que hacerlas para ahora pero tambi\u00e9n para que duren.&nbsp;<\/p>\n","protected":false},"excerpt":{"rendered":"<p>El arquitecto Jos\u00e9 Luis Argui\u00f1ena emiti\u00f3 una nota de opini\u00f3n tras las fuertes lluvias que generaron anegamientos, halag\u00f3 al secretario<\/p>\n","protected":false},"author":2,"featured_media":111790,"comment_status":"closed","ping_status":"closed","sticky":false,"template":"","format":"standard","meta":{"_jetpack_memberships_contains_paid_content":false,"footnotes":""},"categories":[5],"tags":[],"class_list":["post-112056","post","type-post","status-publish","format-standard","has-post-thumbnail","hentry","category-informacion-general"],"jetpack_featured_media_url":"https:\/\/i0.wp.com\/cdnoticias.com\/wp-content\/uploads\/2024\/03\/WhatsApp-Image-2024-03-19-at-14.23.12.jpeg?fit=1232%2C820&ssl=1","jetpack_sharing_enabled":true,"_links":{"self":[{"href":"https:\/\/cdnoticias.com\/index.php\/wp-json\/wp\/v2\/posts\/112056","targetHints":{"allow":["GET"]}}],"collection":[{"href":"https:\/\/cdnoticias.com\/index.php\/wp-json\/wp\/v2\/posts"}],"about":[{"href":"https:\/\/cdnoticias.com\/index.php\/wp-json\/wp\/v2\/types\/post"}],"author":[{"embeddable":true,"href":"https:\/\/cdnoticias.com\/index.php\/wp-json\/wp\/v2\/users\/2"}],"replies":[{"embeddable":true,"href":"https:\/\/cdnoticias.com\/index.php\/wp-json\/wp\/v2\/comments?post=112056"}],"version-history":[{"count":0,"href":"https:\/\/cdnoticias.com\/index.php\/wp-json\/wp\/v2\/posts\/112056\/revisions"}],"wp:featuredmedia":[{"embeddable":true,"href":"https:\/\/cdnoticias.com\/index.php\/wp-json\/wp\/v2\/media\/111790"}],"wp:attachment":[{"href":"https:\/\/cdnoticias.com\/index.php\/wp-json\/wp\/v2\/media?parent=112056"}],"wp:term":[{"taxonomy":"category","embeddable":true,"href":"https:\/\/cdnoticias.com\/index.php\/wp-json\/wp\/v2\/categories?post=112056"},{"taxonomy":"post_tag","embeddable":true,"href":"https:\/\/cdnoticias.com\/index.php\/wp-json\/wp\/v2\/tags?post=112056"}],"curies":[{"name":"wp","href":"https:\/\/api.w.org\/{rel}","templated":true}]}}