{"id":112053,"date":"2024-03-22T19:21:48","date_gmt":"2024-03-22T22:21:48","guid":{"rendered":"https:\/\/cdnoticias.com\/?p=112053"},"modified":"2024-03-22T19:21:51","modified_gmt":"2024-03-22T22:21:51","slug":"motos-retenidas-por-distintas-infracciones-a-la-ley-de-transito","status":"publish","type":"post","link":"https:\/\/cdnoticias.com\/index.php\/2024\/03\/22\/motos-retenidas-por-distintas-infracciones-a-la-ley-de-transito\/","title":{"rendered":"Motos retenidas por distintas infracciones a la Ley de Tr\u00e1nsito"},"content":{"rendered":"\n<p>Entre las infracciones se encontraron la circulaci\u00f3n a contramano, realizaci\u00f3n de picadas e inclusive el caso de un infractor que cruz\u00f3 en rojo un sem\u00e1foro.<\/p>\n\n\n\n<hr class=\"wp-block-separator aligncenter has-alpha-channel-opacity\"\/>\n\n\n\n<p>La Subsecretar\u00eda de Protecci\u00f3n Ciudadana contin\u00faa con las <strong>tareas preventivas en materia de seguridad vial <\/strong>en distintos puntos de la ciudad y el Partido.<\/p>\n\n\n\n<p><\/p>\n\n\n\n<p>En ese marco, en las \u00faltimas horas se llev\u00f3 a cabo la <strong>retenci\u00f3n de varios ciclomotores <\/strong>debido a distintas <strong>infracciones a la Ley de Tr\u00e1nsito.<\/strong><\/p>\n\n\n\n<p><\/p>\n\n\n\n<blockquote class=\"wp-block-quote is-layout-flow wp-block-quote-is-layout-flow\">\n<p>Se detall\u00f3 que se detect\u00f3, por ejemplo, la circulaci\u00f3n a contramano, realizaci\u00f3n de picadas e inclusive el caso de un infractor que cruz\u00f3 en rojo el sem\u00e1foro de avenida De los Trabajadores y Lamadrid.<\/p>\n<\/blockquote>\n\n\n\n<p><\/p>\n\n\n\n<p>A la par, en cada uno de esos casos se constat\u00f3 adem\u00e1s que <strong>no contaban con la documentaci\u00f3n habilitante y obligatoria.<\/strong> Las actuaciones iniciadas fueron puestas a disposici\u00f3n del Juzgado de Faltas Municipal.<\/p>\n","protected":false},"excerpt":{"rendered":"<p>Entre las infracciones se encontraron la circulaci\u00f3n a contramano, realizaci\u00f3n de picadas e inclusive el caso de un infractor que<\/p>\n","protected":false},"author":6,"featured_media":112054,"comment_status":"closed","ping_status":"closed","sticky":false,"template":"","format":"standard","meta":{"_jetpack_memberships_contains_paid_content":false,"footnotes":""},"categories":[14,1],"tags":[],"class_list":["post-112053","post","type-post","status-publish","format-standard","has-post-thumbnail","hentry","category-policiales","category-portada"],"jetpack_featured_media_url":"https:\/\/i0.wp.com\/cdnoticias.com\/wp-content\/uploads\/2024\/03\/motos-retenidas-infracciones.png?fit=985%2C529&ssl=1","jetpack_sharing_enabled":true,"_links":{"self":[{"href":"https:\/\/cdnoticias.com\/index.php\/wp-json\/wp\/v2\/posts\/112053","targetHints":{"allow":["GET"]}}],"collection":[{"href":"https:\/\/cdnoticias.com\/index.php\/wp-json\/wp\/v2\/posts"}],"about":[{"href":"https:\/\/cdnoticias.com\/index.php\/wp-json\/wp\/v2\/types\/post"}],"author":[{"embeddable":true,"href":"https:\/\/cdnoticias.com\/index.php\/wp-json\/wp\/v2\/users\/6"}],"replies":[{"embeddable":true,"href":"https:\/\/cdnoticias.com\/index.php\/wp-json\/wp\/v2\/comments?post=112053"}],"version-history":[{"count":0,"href":"https:\/\/cdnoticias.com\/index.php\/wp-json\/wp\/v2\/posts\/112053\/revisions"}],"wp:featuredmedia":[{"embeddable":true,"href":"https:\/\/cdnoticias.com\/index.php\/wp-json\/wp\/v2\/media\/112054"}],"wp:attachment":[{"href":"https:\/\/cdnoticias.com\/index.php\/wp-json\/wp\/v2\/media?parent=112053"}],"wp:term":[{"taxonomy":"category","embeddable":true,"href":"https:\/\/cdnoticias.com\/index.php\/wp-json\/wp\/v2\/categories?post=112053"},{"taxonomy":"post_tag","embeddable":true,"href":"https:\/\/cdnoticias.com\/index.php\/wp-json\/wp\/v2\/tags?post=112053"}],"curies":[{"name":"wp","href":"https:\/\/api.w.org\/{rel}","templated":true}]}}