{"id":11204,"date":"2021-01-11T20:11:33","date_gmt":"2021-01-11T23:11:33","guid":{"rendered":"http:\/\/www.centraldenoticias.com.ar\/?p=11204"},"modified":"2021-01-11T20:11:33","modified_gmt":"2021-01-11T23:11:33","slug":"cerca-de-44-500-personas-ya-recibieron-la-vacuna-en-la-provincia","status":"publish","type":"post","link":"https:\/\/cdnoticias.com\/index.php\/2021\/01\/11\/cerca-de-44-500-personas-ya-recibieron-la-vacuna-en-la-provincia\/","title":{"rendered":"Cerca de 44.500 personas ya recibieron la vacuna en la Provincia"},"content":{"rendered":"<p>Son trabajadores y trabajadoras de la salud que obtuvieron la primera dosis de la Sputnik V.<!--more--><\/p>\n<hr \/>\n<p>Con<strong> 44.435 trabajadores y trabajadoras de la salud<\/strong> que recibieron la primera dosis, el Plan P\u00fablico, Gratuito y Optativo de Vacunaci\u00f3n contra el Covid-19 ya se despliega en los 135 municipios de la provincia de Buenos Aires.<\/p>\n<p><strong><em>\u201cEstamos trabajando para acelerar el proceso de vacunaci\u00f3n y, al mismo tiempo, para concientizar a todos los y las bonaerenses acerca de la necesidad de seguir cuid\u00e1ndonos\u201d<\/em><\/strong>, asegur\u00f3 el gobernador <strong>Axel Kicillof<\/strong> en declaraciones a la prensa, y agreg\u00f3: <em>\u201cNo podemos relajarnos y descuidarnos ahora que contamos con la tecnolog\u00eda necesaria y con un horizonte mucho m\u00e1s cercano para lograr la inmunidad frente al coronavirus\u201d.<\/em><\/p>\n<p>Asimismo, se prev\u00e9 para el <strong>14 de enero <\/strong>un nuevo vuelo de Aerol\u00edneas Argentinas hacia la ciudad de Mosc\u00fa para que pronto pueda distribuirse la <strong>segunda dosis del primer lote de vacunas Sputnik V<\/strong> que adquiri\u00f3 el Gobierno Nacional.<\/p>\n<p>En esta primera fase, el plan provincial de vacunaci\u00f3n est\u00e1 dirigido al personal del sistema de salud p\u00fablico y privado con mayor exposici\u00f3n ante el virus.<\/p>\n<p>&nbsp;<\/p>\n<p>No obstante, todos los mayores de 18 a\u00f1os deben registrarse en el sitio <a href=\"https:\/\/vacunatepba.gba.gob.ar\/\" target=\"_blank\" rel=\"noopener\">www.vacunatepba.gba.gob.ar<\/a> para poder recibir informaci\u00f3n de la campa\u00f1a y aguardar los turnos en las siguientes etapas.<\/p>\n","protected":false},"excerpt":{"rendered":"<p>Son trabajadores y trabajadoras de la salud que obtuvieron la primera dosis de la Sputnik V.<\/p>\n","protected":false},"author":5,"featured_media":10426,"comment_status":"closed","ping_status":"closed","sticky":false,"template":"","format":"standard","meta":{"_jetpack_memberships_contains_paid_content":false,"footnotes":""},"categories":[6,1],"tags":[],"class_list":["post-11204","post","type-post","status-publish","format-standard","has-post-thumbnail","hentry","category-nacionales","category-portada"],"jetpack_featured_media_url":"https:\/\/i0.wp.com\/cdnoticias.com\/wp-content\/uploads\/2021\/01\/vacuna-covid-8.jpeg?fit=1232%2C816&ssl=1","jetpack_sharing_enabled":true,"_links":{"self":[{"href":"https:\/\/cdnoticias.com\/index.php\/wp-json\/wp\/v2\/posts\/11204","targetHints":{"allow":["GET"]}}],"collection":[{"href":"https:\/\/cdnoticias.com\/index.php\/wp-json\/wp\/v2\/posts"}],"about":[{"href":"https:\/\/cdnoticias.com\/index.php\/wp-json\/wp\/v2\/types\/post"}],"author":[{"embeddable":true,"href":"https:\/\/cdnoticias.com\/index.php\/wp-json\/wp\/v2\/users\/5"}],"replies":[{"embeddable":true,"href":"https:\/\/cdnoticias.com\/index.php\/wp-json\/wp\/v2\/comments?post=11204"}],"version-history":[{"count":0,"href":"https:\/\/cdnoticias.com\/index.php\/wp-json\/wp\/v2\/posts\/11204\/revisions"}],"wp:featuredmedia":[{"embeddable":true,"href":"https:\/\/cdnoticias.com\/index.php\/wp-json\/wp\/v2\/media\/10426"}],"wp:attachment":[{"href":"https:\/\/cdnoticias.com\/index.php\/wp-json\/wp\/v2\/media?parent=11204"}],"wp:term":[{"taxonomy":"category","embeddable":true,"href":"https:\/\/cdnoticias.com\/index.php\/wp-json\/wp\/v2\/categories?post=11204"},{"taxonomy":"post_tag","embeddable":true,"href":"https:\/\/cdnoticias.com\/index.php\/wp-json\/wp\/v2\/tags?post=11204"}],"curies":[{"name":"wp","href":"https:\/\/api.w.org\/{rel}","templated":true}]}}